{"id":9434,"date":"2025-09-30T08:00:37","date_gmt":"2025-09-30T08:00:37","guid":{"rendered":"https:\/\/fundacioferrermusica.org\/?p=9434"},"modified":"2025-09-30T08:58:10","modified_gmt":"2025-09-30T08:58:10","slug":"abrimos-las-primeras-becas-de-composicion-para-el-talento-joven-junto-a-la-federacio-de-joventuts-musicals-de-catalunya","status":"publish","type":"post","link":"https:\/\/fundacioferrermusica.org\/es\/abrimos-las-primeras-becas-de-composicion-para-el-talento-joven-junto-a-la-federacio-de-joventuts-musicals-de-catalunya\/","title":{"rendered":"Abrimos las primeras Becas de Composici\u00f3n para el talento joven junto a la Federaci\u00f3 de Joventuts Musicals de Catalunya\u200b"},"content":{"rendered":"\t\t<div data-elementor-type=\"wp-post\" data-elementor-id=\"9434\" class=\"elementor elementor-9434 elementor-9432\" data-elementor-post-type=\"post\">\n\t\t\t\t\t\t<section class=\"elementor-section elementor-top-section elementor-element elementor-element-6999563 elementor-section-full_width top-title elementor-section-height-default elementor-section-height-default\" data-id=\"6999563\" data-element_type=\"section\" data-e-type=\"section\">\n\t\t\t\t\t\t<div class=\"elementor-container elementor-column-gap-default\">\n\t\t\t\t\t<div class=\"elementor-column elementor-col-100 elementor-top-column elementor-element elementor-element-b778990\" data-id=\"b778990\" data-element_type=\"column\" data-e-type=\"column\">\n\t\t\t<div class=\"elementor-widget-wrap elementor-element-populated\">\n\t\t\t\t\t\t<div class=\"elementor-element elementor-element-5f43cab elementor-widget elementor-widget-heading\" data-id=\"5f43cab\" data-element_type=\"widget\" data-e-type=\"widget\" data-widget_type=\"heading.default\">\n\t\t\t\t<div class=\"elementor-widget-container\">\n\t\t\t\t\t<h1 class=\"elementor-heading-title elementor-size-default\">Abrimos las primeras Becas de Composici\u00f3n para el talento joven junto a la Federaci\u00f3 de Joventuts Musicals de Catalunya<\/h1>\t\t\t\t<\/div>\n\t\t\t\t<\/div>\n\t\t\t\t\t<\/div>\n\t\t<\/div>\n\t\t\t\t\t<\/div>\n\t\t<\/section>\n\t\t\t\t<section class=\"elementor-section elementor-top-section elementor-element elementor-element-53bf974 elementor-section-full_width elementor-section-height-default elementor-section-height-default\" data-id=\"53bf974\" data-element_type=\"section\" data-e-type=\"section\">\n\t\t\t\t\t\t<div class=\"elementor-container elementor-column-gap-default\">\n\t\t\t\t\t<div class=\"elementor-column elementor-col-50 elementor-top-column elementor-element elementor-element-d2d2b77\" data-id=\"d2d2b77\" data-element_type=\"column\" data-e-type=\"column\">\n\t\t\t<div class=\"elementor-widget-wrap elementor-element-populated\">\n\t\t\t\t\t\t<div class=\"elementor-element elementor-element-2d94be3 elementor-widget elementor-widget-image\" data-id=\"2d94be3\" data-element_type=\"widget\" data-e-type=\"widget\" data-widget_type=\"image.default\">\n\t\t\t\t<div class=\"elementor-widget-container\">\n\t\t\t\t\t\t\t\t\t\t\t\t\t\t\t<img fetchpriority=\"high\" decoding=\"async\" width=\"500\" height=\"348\" src=\"https:\/\/fundacioferrermusica.org\/wp-content\/uploads\/2025\/09\/Frame-8-2-e1764770221407.png\" class=\"attachment-large size-large wp-image-9492\" alt=\"\" srcset=\"https:\/\/fundacioferrermusica.org\/wp-content\/uploads\/2025\/09\/Frame-8-2-e1764770221407.png 500w, https:\/\/fundacioferrermusica.org\/wp-content\/uploads\/2025\/09\/Frame-8-2-e1764770221407-300x209.png 300w\" sizes=\"(max-width: 500px) 100vw, 500px\" \/>\t\t\t\t\t\t\t\t\t\t\t\t\t\t\t<\/div>\n\t\t\t\t<\/div>\n\t\t\t\t\t<\/div>\n\t\t<\/div>\n\t\t\t\t<div class=\"elementor-column elementor-col-50 elementor-top-column elementor-element elementor-element-a98c464\" data-id=\"a98c464\" data-element_type=\"column\" data-e-type=\"column\">\n\t\t\t<div class=\"elementor-widget-wrap elementor-element-populated\">\n\t\t\t\t\t\t<div class=\"elementor-element elementor-element-5abb12b elementor-widget elementor-widget-heading\" data-id=\"5abb12b\" data-element_type=\"widget\" data-e-type=\"widget\" data-widget_type=\"heading.default\">\n\t\t\t\t<div class=\"elementor-widget-container\">\n\t\t\t\t\t<h2 class=\"elementor-heading-title elementor-size-default\">La Fundaci\u00f3 Ferrer de M\u00fasica, en colaboraci\u00f3n con la Federaci\u00f3n de Joventuts Musicals de Catalunya, lanza una convocatoria de cuatro becas de composici\u00f3n de 25.000 \u20ac cada una para apoyar el talento emergente y fomentar la creaci\u00f3n musical contempor\u00e1nea.<\/h2>\t\t\t\t<\/div>\n\t\t\t\t<\/div>\n\t\t\t\t<div class=\"elementor-element elementor-element-f5a53bc elementor-widget elementor-widget-text-editor\" data-id=\"f5a53bc\" data-element_type=\"widget\" data-e-type=\"widget\" data-widget_type=\"text-editor.default\">\n\t\t\t\t<div class=\"elementor-widget-container\">\n\t\t\t\t\t\t\t\t\t<p>La convocatoria estar\u00e1 abierta del <strong>30 de septiembre al 30 de noviembre de 2025<\/strong> y est\u00e1 dirigida a candidatos de nacionalidad espa\u00f1ola o residentes legales en Espa\u00f1a, nacidos a partir de 1990, que acrediten formaci\u00f3n o trayectoria en composici\u00f3n. Las inscripciones se formalizar\u00e1n a trav\u00e9s de <a href=\"https:\/\/federacio.joventutsmusicals.cat\/ca\/beques-de-composicio.html\">la web de la Federaci\u00f3n de Joventuts Musicals de Catalunya.<\/a><\/p><p>Los cuatro seleccionados deber\u00e1n crear <strong>dos obras in\u00e9ditas<\/strong> (una pieza de c\u00e1mara y una obra sinf\u00f3nica) que se estrenar\u00e1n dentro de la programaci\u00f3n de la <strong>Xarxa de M\u00fasiques de Joventuts Musicals de Catalunya<\/strong>. El jurado \u2014formado por representantes de la Fundaci\u00f3 Ferrer de M\u00fasica y de Joventuts Musicals, as\u00ed como por reconocidos creadores\u2014 anunciar\u00e1 el veredicto el <strong>15 de diciembre de 2025<\/strong>.<\/p><p>Con esta iniciativa, la Fundaci\u00f3 Ferrer de M\u00fasica reafirma su compromiso con la <strong>innovaci\u00f3n, la cultura y el apoyo a las nuevas generaciones de creadores<\/strong>.<\/p><p><strong>Per\u00edodo de inscripci\u00f3n:<\/strong><br \/>Del 30 de septiembre al 30 de noviembre de 2025.<\/p>\t\t\t\t\t\t\t\t<\/div>\n\t\t\t\t<\/div>\n\t\t\t\t<div class=\"elementor-element elementor-element-a9154b7 elementor-widget elementor-widget-spacer\" data-id=\"a9154b7\" data-element_type=\"widget\" data-e-type=\"widget\" data-widget_type=\"spacer.default\">\n\t\t\t\t<div class=\"elementor-widget-container\">\n\t\t\t\t\t\t\t<div class=\"elementor-spacer\">\n\t\t\t<div class=\"elementor-spacer-inner\"><\/div>\n\t\t<\/div>\n\t\t\t\t\t\t<\/div>\n\t\t\t\t<\/div>\n\t\t\t\t\t<\/div>\n\t\t<\/div>\n\t\t\t\t\t<\/div>\n\t\t<\/section>\n\t\t\t\t<section class=\"elementor-section elementor-top-section elementor-element elementor-element-86a4ed8 elementor-section-full_width elementor-section-height-default elementor-section-height-default\" data-id=\"86a4ed8\" data-element_type=\"section\" data-e-type=\"section\">\n\t\t\t\t\t\t<div class=\"elementor-container elementor-column-gap-default\">\n\t\t\t\t\t<div class=\"elementor-column elementor-col-100 elementor-top-column elementor-element elementor-element-9981440\" data-id=\"9981440\" data-element_type=\"column\" data-e-type=\"column\">\n\t\t\t<div class=\"elementor-widget-wrap elementor-element-populated\">\n\t\t\t\t\t\t<div class=\"elementor-element elementor-element-0364fa3 elementor-widget elementor-widget-heading\" data-id=\"0364fa3\" data-element_type=\"widget\" data-e-type=\"widget\" data-widget_type=\"heading.default\">\n\t\t\t\t<div class=\"elementor-widget-container\">\n\t\t\t\t\t<h2 class=\"elementor-heading-title elementor-size-default\">ARTICLES RELACIONATS<\/h2>\t\t\t\t<\/div>\n\t\t\t\t<\/div>\n\t\t\t\t<div class=\"elementor-element elementor-element-0874f72 uael-equal__height-yes animated-slow random-color-trigger elementor-invisible elementor-widget elementor-widget-uael-posts\" data-id=\"0874f72\" data-element_type=\"widget\" data-e-type=\"widget\" data-settings=\"{&quot;_animation&quot;:&quot;fadeInUp&quot;,&quot;classic_slides_to_show&quot;:4,&quot;classic_slides_to_show_tablet&quot;:2,&quot;classic_slides_to_show_mobile&quot;:1}\" data-widget_type=\"uael-posts.classic\">\n\t\t\t\t<div class=\"elementor-widget-container\">\n\t\t\t\t\t\t\t<div class=\"uael-post__header\">\n\t\t\t\t\t<\/div>\n\t\t<div class=\"uael-post__body\">\n\t\t\t\n\t\t\n\t\t<div class=\"uael-blog-terms-position-above_content uael-post-image-top uael-post-grid uael-posts\" data-query-type=\"custom\" data-structure=\"normal\" data-layout=\"\" data-page=\"9434\" data-skin=\"classic\" data-filter-default=\"\" data-offset-top=\"30\" >\n\n\t\t\t\t\t\t\t<div class=\"uael-post-grid__inner uael-post__columns-4 uael-post__columns-tablet-2 uael-post__columns-mobile-1\">\n\t\t\t\n<div class=\"uael-post-wrapper   excelencia-musical noticias \">\n\t<div class=\"uael-post__bg-wrap uael-bg-wrap-disabled \">\n\n\t\t\t\t\n\t\t<div class=\"uael-post__inner-wrap uael-inner-wrap-disabled\">\n\n\t\t\t\t<div class=\"uael-post__thumbnail\">\n\t\t\t\n\t\t\t<a href=\"https:\/\/fundacioferrermusica.org\/es\/parlem-amb-un-dels-cinc-duos-guanyadors-de-lied-the-future-2026\/\" target=\"_self\" title=\"Hablamos con uno de los cinco d\u00faos ganadores de Lied the Future 2026\"><img decoding=\"async\" width=\"500\" height=\"526\" src=\"https:\/\/fundacioferrermusica.org\/wp-content\/uploads\/2026\/04\/Lied-the-Future-Bruno-Meichsner-i-George-Needham-portada.png\" class=\"attachment-full size-full wp-image-10635\" alt=\"\" srcset=\"https:\/\/fundacioferrermusica.org\/wp-content\/uploads\/2026\/04\/Lied-the-Future-Bruno-Meichsner-i-George-Needham-portada.png 500w, https:\/\/fundacioferrermusica.org\/wp-content\/uploads\/2026\/04\/Lied-the-Future-Bruno-Meichsner-i-George-Needham-portada-285x300.png 285w\" sizes=\"(max-width: 500px) 100vw, 500px\" \/><\/a>\n\t\t\t\t\t<\/div>\n\t\t\n\t\t\t\n\t\t\t<div class=\"uael-post__content-wrap uael-content-wrap-disabled\">\n\t\t\t\t\t\t\t<div class=\"uael-post__terms-wrap\"><span class=\"uael-post__terms\"><span class=\"uael-listing__terms-link\">Excelencia musical<\/span><\/span><\/div>\n\t\t\t\t\n\t\t<div class=\"uael-post__excerpt\">\n\t\t\tHablamos con uno de los cinco ...\t\t<\/div>\n\n\t\t\t\t\t<\/div>\n\t\t\t\n\t\t<\/div>\n\t\t\n\t<\/div>\n\n<\/div>\n\n<div class=\"uael-post-wrapper   excelencia-musical noticias \">\n\t<div class=\"uael-post__bg-wrap uael-bg-wrap-disabled \">\n\n\t\t\t\t\n\t\t<div class=\"uael-post__inner-wrap uael-inner-wrap-disabled\">\n\n\t\t\t\t<div class=\"uael-post__thumbnail\">\n\t\t\t\n\t\t\t<a href=\"https:\/\/fundacioferrermusica.org\/es\/el-alumnado-del-programa-de-primaria-y-secundaria-musical-participa-en-liceu-familiar\/\" target=\"_self\" title=\"El alumnado del programa de Primaria y Secundaria Musical participa en Liceu Familiar\"><img decoding=\"async\" width=\"500\" height=\"526\" src=\"https:\/\/fundacioferrermusica.org\/wp-content\/uploads\/2026\/03\/Liceu-Familiar-portada.png\" class=\"attachment-full size-full wp-image-10581\" alt=\"\" srcset=\"https:\/\/fundacioferrermusica.org\/wp-content\/uploads\/2026\/03\/Liceu-Familiar-portada.png 500w, https:\/\/fundacioferrermusica.org\/wp-content\/uploads\/2026\/03\/Liceu-Familiar-portada-285x300.png 285w\" sizes=\"(max-width: 500px) 100vw, 500px\" \/><\/a>\n\t\t\t\t\t<\/div>\n\t\t\n\t\t\t\n\t\t\t<div class=\"uael-post__content-wrap uael-content-wrap-disabled\">\n\t\t\t\t\t\t\t<div class=\"uael-post__terms-wrap\"><span class=\"uael-post__terms\"><span class=\"uael-listing__terms-link\">Excelencia musical<\/span><\/span><\/div>\n\t\t\t\t\n\t\t<div class=\"uael-post__excerpt\">\n\t\t\tEl alumnado del programa de Primaria ...\t\t<\/div>\n\n\t\t\t\t\t<\/div>\n\t\t\t\n\t\t<\/div>\n\t\t\n\t<\/div>\n\n<\/div>\n\n<div class=\"uael-post-wrapper   excelencia-musical noticias \">\n\t<div class=\"uael-post__bg-wrap uael-bg-wrap-disabled \">\n\n\t\t\t\t\n\t\t<div class=\"uael-post__inner-wrap uael-inner-wrap-disabled\">\n\n\t\t\t\t<div class=\"uael-post__thumbnail\">\n\t\t\t\n\t\t\t<a href=\"https:\/\/fundacioferrermusica.org\/es\/impulsem-el-talent-emergent-amb-el-premi-extraordinari-del-concurs-tenor-vinas-2026\/\" target=\"_self\" title=\"Impulsamos el talento emergente con el Premio Extraordinario del Concurso Tenor Vi\u00f1as 2026\"><img loading=\"lazy\" decoding=\"async\" width=\"500\" height=\"526\" src=\"https:\/\/fundacioferrermusica.org\/wp-content\/uploads\/2026\/03\/Portada-web-Tenor-Vinas.png\" class=\"attachment-full size-full wp-image-10521\" alt=\"\" srcset=\"https:\/\/fundacioferrermusica.org\/wp-content\/uploads\/2026\/03\/Portada-web-Tenor-Vinas.png 500w, https:\/\/fundacioferrermusica.org\/wp-content\/uploads\/2026\/03\/Portada-web-Tenor-Vinas-285x300.png 285w\" sizes=\"(max-width: 500px) 100vw, 500px\" \/><\/a>\n\t\t\t\t\t<\/div>\n\t\t\n\t\t\t\n\t\t\t<div class=\"uael-post__content-wrap uael-content-wrap-disabled\">\n\t\t\t\t\t\t\t<div class=\"uael-post__terms-wrap\"><span class=\"uael-post__terms\"><span class=\"uael-listing__terms-link\">Excelencia musical<\/span><\/span><\/div>\n\t\t\t\t\n\t\t<div class=\"uael-post__excerpt\">\n\t\t\tImpulsamos el talento emergente con el ...\t\t<\/div>\n\n\t\t\t\t\t<\/div>\n\t\t\t\n\t\t<\/div>\n\t\t\n\t<\/div>\n\n<\/div>\n\n<div class=\"uael-post-wrapper   excelencia-musical noticias \">\n\t<div class=\"uael-post__bg-wrap uael-bg-wrap-disabled \">\n\n\t\t\t\t\n\t\t<div class=\"uael-post__inner-wrap uael-inner-wrap-disabled\">\n\n\t\t\t\t<div class=\"uael-post__thumbnail\">\n\t\t\t\n\t\t\t<a href=\"https:\/\/fundacioferrermusica.org\/es\/lied-the-future-presenta-su-programacion-en-la-schubertiada\/\" target=\"_self\" title=\"Lied the Future presenta su programaci\u00f3n en la Schubert\u00edada\"><img loading=\"lazy\" decoding=\"async\" width=\"500\" height=\"526\" src=\"https:\/\/fundacioferrermusica.org\/wp-content\/uploads\/2026\/03\/Portada-web-Schubertiada.png\" class=\"attachment-full size-full wp-image-10548\" alt=\"\" srcset=\"https:\/\/fundacioferrermusica.org\/wp-content\/uploads\/2026\/03\/Portada-web-Schubertiada.png 500w, https:\/\/fundacioferrermusica.org\/wp-content\/uploads\/2026\/03\/Portada-web-Schubertiada-285x300.png 285w\" sizes=\"(max-width: 500px) 100vw, 500px\" \/><\/a>\n\t\t\t\t\t<\/div>\n\t\t\n\t\t\t\n\t\t\t<div class=\"uael-post__content-wrap uael-content-wrap-disabled\">\n\t\t\t\t\t\t\t<div class=\"uael-post__terms-wrap\"><span class=\"uael-post__terms\"><span class=\"uael-listing__terms-link\">Excelencia musical<\/span><\/span><\/div>\n\t\t\t\t\n\t\t<div class=\"uael-post__excerpt\">\n\t\t\tLied the Future presenta su programaci\u00f3n ...\t\t<\/div>\n\n\t\t\t\t\t<\/div>\n\t\t\t\n\t\t<\/div>\n\t\t\n\t<\/div>\n\n<\/div>\n\t\t\t\t<\/div>\n\t\t\t\t\t\t\n\t\t<\/div>\n\n\t\t\t\t\t\t<\/div>\n\t\t<div class=\"uael-post__footer\">\n\t\t\t\t\t<\/div>\n\t\t\t\t\t\t<\/div>\n\t\t\t\t<\/div>\n\t\t\t\t\t<\/div>\n\t\t<\/div>\n\t\t\t\t\t<\/div>\n\t\t<\/section>\n\t\t\t\t<\/div>\n\t\t","protected":false},"excerpt":{"rendered":"<p>Abrimos las primeras Becas de Composici\u00f3n para el talento joven junto a la Federaci\u00f3 de Joventuts Musicals de Catalunya La Fundaci\u00f3 Ferrer de M\u00fasica, en colaboraci\u00f3n con la Federaci\u00f3n de Joventuts Musicals de Catalunya, lanza una convocatoria de cuatro becas de composici\u00f3n de 25.000 \u20ac cada una para apoyar el talento emergente y fomentar la [&hellip;]<\/p>\n","protected":false},"author":5,"featured_media":10284,"comment_status":"closed","ping_status":"closed","sticky":false,"template":"","format":"standard","meta":{"site-sidebar-layout":"default","site-content-layout":"","ast-site-content-layout":"default","site-content-style":"default","site-sidebar-style":"default","ast-global-header-display":"","ast-banner-title-visibility":"","ast-main-header-display":"","ast-hfb-above-header-display":"","ast-hfb-below-header-display":"","ast-hfb-mobile-header-display":"","site-post-title":"","ast-breadcrumbs-content":"","ast-featured-img":"","footer-sml-layout":"","ast-disable-related-posts":"","theme-transparent-header-meta":"default","adv-header-id-meta":"","stick-header-meta":"default","header-above-stick-meta":"","header-main-stick-meta":"","header-below-stick-meta":"","astra-migrate-meta-layouts":"set","ast-page-background-enabled":"default","ast-page-background-meta":{"desktop":{"background-color":"var(--ast-global-color-4)","background-image":"","background-repeat":"repeat","background-position":"center center","background-size":"auto","background-attachment":"scroll","background-type":"","background-media":"","overlay-type":"","overlay-color":"","overlay-opacity":"","overlay-gradient":""},"tablet":{"background-color":"","background-image":"","background-repeat":"repeat","background-position":"center center","background-size":"auto","background-attachment":"scroll","background-type":"","background-media":"","overlay-type":"","overlay-color":"","overlay-opacity":"","overlay-gradient":""},"mobile":{"background-color":"","background-image":"","background-repeat":"repeat","background-position":"center center","background-size":"auto","background-attachment":"scroll","background-type":"","background-media":"","overlay-type":"","overlay-color":"","overlay-opacity":"","overlay-gradient":""}},"ast-content-background-meta":{"desktop":{"background-color":"var(--ast-global-color-5)","background-image":"","background-repeat":"repeat","background-position":"center center","background-size":"auto","background-attachment":"scroll","background-type":"","background-media":"","overlay-type":"","overlay-color":"","overlay-opacity":"","overlay-gradient":""},"tablet":{"background-color":"var(--ast-global-color-5)","background-image":"","background-repeat":"repeat","background-position":"center center","background-size":"auto","background-attachment":"scroll","background-type":"","background-media":"","overlay-type":"","overlay-color":"","overlay-opacity":"","overlay-gradient":""},"mobile":{"background-color":"var(--ast-global-color-5)","background-image":"","background-repeat":"repeat","background-position":"center center","background-size":"auto","background-attachment":"scroll","background-type":"","background-media":"","overlay-type":"","overlay-color":"","overlay-opacity":"","overlay-gradient":""}},"footnotes":""},"categories":[31,38,26,5],"tags":[],"class_list":["post-9434","post","type-post","status-publish","format-standard","has-post-thumbnail","hentry","category-excellencia-musical","category-excelencia-musical","category-noticies-es","category-noticies"],"yoast_head":"<!-- This site is optimized with the Yoast SEO plugin v27.2 - https:\/\/yoast.com\/product\/yoast-seo-wordpress\/ -->\n<title>Abrimos las primeras Becas de Composici\u00f3n para el talento joven junto a la Federaci\u00f3 de Joventuts Musicals de Catalunya\u200b<\/title>\n<meta name=\"robots\" content=\"index, follow, max-snippet:-1, max-image-preview:large, max-video-preview:-1\" \/>\n<link rel=\"canonical\" href=\"https:\/\/fundacioferrermusica.org\/obrim-les-primeres-beques-de-composicio-per-al-talent-jove-amb-la-federacio-de-joventuts-musicals-de-catalunya\/\" \/>\n<meta property=\"og:locale\" content=\"es_ES\" \/>\n<meta property=\"og:type\" content=\"article\" \/>\n<meta property=\"og:title\" content=\"Abrimos las primeras Becas de Composici\u00f3n para el talento joven junto a la Federaci\u00f3 de Joventuts Musicals de Catalunya\u200b\" \/>\n<meta property=\"og:description\" content=\"Abrimos las primeras Becas de Composici\u00f3n para el talento joven junto a la Federaci\u00f3 de Joventuts Musicals de Catalunya La Fundaci\u00f3 Ferrer de M\u00fasica, en colaboraci\u00f3n con la Federaci\u00f3n de Joventuts Musicals de Catalunya, lanza una convocatoria de cuatro becas de composici\u00f3n de 25.000 \u20ac cada una para apoyar el talento emergente y fomentar la [&hellip;]\" \/>\n<meta property=\"og:url\" content=\"https:\/\/fundacioferrermusica.org\/obrim-les-primeres-beques-de-composicio-per-al-talent-jove-amb-la-federacio-de-joventuts-musicals-de-catalunya\/\" \/>\n<meta property=\"og:site_name\" content=\"Fundaci\u00f3 de M\u00fasica Ferrer-Salat\" \/>\n<meta property=\"article:published_time\" content=\"2025-09-30T08:00:37+00:00\" \/>\n<meta property=\"article:modified_time\" content=\"2025-09-30T08:58:10+00:00\" \/>\n<meta property=\"og:image\" content=\"https:\/\/fundacioferrermusica.org\/wp-content\/uploads\/2025\/09\/Frame-8-1.png\" \/>\n\t<meta property=\"og:image:width\" content=\"500\" \/>\n\t<meta property=\"og:image:height\" content=\"526\" \/>\n\t<meta property=\"og:image:type\" content=\"image\/png\" \/>\n<meta name=\"author\" content=\"fundacions ferrer\" \/>\n<meta name=\"twitter:card\" content=\"summary_large_image\" \/>\n<meta name=\"twitter:label1\" content=\"Escrito por\" \/>\n\t<meta name=\"twitter:data1\" content=\"fundacions ferrer\" \/>\n\t<meta name=\"twitter:label2\" content=\"Tiempo de lectura\" \/>\n\t<meta name=\"twitter:data2\" content=\"3 minutos\" \/>\n<script type=\"application\/ld+json\" class=\"yoast-schema-graph\">{\"@context\":\"https:\/\/schema.org\",\"@graph\":[{\"@type\":\"Article\",\"@id\":\"https:\/\/fundacioferrermusica.org\/obrim-les-primeres-beques-de-composicio-per-al-talent-jove-amb-la-federacio-de-joventuts-musicals-de-catalunya\/#article\",\"isPartOf\":{\"@id\":\"https:\/\/fundacioferrermusica.org\/obrim-les-primeres-beques-de-composicio-per-al-talent-jove-amb-la-federacio-de-joventuts-musicals-de-catalunya\/\"},\"author\":{\"name\":\"fundacions ferrer\",\"@id\":\"https:\/\/fundacioferrermusica.org\/#\/schema\/person\/1a47f90b7dd69b6280722b334dc8aaa4\"},\"headline\":\"Abrimos las primeras Becas de Composici\u00f3n para el talento joven junto a la Federaci\u00f3 de Joventuts Musicals de Catalunya\u200b\",\"datePublished\":\"2025-09-30T08:00:37+00:00\",\"dateModified\":\"2025-09-30T08:58:10+00:00\",\"mainEntityOfPage\":{\"@id\":\"https:\/\/fundacioferrermusica.org\/obrim-les-primeres-beques-de-composicio-per-al-talent-jove-amb-la-federacio-de-joventuts-musicals-de-catalunya\/\"},\"wordCount\":361,\"publisher\":{\"@id\":\"https:\/\/fundacioferrermusica.org\/#organization\"},\"image\":{\"@id\":\"https:\/\/fundacioferrermusica.org\/obrim-les-primeres-beques-de-composicio-per-al-talent-jove-amb-la-federacio-de-joventuts-musicals-de-catalunya\/#primaryimage\"},\"thumbnailUrl\":\"https:\/\/fundacioferrermusica.org\/wp-content\/uploads\/2026\/01\/Beques-Joventuts-Musicals-web.png\",\"articleSection\":[\"Excel\u00b7l\u00e8ncia musical\",\"Excelencia musical\",\"Noticias\",\"Not\u00edcies\"],\"inLanguage\":\"es\"},{\"@type\":\"WebPage\",\"@id\":\"https:\/\/fundacioferrermusica.org\/obrim-les-primeres-beques-de-composicio-per-al-talent-jove-amb-la-federacio-de-joventuts-musicals-de-catalunya\/\",\"url\":\"https:\/\/fundacioferrermusica.org\/obrim-les-primeres-beques-de-composicio-per-al-talent-jove-amb-la-federacio-de-joventuts-musicals-de-catalunya\/\",\"name\":\"Abrimos las primeras Becas de Composici\u00f3n para el talento joven junto a la Federaci\u00f3 de Joventuts Musicals de Catalunya\u200b\",\"isPartOf\":{\"@id\":\"https:\/\/fundacioferrermusica.org\/#website\"},\"primaryImageOfPage\":{\"@id\":\"https:\/\/fundacioferrermusica.org\/obrim-les-primeres-beques-de-composicio-per-al-talent-jove-amb-la-federacio-de-joventuts-musicals-de-catalunya\/#primaryimage\"},\"image\":{\"@id\":\"https:\/\/fundacioferrermusica.org\/obrim-les-primeres-beques-de-composicio-per-al-talent-jove-amb-la-federacio-de-joventuts-musicals-de-catalunya\/#primaryimage\"},\"thumbnailUrl\":\"https:\/\/fundacioferrermusica.org\/wp-content\/uploads\/2026\/01\/Beques-Joventuts-Musicals-web.png\",\"datePublished\":\"2025-09-30T08:00:37+00:00\",\"dateModified\":\"2025-09-30T08:58:10+00:00\",\"breadcrumb\":{\"@id\":\"https:\/\/fundacioferrermusica.org\/obrim-les-primeres-beques-de-composicio-per-al-talent-jove-amb-la-federacio-de-joventuts-musicals-de-catalunya\/#breadcrumb\"},\"inLanguage\":\"es\",\"potentialAction\":[{\"@type\":\"ReadAction\",\"target\":[\"https:\/\/fundacioferrermusica.org\/obrim-les-primeres-beques-de-composicio-per-al-talent-jove-amb-la-federacio-de-joventuts-musicals-de-catalunya\/\"]}]},{\"@type\":\"ImageObject\",\"inLanguage\":\"es\",\"@id\":\"https:\/\/fundacioferrermusica.org\/obrim-les-primeres-beques-de-composicio-per-al-talent-jove-amb-la-federacio-de-joventuts-musicals-de-catalunya\/#primaryimage\",\"url\":\"https:\/\/fundacioferrermusica.org\/wp-content\/uploads\/2026\/01\/Beques-Joventuts-Musicals-web.png\",\"contentUrl\":\"https:\/\/fundacioferrermusica.org\/wp-content\/uploads\/2026\/01\/Beques-Joventuts-Musicals-web.png\",\"width\":500,\"height\":526},{\"@type\":\"BreadcrumbList\",\"@id\":\"https:\/\/fundacioferrermusica.org\/obrim-les-primeres-beques-de-composicio-per-al-talent-jove-amb-la-federacio-de-joventuts-musicals-de-catalunya\/#breadcrumb\",\"itemListElement\":[{\"@type\":\"ListItem\",\"position\":1,\"name\":\"Inici\",\"item\":\"https:\/\/fundacioferrermusica.org\/\"},{\"@type\":\"ListItem\",\"position\":2,\"name\":\"Abrimos las primeras Becas de Composici\u00f3n para el talento joven junto a la Federaci\u00f3 de Joventuts Musicals de Catalunya\u200b\"}]},{\"@type\":\"WebSite\",\"@id\":\"https:\/\/fundacioferrermusica.org\/#website\",\"url\":\"https:\/\/fundacioferrermusica.org\/\",\"name\":\"Fundaci\u00f3 de M\u00fasica Ferrer-Salat\",\"description\":\"40 anys generant oportunitats a trav\u00e9s de la m\u00fasica\",\"publisher\":{\"@id\":\"https:\/\/fundacioferrermusica.org\/#organization\"},\"potentialAction\":[{\"@type\":\"SearchAction\",\"target\":{\"@type\":\"EntryPoint\",\"urlTemplate\":\"https:\/\/fundacioferrermusica.org\/?s={search_term_string}\"},\"query-input\":{\"@type\":\"PropertyValueSpecification\",\"valueRequired\":true,\"valueName\":\"search_term_string\"}}],\"inLanguage\":\"es\"},{\"@type\":\"Organization\",\"@id\":\"https:\/\/fundacioferrermusica.org\/#organization\",\"name\":\"Fundaci\u00f3 de M\u00fasica Ferrer-Salat\",\"url\":\"https:\/\/fundacioferrermusica.org\/\",\"logo\":{\"@type\":\"ImageObject\",\"inLanguage\":\"es\",\"@id\":\"https:\/\/fundacioferrermusica.org\/#\/schema\/logo\/image\/\",\"url\":\"https:\/\/fundacioferrermusica.org\/wp-content\/uploads\/2022\/06\/cropped-FundacioMusicaFerrerSalat.png\",\"contentUrl\":\"https:\/\/fundacioferrermusica.org\/wp-content\/uploads\/2022\/06\/cropped-FundacioMusicaFerrerSalat.png\",\"width\":160,\"height\":53,\"caption\":\"Fundaci\u00f3 de M\u00fasica Ferrer-Salat\"},\"image\":{\"@id\":\"https:\/\/fundacioferrermusica.org\/#\/schema\/logo\/image\/\"}},{\"@type\":\"Person\",\"@id\":\"https:\/\/fundacioferrermusica.org\/#\/schema\/person\/1a47f90b7dd69b6280722b334dc8aaa4\",\"name\":\"fundacions ferrer\",\"image\":{\"@type\":\"ImageObject\",\"inLanguage\":\"es\",\"@id\":\"https:\/\/secure.gravatar.com\/avatar\/f45112a06cf0712b691961a6b47b71052b08d7b8f73c884aed3bef26c4770826?s=96&d=mm&r=g\",\"url\":\"https:\/\/secure.gravatar.com\/avatar\/f45112a06cf0712b691961a6b47b71052b08d7b8f73c884aed3bef26c4770826?s=96&d=mm&r=g\",\"contentUrl\":\"https:\/\/secure.gravatar.com\/avatar\/f45112a06cf0712b691961a6b47b71052b08d7b8f73c884aed3bef26c4770826?s=96&d=mm&r=g\",\"caption\":\"fundacions ferrer\"},\"url\":\"https:\/\/fundacioferrermusica.org\/es\/author\/socialmedia\/\"}]}<\/script>\n<!-- \/ Yoast SEO plugin. -->","yoast_head_json":{"title":"Abrimos las primeras Becas de Composici\u00f3n para el talento joven junto a la Federaci\u00f3 de Joventuts Musicals de Catalunya\u200b","robots":{"index":"index","follow":"follow","max-snippet":"max-snippet:-1","max-image-preview":"max-image-preview:large","max-video-preview":"max-video-preview:-1"},"canonical":"https:\/\/fundacioferrermusica.org\/obrim-les-primeres-beques-de-composicio-per-al-talent-jove-amb-la-federacio-de-joventuts-musicals-de-catalunya\/","og_locale":"es_ES","og_type":"article","og_title":"Abrimos las primeras Becas de Composici\u00f3n para el talento joven junto a la Federaci\u00f3 de Joventuts Musicals de Catalunya\u200b","og_description":"Abrimos las primeras Becas de Composici\u00f3n para el talento joven junto a la Federaci\u00f3 de Joventuts Musicals de Catalunya La Fundaci\u00f3 Ferrer de M\u00fasica, en colaboraci\u00f3n con la Federaci\u00f3n de Joventuts Musicals de Catalunya, lanza una convocatoria de cuatro becas de composici\u00f3n de 25.000 \u20ac cada una para apoyar el talento emergente y fomentar la [&hellip;]","og_url":"https:\/\/fundacioferrermusica.org\/obrim-les-primeres-beques-de-composicio-per-al-talent-jove-amb-la-federacio-de-joventuts-musicals-de-catalunya\/","og_site_name":"Fundaci\u00f3 de M\u00fasica Ferrer-Salat","article_published_time":"2025-09-30T08:00:37+00:00","article_modified_time":"2025-09-30T08:58:10+00:00","og_image":[{"width":500,"height":526,"url":"https:\/\/fundacioferrermusica.org\/wp-content\/uploads\/2025\/09\/Frame-8-1.png","type":"image\/png"}],"author":"fundacions ferrer","twitter_card":"summary_large_image","twitter_misc":{"Escrito por":"fundacions ferrer","Tiempo de lectura":"3 minutos"},"schema":{"@context":"https:\/\/schema.org","@graph":[{"@type":"Article","@id":"https:\/\/fundacioferrermusica.org\/obrim-les-primeres-beques-de-composicio-per-al-talent-jove-amb-la-federacio-de-joventuts-musicals-de-catalunya\/#article","isPartOf":{"@id":"https:\/\/fundacioferrermusica.org\/obrim-les-primeres-beques-de-composicio-per-al-talent-jove-amb-la-federacio-de-joventuts-musicals-de-catalunya\/"},"author":{"name":"fundacions ferrer","@id":"https:\/\/fundacioferrermusica.org\/#\/schema\/person\/1a47f90b7dd69b6280722b334dc8aaa4"},"headline":"Abrimos las primeras Becas de Composici\u00f3n para el talento joven junto a la Federaci\u00f3 de Joventuts Musicals de Catalunya\u200b","datePublished":"2025-09-30T08:00:37+00:00","dateModified":"2025-09-30T08:58:10+00:00","mainEntityOfPage":{"@id":"https:\/\/fundacioferrermusica.org\/obrim-les-primeres-beques-de-composicio-per-al-talent-jove-amb-la-federacio-de-joventuts-musicals-de-catalunya\/"},"wordCount":361,"publisher":{"@id":"https:\/\/fundacioferrermusica.org\/#organization"},"image":{"@id":"https:\/\/fundacioferrermusica.org\/obrim-les-primeres-beques-de-composicio-per-al-talent-jove-amb-la-federacio-de-joventuts-musicals-de-catalunya\/#primaryimage"},"thumbnailUrl":"https:\/\/fundacioferrermusica.org\/wp-content\/uploads\/2026\/01\/Beques-Joventuts-Musicals-web.png","articleSection":["Excel\u00b7l\u00e8ncia musical","Excelencia musical","Noticias","Not\u00edcies"],"inLanguage":"es"},{"@type":"WebPage","@id":"https:\/\/fundacioferrermusica.org\/obrim-les-primeres-beques-de-composicio-per-al-talent-jove-amb-la-federacio-de-joventuts-musicals-de-catalunya\/","url":"https:\/\/fundacioferrermusica.org\/obrim-les-primeres-beques-de-composicio-per-al-talent-jove-amb-la-federacio-de-joventuts-musicals-de-catalunya\/","name":"Abrimos las primeras Becas de Composici\u00f3n para el talento joven junto a la Federaci\u00f3 de Joventuts Musicals de Catalunya\u200b","isPartOf":{"@id":"https:\/\/fundacioferrermusica.org\/#website"},"primaryImageOfPage":{"@id":"https:\/\/fundacioferrermusica.org\/obrim-les-primeres-beques-de-composicio-per-al-talent-jove-amb-la-federacio-de-joventuts-musicals-de-catalunya\/#primaryimage"},"image":{"@id":"https:\/\/fundacioferrermusica.org\/obrim-les-primeres-beques-de-composicio-per-al-talent-jove-amb-la-federacio-de-joventuts-musicals-de-catalunya\/#primaryimage"},"thumbnailUrl":"https:\/\/fundacioferrermusica.org\/wp-content\/uploads\/2026\/01\/Beques-Joventuts-Musicals-web.png","datePublished":"2025-09-30T08:00:37+00:00","dateModified":"2025-09-30T08:58:10+00:00","breadcrumb":{"@id":"https:\/\/fundacioferrermusica.org\/obrim-les-primeres-beques-de-composicio-per-al-talent-jove-amb-la-federacio-de-joventuts-musicals-de-catalunya\/#breadcrumb"},"inLanguage":"es","potentialAction":[{"@type":"ReadAction","target":["https:\/\/fundacioferrermusica.org\/obrim-les-primeres-beques-de-composicio-per-al-talent-jove-amb-la-federacio-de-joventuts-musicals-de-catalunya\/"]}]},{"@type":"ImageObject","inLanguage":"es","@id":"https:\/\/fundacioferrermusica.org\/obrim-les-primeres-beques-de-composicio-per-al-talent-jove-amb-la-federacio-de-joventuts-musicals-de-catalunya\/#primaryimage","url":"https:\/\/fundacioferrermusica.org\/wp-content\/uploads\/2026\/01\/Beques-Joventuts-Musicals-web.png","contentUrl":"https:\/\/fundacioferrermusica.org\/wp-content\/uploads\/2026\/01\/Beques-Joventuts-Musicals-web.png","width":500,"height":526},{"@type":"BreadcrumbList","@id":"https:\/\/fundacioferrermusica.org\/obrim-les-primeres-beques-de-composicio-per-al-talent-jove-amb-la-federacio-de-joventuts-musicals-de-catalunya\/#breadcrumb","itemListElement":[{"@type":"ListItem","position":1,"name":"Inici","item":"https:\/\/fundacioferrermusica.org\/"},{"@type":"ListItem","position":2,"name":"Abrimos las primeras Becas de Composici\u00f3n para el talento joven junto a la Federaci\u00f3 de Joventuts Musicals de Catalunya\u200b"}]},{"@type":"WebSite","@id":"https:\/\/fundacioferrermusica.org\/#website","url":"https:\/\/fundacioferrermusica.org\/","name":"Fundaci\u00f3 de M\u00fasica Ferrer-Salat","description":"40 anys generant oportunitats a trav\u00e9s de la m\u00fasica","publisher":{"@id":"https:\/\/fundacioferrermusica.org\/#organization"},"potentialAction":[{"@type":"SearchAction","target":{"@type":"EntryPoint","urlTemplate":"https:\/\/fundacioferrermusica.org\/?s={search_term_string}"},"query-input":{"@type":"PropertyValueSpecification","valueRequired":true,"valueName":"search_term_string"}}],"inLanguage":"es"},{"@type":"Organization","@id":"https:\/\/fundacioferrermusica.org\/#organization","name":"Fundaci\u00f3 de M\u00fasica Ferrer-Salat","url":"https:\/\/fundacioferrermusica.org\/","logo":{"@type":"ImageObject","inLanguage":"es","@id":"https:\/\/fundacioferrermusica.org\/#\/schema\/logo\/image\/","url":"https:\/\/fundacioferrermusica.org\/wp-content\/uploads\/2022\/06\/cropped-FundacioMusicaFerrerSalat.png","contentUrl":"https:\/\/fundacioferrermusica.org\/wp-content\/uploads\/2022\/06\/cropped-FundacioMusicaFerrerSalat.png","width":160,"height":53,"caption":"Fundaci\u00f3 de M\u00fasica Ferrer-Salat"},"image":{"@id":"https:\/\/fundacioferrermusica.org\/#\/schema\/logo\/image\/"}},{"@type":"Person","@id":"https:\/\/fundacioferrermusica.org\/#\/schema\/person\/1a47f90b7dd69b6280722b334dc8aaa4","name":"fundacions ferrer","image":{"@type":"ImageObject","inLanguage":"es","@id":"https:\/\/secure.gravatar.com\/avatar\/f45112a06cf0712b691961a6b47b71052b08d7b8f73c884aed3bef26c4770826?s=96&d=mm&r=g","url":"https:\/\/secure.gravatar.com\/avatar\/f45112a06cf0712b691961a6b47b71052b08d7b8f73c884aed3bef26c4770826?s=96&d=mm&r=g","contentUrl":"https:\/\/secure.gravatar.com\/avatar\/f45112a06cf0712b691961a6b47b71052b08d7b8f73c884aed3bef26c4770826?s=96&d=mm&r=g","caption":"fundacions ferrer"},"url":"https:\/\/fundacioferrermusica.org\/es\/author\/socialmedia\/"}]}},"_links":{"self":[{"href":"https:\/\/fundacioferrermusica.org\/es\/wp-json\/wp\/v2\/posts\/9434","targetHints":{"allow":["GET"]}}],"collection":[{"href":"https:\/\/fundacioferrermusica.org\/es\/wp-json\/wp\/v2\/posts"}],"about":[{"href":"https:\/\/fundacioferrermusica.org\/es\/wp-json\/wp\/v2\/types\/post"}],"author":[{"embeddable":true,"href":"https:\/\/fundacioferrermusica.org\/es\/wp-json\/wp\/v2\/users\/5"}],"replies":[{"embeddable":true,"href":"https:\/\/fundacioferrermusica.org\/es\/wp-json\/wp\/v2\/comments?post=9434"}],"version-history":[{"count":21,"href":"https:\/\/fundacioferrermusica.org\/es\/wp-json\/wp\/v2\/posts\/9434\/revisions"}],"predecessor-version":[{"id":9505,"href":"https:\/\/fundacioferrermusica.org\/es\/wp-json\/wp\/v2\/posts\/9434\/revisions\/9505"}],"wp:featuredmedia":[{"embeddable":true,"href":"https:\/\/fundacioferrermusica.org\/es\/wp-json\/wp\/v2\/media\/10284"}],"wp:attachment":[{"href":"https:\/\/fundacioferrermusica.org\/es\/wp-json\/wp\/v2\/media?parent=9434"}],"wp:term":[{"taxonomy":"category","embeddable":true,"href":"https:\/\/fundacioferrermusica.org\/es\/wp-json\/wp\/v2\/categories?post=9434"},{"taxonomy":"post_tag","embeddable":true,"href":"https:\/\/fundacioferrermusica.org\/es\/wp-json\/wp\/v2\/tags?post=9434"}],"curies":[{"name":"wp","href":"https:\/\/api.w.org\/{rel}","templated":true}]}}