{"id":9105,"date":"2025-04-10T07:45:27","date_gmt":"2025-04-10T07:45:27","guid":{"rendered":"https:\/\/fundacioferrermusica.org\/?p=9105"},"modified":"2025-04-10T10:09:31","modified_gmt":"2025-04-10T10:09:31","slug":"abierta-la-convocatoria-del-xliii-premio-reina-sofia-de-composicion-musical","status":"publish","type":"post","link":"https:\/\/fundacioferrermusica.org\/es\/abierta-la-convocatoria-del-xliii-premio-reina-sofia-de-composicion-musical\/","title":{"rendered":"Abierta la convocatoria del XLIII Premio Reina Sof\u00eda de Composici\u00f3n Musical"},"content":{"rendered":"\t\t<div data-elementor-type=\"wp-post\" data-elementor-id=\"9105\" class=\"elementor elementor-9105 elementor-9090\" data-elementor-post-type=\"post\">\n\t\t\t\t\t\t<section class=\"elementor-section elementor-top-section elementor-element elementor-element-6999563 elementor-section-full_width top-title elementor-section-height-default elementor-section-height-default\" data-id=\"6999563\" data-element_type=\"section\" data-e-type=\"section\">\n\t\t\t\t\t\t<div class=\"elementor-container elementor-column-gap-default\">\n\t\t\t\t\t<div class=\"elementor-column elementor-col-100 elementor-top-column elementor-element elementor-element-b778990\" data-id=\"b778990\" data-element_type=\"column\" data-e-type=\"column\">\n\t\t\t<div class=\"elementor-widget-wrap elementor-element-populated\">\n\t\t\t\t\t\t<div class=\"elementor-element elementor-element-5f43cab elementor-widget elementor-widget-heading\" data-id=\"5f43cab\" data-element_type=\"widget\" data-e-type=\"widget\" data-widget_type=\"heading.default\">\n\t\t\t\t<div class=\"elementor-widget-container\">\n\t\t\t\t\t<h1 class=\"elementor-heading-title elementor-size-default\">Abierta la convocatoria del XLIII Premio Reina Sof\u00eda de Composici\u00f3n Musical <\/h1>\t\t\t\t<\/div>\n\t\t\t\t<\/div>\n\t\t\t\t\t<\/div>\n\t\t<\/div>\n\t\t\t\t\t<\/div>\n\t\t<\/section>\n\t\t\t\t<section class=\"elementor-section elementor-top-section elementor-element elementor-element-53bf974 elementor-section-full_width elementor-section-height-default elementor-section-height-default\" data-id=\"53bf974\" data-element_type=\"section\" data-e-type=\"section\">\n\t\t\t\t\t\t<div class=\"elementor-container elementor-column-gap-default\">\n\t\t\t\t\t<div class=\"elementor-column elementor-col-50 elementor-top-column elementor-element elementor-element-d2d2b77\" data-id=\"d2d2b77\" data-element_type=\"column\" data-e-type=\"column\">\n\t\t\t<div class=\"elementor-widget-wrap elementor-element-populated\">\n\t\t\t\t\t\t<div class=\"elementor-element elementor-element-f67ee30 elementor-widget elementor-widget-image\" data-id=\"f67ee30\" data-element_type=\"widget\" data-e-type=\"widget\" data-widget_type=\"image.default\">\n\t\t\t\t<div class=\"elementor-widget-container\">\n\t\t\t\t\t\t\t\t\t\t\t\t\t\t\t<img fetchpriority=\"high\" decoding=\"async\" width=\"819\" height=\"1024\" src=\"https:\/\/fundacioferrermusica.org\/wp-content\/uploads\/2025\/04\/PLANTILLA-POST-NO-TOCAR-5-819x1024.png\" class=\"attachment-large size-large wp-image-9119\" alt=\"\" srcset=\"https:\/\/fundacioferrermusica.org\/wp-content\/uploads\/2025\/04\/PLANTILLA-POST-NO-TOCAR-5-819x1024.png 819w, https:\/\/fundacioferrermusica.org\/wp-content\/uploads\/2025\/04\/PLANTILLA-POST-NO-TOCAR-5-240x300.png 240w, https:\/\/fundacioferrermusica.org\/wp-content\/uploads\/2025\/04\/PLANTILLA-POST-NO-TOCAR-5-768x960.png 768w, https:\/\/fundacioferrermusica.org\/wp-content\/uploads\/2025\/04\/PLANTILLA-POST-NO-TOCAR-5.png 1080w\" sizes=\"(max-width: 819px) 100vw, 819px\" \/>\t\t\t\t\t\t\t\t\t\t\t\t\t\t\t<\/div>\n\t\t\t\t<\/div>\n\t\t\t\t<div class=\"elementor-element elementor-element-027dd2a elementor-widget elementor-widget-video\" data-id=\"027dd2a\" data-element_type=\"widget\" data-e-type=\"widget\" data-settings=\"{&quot;youtube_url&quot;:&quot;https:\\\/\\\/youtu.be\\\/Jd1b3nijxKA&quot;,&quot;video_type&quot;:&quot;youtube&quot;,&quot;controls&quot;:&quot;yes&quot;}\" data-widget_type=\"video.default\">\n\t\t\t\t<div class=\"elementor-widget-container\">\n\t\t\t\t\t\t\t<div class=\"elementor-wrapper elementor-open-inline\">\n\t\t\t<div class=\"elementor-video\"><\/div>\t\t<\/div>\n\t\t\t\t\t\t<\/div>\n\t\t\t\t<\/div>\n\t\t\t\t\t<\/div>\n\t\t<\/div>\n\t\t\t\t<div class=\"elementor-column elementor-col-50 elementor-top-column elementor-element elementor-element-a98c464\" data-id=\"a98c464\" data-element_type=\"column\" data-e-type=\"column\">\n\t\t\t<div class=\"elementor-widget-wrap elementor-element-populated\">\n\t\t\t\t\t\t<div class=\"elementor-element elementor-element-5abb12b elementor-widget elementor-widget-heading\" data-id=\"5abb12b\" data-element_type=\"widget\" data-e-type=\"widget\" data-widget_type=\"heading.default\">\n\t\t\t\t<div class=\"elementor-widget-container\">\n\t\t\t\t\t<h2 class=\"elementor-heading-title elementor-size-default\">La Fundaci\u00f3 Ferrer de M\u00fasica abre la convocatoria del XLIII Premio Reina Sof\u00eda de Composici\u00f3n Musical, que reconoce anualmente la excelencia y la innovaci\u00f3n en la creaci\u00f3n de obras de repertorio orquestal <\/h2>\t\t\t\t<\/div>\n\t\t\t\t<\/div>\n\t\t\t\t<div class=\"elementor-element elementor-element-f5a53bc elementor-widget elementor-widget-text-editor\" data-id=\"f5a53bc\" data-element_type=\"widget\" data-e-type=\"widget\" data-widget_type=\"text-editor.default\">\n\t\t\t\t<div class=\"elementor-widget-container\">\n\t\t\t\t\t\t\t\t\t<p><span data-contrast=\"auto\">Creado en <\/span><b><span data-contrast=\"auto\">1982<\/span><\/b><span data-contrast=\"auto\">, este galard\u00f3n se ha consolidado como uno de los premios de composici\u00f3n m\u00e1s relevantes de Europa y un impulso decisivo para la trayectoria de compositores y compositoras. En su XLIII edici\u00f3n, el premio mantiene su vocaci\u00f3n de poner en valor el talento creativo, contribuir al patrimonio musical y acercar la composici\u00f3n sinf\u00f3nica tanto al p\u00fablico como a las instituciones y orquestas de referencia.<\/span><span data-ccp-props=\"{&quot;335559738&quot;:240,&quot;335559739&quot;:240}\">\u00a0<\/span><\/p><p><b><span data-contrast=\"auto\">Una oportunidad \u00fanica para los creadores y creadoras del pa\u00eds<\/span><\/b><span data-ccp-props=\"{&quot;335559738&quot;:240,&quot;335559739&quot;:240}\">\u00a0<\/span><\/p><p><span data-contrast=\"auto\">Con una dotaci\u00f3n de <\/span><b><span data-contrast=\"auto\">100.000 euros<\/span><\/b><span data-contrast=\"auto\">, el premio est\u00e1 abierto a todas las personas con <\/span><b><span data-contrast=\"auto\">nacionalidad espa\u00f1ola o residencia legal en Espa\u00f1a<\/span><\/b><span data-contrast=\"auto\">, sin l\u00edmite de edad. Las obras deben ser<\/span><b><span data-contrast=\"auto\"> originales, in\u00e9ditas y no estrenadas<\/span><\/b><span data-contrast=\"auto\">, pensadas para una formaci\u00f3n orquestal sinf\u00f3nica.<\/span><span data-ccp-props=\"{&quot;335559738&quot;:240,&quot;335559739&quot;:240}\">\u00a0<\/span><\/p><p><span data-contrast=\"auto\">El plazo para presentar las candidaturas finaliza el <\/span><b><span data-contrast=\"auto\">31 de diciembre de 2025<\/span><\/b><span data-contrast=\"auto\">. Las partituras deben entregarse en formato impreso y bajo pseud\u00f3nimo en la sede de la Fundaci\u00f3n, junto con la documentaci\u00f3n detallada en las bases.<\/span><span data-ccp-props=\"{&quot;335559738&quot;:240,&quot;335559739&quot;:240}\">\u00a0<\/span><\/p><p><b><span data-contrast=\"auto\">Un estreno de referencia y una segunda interpretaci\u00f3n con la JONDE<\/span><\/b><span data-ccp-props=\"{&quot;335559738&quot;:240,&quot;335559739&quot;:240}\">\u00a0<\/span><\/p><p><span data-contrast=\"auto\">La obra ganadora se estrenar\u00e1 en <\/span><b><span data-contrast=\"auto\">Madrid<\/span><\/b><span data-contrast=\"auto\">, en el <\/span><b><span data-contrast=\"auto\">Teatro Monumental<\/span><\/b><span data-contrast=\"auto\">, interpretada por la <\/span><b><span data-contrast=\"auto\">Orquesta Sinf\u00f3nica de RTVE<\/span><\/b><span data-contrast=\"auto\">. Durante este concierto est\u00e1 previsto que, un a\u00f1o m\u00e1s, <\/span><b><span data-contrast=\"auto\">Su Majestad la Reina Sof\u00eda<\/span><\/b><span data-contrast=\"auto\"> entregue personalmente el galard\u00f3n al compositor o compositora premiada.<\/span><span data-ccp-props=\"{&quot;335559738&quot;:240,&quot;335559739&quot;:240}\">\u00a0<\/span><\/p><p><span data-contrast=\"auto\">Adem\u00e1s, la pieza formar\u00e1 parte del programa del <\/span><b><span data-contrast=\"auto\">ciclo de primavera de la Joven Orquesta Nacional de Espa\u00f1a (JONDE)<\/span><\/b><span data-contrast=\"auto\"> el a\u00f1o siguiente, ofreciendo as\u00ed una nueva oportunidad para ser escuchada y consolidando su presencia en los escenarios.<\/span><span data-ccp-props=\"{&quot;335559738&quot;:240,&quot;335559739&quot;:240}\">\u00a0<\/span><\/p><p><b><span data-contrast=\"auto\">Consulta las bases y presenta tu obra<\/span><\/b><span data-ccp-props=\"{&quot;335559738&quot;:240,&quot;335559739&quot;:240}\">\u00a0<\/span><\/p><p><span data-contrast=\"auto\">Todos los detalles sobre los requisitos t\u00e9cnicos, el proceso de selecci\u00f3n y las condiciones de participaci\u00f3n pueden consultarse en las<\/span><b><span data-contrast=\"auto\"> bases completas del premio.<\/span><\/b><span data-ccp-props=\"{&quot;335559738&quot;:240,&quot;335559739&quot;:240}\">\u00a0<\/span><\/p><p><span data-contrast=\"auto\">Para cualquier duda, puedes escribirnos a:<\/span>\u00a0<br \/><span data-contrast=\"auto\"> \ud83d\udce7 <\/span><strong><a href=\"mailto:info@fundaciomusicaferrersalat.com\">info@fundaciomusicaferrersalat.com<\/a>\u00a0<\/strong><\/p><p><span data-ccp-props=\"{&quot;335559738&quot;:240,&quot;335559739&quot;:240}\">\u00a0<\/span><\/p>\t\t\t\t\t\t\t\t<\/div>\n\t\t\t\t<\/div>\n\t\t\t\t<div class=\"elementor-element elementor-element-aa1223b elementor-widget elementor-widget-button\" data-id=\"aa1223b\" data-element_type=\"widget\" data-e-type=\"widget\" data-widget_type=\"button.default\">\n\t\t\t\t<div class=\"elementor-widget-container\">\n\t\t\t\t\t\t\t\t\t<div class=\"elementor-button-wrapper\">\n\t\t\t\t\t<a class=\"elementor-button elementor-button-link elementor-size-sm\" href=\"https:\/\/drive.google.com\/file\/d\/1JyrygCasZLZ90oG0uGZLmzuboXiJ-iET\/view?usp=sharing\" target=\"_blank\">\n\t\t\t\t\t\t<span class=\"elementor-button-content-wrapper\">\n\t\t\t\t\t\t\t\t\t<span class=\"elementor-button-text\">Bases XLIII Premio Reina Sof\u00eda de Composici\u00f3n Musical<\/span>\n\t\t\t\t\t<\/span>\n\t\t\t\t\t<\/a>\n\t\t\t\t<\/div>\n\t\t\t\t\t\t\t\t<\/div>\n\t\t\t\t<\/div>\n\t\t\t\t\t<\/div>\n\t\t<\/div>\n\t\t\t\t\t<\/div>\n\t\t<\/section>\n\t\t\t\t<section class=\"elementor-section elementor-top-section elementor-element elementor-element-86a4ed8 elementor-section-full_width elementor-section-height-default elementor-section-height-default\" data-id=\"86a4ed8\" data-element_type=\"section\" data-e-type=\"section\">\n\t\t\t\t\t\t<div class=\"elementor-container elementor-column-gap-default\">\n\t\t\t\t\t<div class=\"elementor-column elementor-col-100 elementor-top-column elementor-element elementor-element-9981440\" data-id=\"9981440\" data-element_type=\"column\" data-e-type=\"column\">\n\t\t\t<div class=\"elementor-widget-wrap elementor-element-populated\">\n\t\t\t\t\t\t<div class=\"elementor-element elementor-element-0364fa3 elementor-widget elementor-widget-heading\" data-id=\"0364fa3\" data-element_type=\"widget\" data-e-type=\"widget\" data-widget_type=\"heading.default\">\n\t\t\t\t<div class=\"elementor-widget-container\">\n\t\t\t\t\t<h2 class=\"elementor-heading-title elementor-size-default\">ARTICLES RELACIONATS<\/h2>\t\t\t\t<\/div>\n\t\t\t\t<\/div>\n\t\t\t\t<div class=\"elementor-element elementor-element-0874f72 uael-equal__height-yes animated-slow random-color-trigger elementor-invisible elementor-widget elementor-widget-uael-posts\" data-id=\"0874f72\" data-element_type=\"widget\" data-e-type=\"widget\" data-settings=\"{&quot;_animation&quot;:&quot;fadeInUp&quot;,&quot;classic_slides_to_show&quot;:4,&quot;classic_slides_to_show_tablet&quot;:2,&quot;classic_slides_to_show_mobile&quot;:1}\" data-widget_type=\"uael-posts.classic\">\n\t\t\t\t<div class=\"elementor-widget-container\">\n\t\t\t\t\t\t\t<div class=\"uael-post__header\">\n\t\t\t\t\t<\/div>\n\t\t<div class=\"uael-post__body\">\n\t\t\t\n\t\t\n\t\t<div class=\"uael-blog-terms-position-above_content uael-post-image-top uael-post-grid uael-posts\" data-query-type=\"custom\" data-structure=\"normal\" data-layout=\"\" data-page=\"9105\" data-skin=\"classic\" data-filter-default=\"\" data-offset-top=\"30\" >\n\n\t\t\t\t\t\t\t<div class=\"uael-post-grid__inner uael-post__columns-4 uael-post__columns-tablet-2 uael-post__columns-mobile-1\">\n\t\t\t\n<div class=\"uael-post-wrapper   excelencia-musical noticias \">\n\t<div class=\"uael-post__bg-wrap uael-bg-wrap-disabled \">\n\n\t\t\t\t\n\t\t<div class=\"uael-post__inner-wrap uael-inner-wrap-disabled\">\n\n\t\t\t\t<div class=\"uael-post__thumbnail\">\n\t\t\t\n\t\t\t<a href=\"https:\/\/fundacioferrermusica.org\/es\/parlem-amb-un-dels-cinc-duos-guanyadors-de-lied-the-future-2026\/\" target=\"_self\" title=\"Hablamos con uno de los cinco d\u00faos ganadores de Lied the Future 2026\"><img decoding=\"async\" width=\"500\" height=\"526\" src=\"https:\/\/fundacioferrermusica.org\/wp-content\/uploads\/2026\/04\/Lied-the-Future-Bruno-Meichsner-i-George-Needham-portada.png\" class=\"attachment-full size-full wp-image-10635\" alt=\"\" srcset=\"https:\/\/fundacioferrermusica.org\/wp-content\/uploads\/2026\/04\/Lied-the-Future-Bruno-Meichsner-i-George-Needham-portada.png 500w, https:\/\/fundacioferrermusica.org\/wp-content\/uploads\/2026\/04\/Lied-the-Future-Bruno-Meichsner-i-George-Needham-portada-285x300.png 285w\" sizes=\"(max-width: 500px) 100vw, 500px\" \/><\/a>\n\t\t\t\t\t<\/div>\n\t\t\n\t\t\t\n\t\t\t<div class=\"uael-post__content-wrap uael-content-wrap-disabled\">\n\t\t\t\t\t\t\t<div class=\"uael-post__terms-wrap\"><span class=\"uael-post__terms\"><span class=\"uael-listing__terms-link\">Excelencia musical<\/span><\/span><\/div>\n\t\t\t\t\n\t\t<div class=\"uael-post__excerpt\">\n\t\t\tHablamos con uno de los cinco ...\t\t<\/div>\n\n\t\t\t\t\t<\/div>\n\t\t\t\n\t\t<\/div>\n\t\t\n\t<\/div>\n\n<\/div>\n\n<div class=\"uael-post-wrapper   excelencia-musical noticias \">\n\t<div class=\"uael-post__bg-wrap uael-bg-wrap-disabled \">\n\n\t\t\t\t\n\t\t<div class=\"uael-post__inner-wrap uael-inner-wrap-disabled\">\n\n\t\t\t\t<div class=\"uael-post__thumbnail\">\n\t\t\t\n\t\t\t<a href=\"https:\/\/fundacioferrermusica.org\/es\/el-alumnado-del-programa-de-primaria-y-secundaria-musical-participa-en-liceu-familiar\/\" target=\"_self\" title=\"El alumnado del programa de Primaria y Secundaria Musical participa en Liceu Familiar\"><img decoding=\"async\" width=\"500\" height=\"526\" src=\"https:\/\/fundacioferrermusica.org\/wp-content\/uploads\/2026\/03\/Liceu-Familiar-portada.png\" class=\"attachment-full size-full wp-image-10581\" alt=\"\" srcset=\"https:\/\/fundacioferrermusica.org\/wp-content\/uploads\/2026\/03\/Liceu-Familiar-portada.png 500w, https:\/\/fundacioferrermusica.org\/wp-content\/uploads\/2026\/03\/Liceu-Familiar-portada-285x300.png 285w\" sizes=\"(max-width: 500px) 100vw, 500px\" \/><\/a>\n\t\t\t\t\t<\/div>\n\t\t\n\t\t\t\n\t\t\t<div class=\"uael-post__content-wrap uael-content-wrap-disabled\">\n\t\t\t\t\t\t\t<div class=\"uael-post__terms-wrap\"><span class=\"uael-post__terms\"><span class=\"uael-listing__terms-link\">Excelencia musical<\/span><\/span><\/div>\n\t\t\t\t\n\t\t<div class=\"uael-post__excerpt\">\n\t\t\tEl alumnado del programa de Primaria ...\t\t<\/div>\n\n\t\t\t\t\t<\/div>\n\t\t\t\n\t\t<\/div>\n\t\t\n\t<\/div>\n\n<\/div>\n\n<div class=\"uael-post-wrapper   excelencia-musical noticias \">\n\t<div class=\"uael-post__bg-wrap uael-bg-wrap-disabled \">\n\n\t\t\t\t\n\t\t<div class=\"uael-post__inner-wrap uael-inner-wrap-disabled\">\n\n\t\t\t\t<div class=\"uael-post__thumbnail\">\n\t\t\t\n\t\t\t<a href=\"https:\/\/fundacioferrermusica.org\/es\/impulsem-el-talent-emergent-amb-el-premi-extraordinari-del-concurs-tenor-vinas-2026\/\" target=\"_self\" title=\"Impulsamos el talento emergente con el Premio Extraordinario del Concurso Tenor Vi\u00f1as 2026\"><img loading=\"lazy\" decoding=\"async\" width=\"500\" height=\"526\" src=\"https:\/\/fundacioferrermusica.org\/wp-content\/uploads\/2026\/03\/Portada-web-Tenor-Vinas.png\" class=\"attachment-full size-full wp-image-10521\" alt=\"\" srcset=\"https:\/\/fundacioferrermusica.org\/wp-content\/uploads\/2026\/03\/Portada-web-Tenor-Vinas.png 500w, https:\/\/fundacioferrermusica.org\/wp-content\/uploads\/2026\/03\/Portada-web-Tenor-Vinas-285x300.png 285w\" sizes=\"(max-width: 500px) 100vw, 500px\" \/><\/a>\n\t\t\t\t\t<\/div>\n\t\t\n\t\t\t\n\t\t\t<div class=\"uael-post__content-wrap uael-content-wrap-disabled\">\n\t\t\t\t\t\t\t<div class=\"uael-post__terms-wrap\"><span class=\"uael-post__terms\"><span class=\"uael-listing__terms-link\">Excelencia musical<\/span><\/span><\/div>\n\t\t\t\t\n\t\t<div class=\"uael-post__excerpt\">\n\t\t\tImpulsamos el talento emergente con el ...\t\t<\/div>\n\n\t\t\t\t\t<\/div>\n\t\t\t\n\t\t<\/div>\n\t\t\n\t<\/div>\n\n<\/div>\n\n<div class=\"uael-post-wrapper   excelencia-musical noticias \">\n\t<div class=\"uael-post__bg-wrap uael-bg-wrap-disabled \">\n\n\t\t\t\t\n\t\t<div class=\"uael-post__inner-wrap uael-inner-wrap-disabled\">\n\n\t\t\t\t<div class=\"uael-post__thumbnail\">\n\t\t\t\n\t\t\t<a href=\"https:\/\/fundacioferrermusica.org\/es\/lied-the-future-presenta-su-programacion-en-la-schubertiada\/\" target=\"_self\" title=\"Lied the Future presenta su programaci\u00f3n en la Schubert\u00edada\"><img loading=\"lazy\" decoding=\"async\" width=\"500\" height=\"526\" src=\"https:\/\/fundacioferrermusica.org\/wp-content\/uploads\/2026\/03\/Portada-web-Schubertiada.png\" class=\"attachment-full size-full wp-image-10548\" alt=\"\" srcset=\"https:\/\/fundacioferrermusica.org\/wp-content\/uploads\/2026\/03\/Portada-web-Schubertiada.png 500w, https:\/\/fundacioferrermusica.org\/wp-content\/uploads\/2026\/03\/Portada-web-Schubertiada-285x300.png 285w\" sizes=\"(max-width: 500px) 100vw, 500px\" \/><\/a>\n\t\t\t\t\t<\/div>\n\t\t\n\t\t\t\n\t\t\t<div class=\"uael-post__content-wrap uael-content-wrap-disabled\">\n\t\t\t\t\t\t\t<div class=\"uael-post__terms-wrap\"><span class=\"uael-post__terms\"><span class=\"uael-listing__terms-link\">Excelencia musical<\/span><\/span><\/div>\n\t\t\t\t\n\t\t<div class=\"uael-post__excerpt\">\n\t\t\tLied the Future presenta su programaci\u00f3n ...\t\t<\/div>\n\n\t\t\t\t\t<\/div>\n\t\t\t\n\t\t<\/div>\n\t\t\n\t<\/div>\n\n<\/div>\n\t\t\t\t<\/div>\n\t\t\t\t\t\t\n\t\t<\/div>\n\n\t\t\t\t\t\t<\/div>\n\t\t<div class=\"uael-post__footer\">\n\t\t\t\t\t<\/div>\n\t\t\t\t\t\t<\/div>\n\t\t\t\t<\/div>\n\t\t\t\t\t<\/div>\n\t\t<\/div>\n\t\t\t\t\t<\/div>\n\t\t<\/section>\n\t\t\t\t<\/div>\n\t\t","protected":false},"excerpt":{"rendered":"<p>Abierta la convocatoria del XLIII Premio Reina Sof\u00eda de Composici\u00f3n Musical La Fundaci\u00f3 Ferrer de M\u00fasica abre la convocatoria del XLIII Premio Reina Sof\u00eda de Composici\u00f3n Musical, que reconoce anualmente la excelencia y la innovaci\u00f3n en la creaci\u00f3n de obras de repertorio orquestal Creado en 1982, este galard\u00f3n se ha consolidado como uno de los [&hellip;]<\/p>\n","protected":false},"author":5,"featured_media":9119,"comment_status":"closed","ping_status":"closed","sticky":false,"template":"","format":"standard","meta":{"site-sidebar-layout":"default","site-content-layout":"","ast-site-content-layout":"default","site-content-style":"default","site-sidebar-style":"default","ast-global-header-display":"","ast-banner-title-visibility":"","ast-main-header-display":"","ast-hfb-above-header-display":"","ast-hfb-below-header-display":"","ast-hfb-mobile-header-display":"","site-post-title":"","ast-breadcrumbs-content":"","ast-featured-img":"","footer-sml-layout":"","ast-disable-related-posts":"","theme-transparent-header-meta":"default","adv-header-id-meta":"","stick-header-meta":"default","header-above-stick-meta":"","header-main-stick-meta":"","header-below-stick-meta":"","astra-migrate-meta-layouts":"set","ast-page-background-enabled":"default","ast-page-background-meta":{"desktop":{"background-color":"var(--ast-global-color-4)","background-image":"","background-repeat":"repeat","background-position":"center center","background-size":"auto","background-attachment":"scroll","background-type":"","background-media":"","overlay-type":"","overlay-color":"","overlay-opacity":"","overlay-gradient":""},"tablet":{"background-color":"","background-image":"","background-repeat":"repeat","background-position":"center center","background-size":"auto","background-attachment":"scroll","background-type":"","background-media":"","overlay-type":"","overlay-color":"","overlay-opacity":"","overlay-gradient":""},"mobile":{"background-color":"","background-image":"","background-repeat":"repeat","background-position":"center center","background-size":"auto","background-attachment":"scroll","background-type":"","background-media":"","overlay-type":"","overlay-color":"","overlay-opacity":"","overlay-gradient":""}},"ast-content-background-meta":{"desktop":{"background-color":"var(--ast-global-color-5)","background-image":"","background-repeat":"repeat","background-position":"center center","background-size":"auto","background-attachment":"scroll","background-type":"","background-media":"","overlay-type":"","overlay-color":"","overlay-opacity":"","overlay-gradient":""},"tablet":{"background-color":"var(--ast-global-color-5)","background-image":"","background-repeat":"repeat","background-position":"center center","background-size":"auto","background-attachment":"scroll","background-type":"","background-media":"","overlay-type":"","overlay-color":"","overlay-opacity":"","overlay-gradient":""},"mobile":{"background-color":"var(--ast-global-color-5)","background-image":"","background-repeat":"repeat","background-position":"center center","background-size":"auto","background-attachment":"scroll","background-type":"","background-media":"","overlay-type":"","overlay-color":"","overlay-opacity":"","overlay-gradient":""}},"footnotes":""},"categories":[40,38,26,36],"tags":[133],"class_list":["post-9105","post","type-post","status-publish","format-standard","has-post-thumbnail","hentry","category-excelencia","category-excelencia-musical","category-noticies-es","category-premio-reina-sofia","tag-premi-reina-sofia-es"],"yoast_head":"<!-- This site is optimized with the Yoast SEO plugin v27.2 - https:\/\/yoast.com\/product\/yoast-seo-wordpress\/ -->\n<title>Abierta la convocatoria del XLIII Premio Reina Sof\u00eda de Composici\u00f3n Musical - Fundaci\u00f3 de M\u00fasica Ferrer-Salat<\/title>\n<meta name=\"robots\" content=\"index, follow, max-snippet:-1, max-image-preview:large, max-video-preview:-1\" \/>\n<link rel=\"canonical\" href=\"https:\/\/fundacioferrermusica.org\/es\/abierta-la-convocatoria-del-xliii-premio-reina-sofia-de-composicion-musical\/\" \/>\n<meta property=\"og:locale\" content=\"es_ES\" \/>\n<meta property=\"og:type\" content=\"article\" \/>\n<meta property=\"og:title\" content=\"Abierta la convocatoria del XLIII Premio Reina Sof\u00eda de Composici\u00f3n Musical - Fundaci\u00f3 de M\u00fasica Ferrer-Salat\" \/>\n<meta property=\"og:description\" content=\"Abierta la convocatoria del XLIII Premio Reina Sof\u00eda de Composici\u00f3n Musical La Fundaci\u00f3 Ferrer de M\u00fasica abre la convocatoria del XLIII Premio Reina Sof\u00eda de Composici\u00f3n Musical, que reconoce anualmente la excelencia y la innovaci\u00f3n en la creaci\u00f3n de obras de repertorio orquestal Creado en 1982, este galard\u00f3n se ha consolidado como uno de los [&hellip;]\" \/>\n<meta property=\"og:url\" content=\"https:\/\/fundacioferrermusica.org\/es\/abierta-la-convocatoria-del-xliii-premio-reina-sofia-de-composicion-musical\/\" \/>\n<meta property=\"og:site_name\" content=\"Fundaci\u00f3 de M\u00fasica Ferrer-Salat\" \/>\n<meta property=\"article:published_time\" content=\"2025-04-10T07:45:27+00:00\" \/>\n<meta property=\"article:modified_time\" content=\"2025-04-10T10:09:31+00:00\" \/>\n<meta property=\"og:image\" content=\"https:\/\/fundacioferrermusica.org\/wp-content\/uploads\/2025\/04\/PLANTILLA-POST-NO-TOCAR-5.png\" \/>\n\t<meta property=\"og:image:width\" content=\"1080\" \/>\n\t<meta property=\"og:image:height\" content=\"1350\" \/>\n\t<meta property=\"og:image:type\" content=\"image\/png\" \/>\n<meta name=\"author\" content=\"fundacions ferrer\" \/>\n<meta name=\"twitter:card\" content=\"summary_large_image\" \/>\n<meta name=\"twitter:label1\" content=\"Escrito por\" \/>\n\t<meta name=\"twitter:data1\" content=\"fundacions ferrer\" \/>\n\t<meta name=\"twitter:label2\" content=\"Tiempo de lectura\" \/>\n\t<meta name=\"twitter:data2\" content=\"4 minutos\" \/>\n<script type=\"application\/ld+json\" class=\"yoast-schema-graph\">{\"@context\":\"https:\/\/schema.org\",\"@graph\":[{\"@type\":\"Article\",\"@id\":\"https:\/\/fundacioferrermusica.org\/es\/abierta-la-convocatoria-del-xliii-premio-reina-sofia-de-composicion-musical\/#article\",\"isPartOf\":{\"@id\":\"https:\/\/fundacioferrermusica.org\/es\/abierta-la-convocatoria-del-xliii-premio-reina-sofia-de-composicion-musical\/\"},\"author\":{\"name\":\"fundacions ferrer\",\"@id\":\"https:\/\/fundacioferrermusica.org\/#\/schema\/person\/1a47f90b7dd69b6280722b334dc8aaa4\"},\"headline\":\"Abierta la convocatoria del XLIII Premio Reina Sof\u00eda de Composici\u00f3n Musical\",\"datePublished\":\"2025-04-10T07:45:27+00:00\",\"dateModified\":\"2025-04-10T10:09:31+00:00\",\"mainEntityOfPage\":{\"@id\":\"https:\/\/fundacioferrermusica.org\/es\/abierta-la-convocatoria-del-xliii-premio-reina-sofia-de-composicion-musical\/\"},\"wordCount\":510,\"publisher\":{\"@id\":\"https:\/\/fundacioferrermusica.org\/#organization\"},\"image\":{\"@id\":\"https:\/\/fundacioferrermusica.org\/es\/abierta-la-convocatoria-del-xliii-premio-reina-sofia-de-composicion-musical\/#primaryimage\"},\"thumbnailUrl\":\"https:\/\/fundacioferrermusica.org\/wp-content\/uploads\/2025\/04\/PLANTILLA-POST-NO-TOCAR-5.png\",\"keywords\":[\"premi reina sofia\"],\"articleSection\":[\"Excelencia\",\"Excelencia musical\",\"Noticias\",\"Premio Reina Sof\u00eda\"],\"inLanguage\":\"es\"},{\"@type\":\"WebPage\",\"@id\":\"https:\/\/fundacioferrermusica.org\/es\/abierta-la-convocatoria-del-xliii-premio-reina-sofia-de-composicion-musical\/\",\"url\":\"https:\/\/fundacioferrermusica.org\/es\/abierta-la-convocatoria-del-xliii-premio-reina-sofia-de-composicion-musical\/\",\"name\":\"Abierta la convocatoria del XLIII Premio Reina Sof\u00eda de Composici\u00f3n Musical - Fundaci\u00f3 de M\u00fasica Ferrer-Salat\",\"isPartOf\":{\"@id\":\"https:\/\/fundacioferrermusica.org\/#website\"},\"primaryImageOfPage\":{\"@id\":\"https:\/\/fundacioferrermusica.org\/es\/abierta-la-convocatoria-del-xliii-premio-reina-sofia-de-composicion-musical\/#primaryimage\"},\"image\":{\"@id\":\"https:\/\/fundacioferrermusica.org\/es\/abierta-la-convocatoria-del-xliii-premio-reina-sofia-de-composicion-musical\/#primaryimage\"},\"thumbnailUrl\":\"https:\/\/fundacioferrermusica.org\/wp-content\/uploads\/2025\/04\/PLANTILLA-POST-NO-TOCAR-5.png\",\"datePublished\":\"2025-04-10T07:45:27+00:00\",\"dateModified\":\"2025-04-10T10:09:31+00:00\",\"breadcrumb\":{\"@id\":\"https:\/\/fundacioferrermusica.org\/es\/abierta-la-convocatoria-del-xliii-premio-reina-sofia-de-composicion-musical\/#breadcrumb\"},\"inLanguage\":\"es\",\"potentialAction\":[{\"@type\":\"ReadAction\",\"target\":[\"https:\/\/fundacioferrermusica.org\/es\/abierta-la-convocatoria-del-xliii-premio-reina-sofia-de-composicion-musical\/\"]}]},{\"@type\":\"ImageObject\",\"inLanguage\":\"es\",\"@id\":\"https:\/\/fundacioferrermusica.org\/es\/abierta-la-convocatoria-del-xliii-premio-reina-sofia-de-composicion-musical\/#primaryimage\",\"url\":\"https:\/\/fundacioferrermusica.org\/wp-content\/uploads\/2025\/04\/PLANTILLA-POST-NO-TOCAR-5.png\",\"contentUrl\":\"https:\/\/fundacioferrermusica.org\/wp-content\/uploads\/2025\/04\/PLANTILLA-POST-NO-TOCAR-5.png\",\"width\":1080,\"height\":1350},{\"@type\":\"BreadcrumbList\",\"@id\":\"https:\/\/fundacioferrermusica.org\/es\/abierta-la-convocatoria-del-xliii-premio-reina-sofia-de-composicion-musical\/#breadcrumb\",\"itemListElement\":[{\"@type\":\"ListItem\",\"position\":1,\"name\":\"Inici\",\"item\":\"https:\/\/fundacioferrermusica.org\/\"},{\"@type\":\"ListItem\",\"position\":2,\"name\":\"Abierta la convocatoria del XLIII Premio Reina Sof\u00eda de Composici\u00f3n Musical\"}]},{\"@type\":\"WebSite\",\"@id\":\"https:\/\/fundacioferrermusica.org\/#website\",\"url\":\"https:\/\/fundacioferrermusica.org\/\",\"name\":\"Fundaci\u00f3 de M\u00fasica Ferrer-Salat\",\"description\":\"40 anys generant oportunitats a trav\u00e9s de la m\u00fasica\",\"publisher\":{\"@id\":\"https:\/\/fundacioferrermusica.org\/#organization\"},\"potentialAction\":[{\"@type\":\"SearchAction\",\"target\":{\"@type\":\"EntryPoint\",\"urlTemplate\":\"https:\/\/fundacioferrermusica.org\/?s={search_term_string}\"},\"query-input\":{\"@type\":\"PropertyValueSpecification\",\"valueRequired\":true,\"valueName\":\"search_term_string\"}}],\"inLanguage\":\"es\"},{\"@type\":\"Organization\",\"@id\":\"https:\/\/fundacioferrermusica.org\/#organization\",\"name\":\"Fundaci\u00f3 de M\u00fasica Ferrer-Salat\",\"url\":\"https:\/\/fundacioferrermusica.org\/\",\"logo\":{\"@type\":\"ImageObject\",\"inLanguage\":\"es\",\"@id\":\"https:\/\/fundacioferrermusica.org\/#\/schema\/logo\/image\/\",\"url\":\"https:\/\/fundacioferrermusica.org\/wp-content\/uploads\/2022\/06\/cropped-FundacioMusicaFerrerSalat.png\",\"contentUrl\":\"https:\/\/fundacioferrermusica.org\/wp-content\/uploads\/2022\/06\/cropped-FundacioMusicaFerrerSalat.png\",\"width\":160,\"height\":53,\"caption\":\"Fundaci\u00f3 de M\u00fasica Ferrer-Salat\"},\"image\":{\"@id\":\"https:\/\/fundacioferrermusica.org\/#\/schema\/logo\/image\/\"}},{\"@type\":\"Person\",\"@id\":\"https:\/\/fundacioferrermusica.org\/#\/schema\/person\/1a47f90b7dd69b6280722b334dc8aaa4\",\"name\":\"fundacions ferrer\",\"image\":{\"@type\":\"ImageObject\",\"inLanguage\":\"es\",\"@id\":\"https:\/\/secure.gravatar.com\/avatar\/f45112a06cf0712b691961a6b47b71052b08d7b8f73c884aed3bef26c4770826?s=96&d=mm&r=g\",\"url\":\"https:\/\/secure.gravatar.com\/avatar\/f45112a06cf0712b691961a6b47b71052b08d7b8f73c884aed3bef26c4770826?s=96&d=mm&r=g\",\"contentUrl\":\"https:\/\/secure.gravatar.com\/avatar\/f45112a06cf0712b691961a6b47b71052b08d7b8f73c884aed3bef26c4770826?s=96&d=mm&r=g\",\"caption\":\"fundacions ferrer\"},\"url\":\"https:\/\/fundacioferrermusica.org\/es\/author\/socialmedia\/\"}]}<\/script>\n<!-- \/ Yoast SEO plugin. -->","yoast_head_json":{"title":"Abierta la convocatoria del XLIII Premio Reina Sof\u00eda de Composici\u00f3n Musical - Fundaci\u00f3 de M\u00fasica Ferrer-Salat","robots":{"index":"index","follow":"follow","max-snippet":"max-snippet:-1","max-image-preview":"max-image-preview:large","max-video-preview":"max-video-preview:-1"},"canonical":"https:\/\/fundacioferrermusica.org\/es\/abierta-la-convocatoria-del-xliii-premio-reina-sofia-de-composicion-musical\/","og_locale":"es_ES","og_type":"article","og_title":"Abierta la convocatoria del XLIII Premio Reina Sof\u00eda de Composici\u00f3n Musical - Fundaci\u00f3 de M\u00fasica Ferrer-Salat","og_description":"Abierta la convocatoria del XLIII Premio Reina Sof\u00eda de Composici\u00f3n Musical La Fundaci\u00f3 Ferrer de M\u00fasica abre la convocatoria del XLIII Premio Reina Sof\u00eda de Composici\u00f3n Musical, que reconoce anualmente la excelencia y la innovaci\u00f3n en la creaci\u00f3n de obras de repertorio orquestal Creado en 1982, este galard\u00f3n se ha consolidado como uno de los [&hellip;]","og_url":"https:\/\/fundacioferrermusica.org\/es\/abierta-la-convocatoria-del-xliii-premio-reina-sofia-de-composicion-musical\/","og_site_name":"Fundaci\u00f3 de M\u00fasica Ferrer-Salat","article_published_time":"2025-04-10T07:45:27+00:00","article_modified_time":"2025-04-10T10:09:31+00:00","og_image":[{"width":1080,"height":1350,"url":"https:\/\/fundacioferrermusica.org\/wp-content\/uploads\/2025\/04\/PLANTILLA-POST-NO-TOCAR-5.png","type":"image\/png"}],"author":"fundacions ferrer","twitter_card":"summary_large_image","twitter_misc":{"Escrito por":"fundacions ferrer","Tiempo de lectura":"4 minutos"},"schema":{"@context":"https:\/\/schema.org","@graph":[{"@type":"Article","@id":"https:\/\/fundacioferrermusica.org\/es\/abierta-la-convocatoria-del-xliii-premio-reina-sofia-de-composicion-musical\/#article","isPartOf":{"@id":"https:\/\/fundacioferrermusica.org\/es\/abierta-la-convocatoria-del-xliii-premio-reina-sofia-de-composicion-musical\/"},"author":{"name":"fundacions ferrer","@id":"https:\/\/fundacioferrermusica.org\/#\/schema\/person\/1a47f90b7dd69b6280722b334dc8aaa4"},"headline":"Abierta la convocatoria del XLIII Premio Reina Sof\u00eda de Composici\u00f3n Musical","datePublished":"2025-04-10T07:45:27+00:00","dateModified":"2025-04-10T10:09:31+00:00","mainEntityOfPage":{"@id":"https:\/\/fundacioferrermusica.org\/es\/abierta-la-convocatoria-del-xliii-premio-reina-sofia-de-composicion-musical\/"},"wordCount":510,"publisher":{"@id":"https:\/\/fundacioferrermusica.org\/#organization"},"image":{"@id":"https:\/\/fundacioferrermusica.org\/es\/abierta-la-convocatoria-del-xliii-premio-reina-sofia-de-composicion-musical\/#primaryimage"},"thumbnailUrl":"https:\/\/fundacioferrermusica.org\/wp-content\/uploads\/2025\/04\/PLANTILLA-POST-NO-TOCAR-5.png","keywords":["premi reina sofia"],"articleSection":["Excelencia","Excelencia musical","Noticias","Premio Reina Sof\u00eda"],"inLanguage":"es"},{"@type":"WebPage","@id":"https:\/\/fundacioferrermusica.org\/es\/abierta-la-convocatoria-del-xliii-premio-reina-sofia-de-composicion-musical\/","url":"https:\/\/fundacioferrermusica.org\/es\/abierta-la-convocatoria-del-xliii-premio-reina-sofia-de-composicion-musical\/","name":"Abierta la convocatoria del XLIII Premio Reina Sof\u00eda de Composici\u00f3n Musical - Fundaci\u00f3 de M\u00fasica Ferrer-Salat","isPartOf":{"@id":"https:\/\/fundacioferrermusica.org\/#website"},"primaryImageOfPage":{"@id":"https:\/\/fundacioferrermusica.org\/es\/abierta-la-convocatoria-del-xliii-premio-reina-sofia-de-composicion-musical\/#primaryimage"},"image":{"@id":"https:\/\/fundacioferrermusica.org\/es\/abierta-la-convocatoria-del-xliii-premio-reina-sofia-de-composicion-musical\/#primaryimage"},"thumbnailUrl":"https:\/\/fundacioferrermusica.org\/wp-content\/uploads\/2025\/04\/PLANTILLA-POST-NO-TOCAR-5.png","datePublished":"2025-04-10T07:45:27+00:00","dateModified":"2025-04-10T10:09:31+00:00","breadcrumb":{"@id":"https:\/\/fundacioferrermusica.org\/es\/abierta-la-convocatoria-del-xliii-premio-reina-sofia-de-composicion-musical\/#breadcrumb"},"inLanguage":"es","potentialAction":[{"@type":"ReadAction","target":["https:\/\/fundacioferrermusica.org\/es\/abierta-la-convocatoria-del-xliii-premio-reina-sofia-de-composicion-musical\/"]}]},{"@type":"ImageObject","inLanguage":"es","@id":"https:\/\/fundacioferrermusica.org\/es\/abierta-la-convocatoria-del-xliii-premio-reina-sofia-de-composicion-musical\/#primaryimage","url":"https:\/\/fundacioferrermusica.org\/wp-content\/uploads\/2025\/04\/PLANTILLA-POST-NO-TOCAR-5.png","contentUrl":"https:\/\/fundacioferrermusica.org\/wp-content\/uploads\/2025\/04\/PLANTILLA-POST-NO-TOCAR-5.png","width":1080,"height":1350},{"@type":"BreadcrumbList","@id":"https:\/\/fundacioferrermusica.org\/es\/abierta-la-convocatoria-del-xliii-premio-reina-sofia-de-composicion-musical\/#breadcrumb","itemListElement":[{"@type":"ListItem","position":1,"name":"Inici","item":"https:\/\/fundacioferrermusica.org\/"},{"@type":"ListItem","position":2,"name":"Abierta la convocatoria del XLIII Premio Reina Sof\u00eda de Composici\u00f3n Musical"}]},{"@type":"WebSite","@id":"https:\/\/fundacioferrermusica.org\/#website","url":"https:\/\/fundacioferrermusica.org\/","name":"Fundaci\u00f3 de M\u00fasica Ferrer-Salat","description":"40 anys generant oportunitats a trav\u00e9s de la m\u00fasica","publisher":{"@id":"https:\/\/fundacioferrermusica.org\/#organization"},"potentialAction":[{"@type":"SearchAction","target":{"@type":"EntryPoint","urlTemplate":"https:\/\/fundacioferrermusica.org\/?s={search_term_string}"},"query-input":{"@type":"PropertyValueSpecification","valueRequired":true,"valueName":"search_term_string"}}],"inLanguage":"es"},{"@type":"Organization","@id":"https:\/\/fundacioferrermusica.org\/#organization","name":"Fundaci\u00f3 de M\u00fasica Ferrer-Salat","url":"https:\/\/fundacioferrermusica.org\/","logo":{"@type":"ImageObject","inLanguage":"es","@id":"https:\/\/fundacioferrermusica.org\/#\/schema\/logo\/image\/","url":"https:\/\/fundacioferrermusica.org\/wp-content\/uploads\/2022\/06\/cropped-FundacioMusicaFerrerSalat.png","contentUrl":"https:\/\/fundacioferrermusica.org\/wp-content\/uploads\/2022\/06\/cropped-FundacioMusicaFerrerSalat.png","width":160,"height":53,"caption":"Fundaci\u00f3 de M\u00fasica Ferrer-Salat"},"image":{"@id":"https:\/\/fundacioferrermusica.org\/#\/schema\/logo\/image\/"}},{"@type":"Person","@id":"https:\/\/fundacioferrermusica.org\/#\/schema\/person\/1a47f90b7dd69b6280722b334dc8aaa4","name":"fundacions ferrer","image":{"@type":"ImageObject","inLanguage":"es","@id":"https:\/\/secure.gravatar.com\/avatar\/f45112a06cf0712b691961a6b47b71052b08d7b8f73c884aed3bef26c4770826?s=96&d=mm&r=g","url":"https:\/\/secure.gravatar.com\/avatar\/f45112a06cf0712b691961a6b47b71052b08d7b8f73c884aed3bef26c4770826?s=96&d=mm&r=g","contentUrl":"https:\/\/secure.gravatar.com\/avatar\/f45112a06cf0712b691961a6b47b71052b08d7b8f73c884aed3bef26c4770826?s=96&d=mm&r=g","caption":"fundacions ferrer"},"url":"https:\/\/fundacioferrermusica.org\/es\/author\/socialmedia\/"}]}},"_links":{"self":[{"href":"https:\/\/fundacioferrermusica.org\/es\/wp-json\/wp\/v2\/posts\/9105","targetHints":{"allow":["GET"]}}],"collection":[{"href":"https:\/\/fundacioferrermusica.org\/es\/wp-json\/wp\/v2\/posts"}],"about":[{"href":"https:\/\/fundacioferrermusica.org\/es\/wp-json\/wp\/v2\/types\/post"}],"author":[{"embeddable":true,"href":"https:\/\/fundacioferrermusica.org\/es\/wp-json\/wp\/v2\/users\/5"}],"replies":[{"embeddable":true,"href":"https:\/\/fundacioferrermusica.org\/es\/wp-json\/wp\/v2\/comments?post=9105"}],"version-history":[{"count":8,"href":"https:\/\/fundacioferrermusica.org\/es\/wp-json\/wp\/v2\/posts\/9105\/revisions"}],"predecessor-version":[{"id":9124,"href":"https:\/\/fundacioferrermusica.org\/es\/wp-json\/wp\/v2\/posts\/9105\/revisions\/9124"}],"wp:featuredmedia":[{"embeddable":true,"href":"https:\/\/fundacioferrermusica.org\/es\/wp-json\/wp\/v2\/media\/9119"}],"wp:attachment":[{"href":"https:\/\/fundacioferrermusica.org\/es\/wp-json\/wp\/v2\/media?parent=9105"}],"wp:term":[{"taxonomy":"category","embeddable":true,"href":"https:\/\/fundacioferrermusica.org\/es\/wp-json\/wp\/v2\/categories?post=9105"},{"taxonomy":"post_tag","embeddable":true,"href":"https:\/\/fundacioferrermusica.org\/es\/wp-json\/wp\/v2\/tags?post=9105"}],"curies":[{"name":"wp","href":"https:\/\/api.w.org\/{rel}","templated":true}]}}