{"id":8758,"date":"2025-02-19T11:40:27","date_gmt":"2025-02-19T11:40:27","guid":{"rendered":"https:\/\/fundaciomusicaferrersalat.awspreferrer.com\/arriba-la-xvi-edicio-de-les-beques-ferrer-salat-conservatori-liceu\/"},"modified":"2025-02-19T12:08:20","modified_gmt":"2025-02-19T12:08:20","slug":"llega-la-xvi-edicion-de-las-becas-ferrer-salat-conservatori-liceu","status":"publish","type":"post","link":"https:\/\/fundacioferrermusica.org\/es\/llega-la-xvi-edicion-de-las-becas-ferrer-salat-conservatori-liceu\/","title":{"rendered":"Llega la XVI edici\u00f3n de las Becas Ferrer-Salat \/ Conservatori Liceu"},"content":{"rendered":"\t\t<div data-elementor-type=\"wp-post\" data-elementor-id=\"8758\" class=\"elementor elementor-8758 elementor-8741\" data-elementor-post-type=\"post\">\n\t\t\t\t\t\t<section class=\"elementor-section elementor-top-section elementor-element elementor-element-6999563 elementor-section-full_width top-title elementor-section-height-default elementor-section-height-default\" data-id=\"6999563\" data-element_type=\"section\" data-e-type=\"section\">\n\t\t\t\t\t\t<div class=\"elementor-container elementor-column-gap-default\">\n\t\t\t\t\t<div class=\"elementor-column elementor-col-100 elementor-top-column elementor-element elementor-element-b778990\" data-id=\"b778990\" data-element_type=\"column\" data-e-type=\"column\">\n\t\t\t<div class=\"elementor-widget-wrap elementor-element-populated\">\n\t\t\t\t\t\t<div class=\"elementor-element elementor-element-5f43cab elementor-widget elementor-widget-heading\" data-id=\"5f43cab\" data-element_type=\"widget\" data-e-type=\"widget\" data-widget_type=\"heading.default\">\n\t\t\t\t<div class=\"elementor-widget-container\">\n\t\t\t\t\t<h1 class=\"elementor-heading-title elementor-size-default\">Llega la XVI edici\u00f3n de las Becas Ferrer-Salat\/Conservatori Liceu<\/h1>\t\t\t\t<\/div>\n\t\t\t\t<\/div>\n\t\t\t\t\t<\/div>\n\t\t<\/div>\n\t\t\t\t\t<\/div>\n\t\t<\/section>\n\t\t\t\t<section class=\"elementor-section elementor-top-section elementor-element elementor-element-53bf974 elementor-section-full_width elementor-section-height-default elementor-section-height-default\" data-id=\"53bf974\" data-element_type=\"section\" data-e-type=\"section\">\n\t\t\t\t\t\t<div class=\"elementor-container elementor-column-gap-default\">\n\t\t\t\t\t<div class=\"elementor-column elementor-col-50 elementor-top-column elementor-element elementor-element-d2d2b77\" data-id=\"d2d2b77\" data-element_type=\"column\" data-e-type=\"column\">\n\t\t\t<div class=\"elementor-widget-wrap elementor-element-populated\">\n\t\t\t\t\t\t<div class=\"elementor-element elementor-element-f67ee30 elementor-widget elementor-widget-image\" data-id=\"f67ee30\" data-element_type=\"widget\" data-e-type=\"widget\" data-widget_type=\"image.default\">\n\t\t\t\t<div class=\"elementor-widget-container\">\n\t\t\t\t\t\t\t\t\t\t\t\t\t\t\t<img fetchpriority=\"high\" decoding=\"async\" width=\"819\" height=\"1024\" src=\"https:\/\/fundacioferrermusica.org\/wp-content\/uploads\/2025\/02\/beques-ferrer-salat-edicio-xvi-819x1024.jpg\" class=\"attachment-large size-large wp-image-8744\" alt=\"\" srcset=\"https:\/\/fundacioferrermusica.org\/wp-content\/uploads\/2025\/02\/beques-ferrer-salat-edicio-xvi-819x1024.jpg 819w, https:\/\/fundacioferrermusica.org\/wp-content\/uploads\/2025\/02\/beques-ferrer-salat-edicio-xvi-240x300.jpg 240w, https:\/\/fundacioferrermusica.org\/wp-content\/uploads\/2025\/02\/beques-ferrer-salat-edicio-xvi-768x960.jpg 768w, https:\/\/fundacioferrermusica.org\/wp-content\/uploads\/2025\/02\/beques-ferrer-salat-edicio-xvi-1229x1536.jpg 1229w, https:\/\/fundacioferrermusica.org\/wp-content\/uploads\/2025\/02\/beques-ferrer-salat-edicio-xvi-1638x2048.jpg 1638w, https:\/\/fundacioferrermusica.org\/wp-content\/uploads\/2025\/02\/beques-ferrer-salat-edicio-xvi-scaled.jpg 2048w\" sizes=\"(max-width: 819px) 100vw, 819px\" \/>\t\t\t\t\t\t\t\t\t\t\t\t\t\t\t<\/div>\n\t\t\t\t<\/div>\n\t\t\t\t<div class=\"elementor-element elementor-element-93316cd elementor-widget elementor-widget-video\" data-id=\"93316cd\" data-element_type=\"widget\" data-e-type=\"widget\" data-settings=\"{&quot;youtube_url&quot;:&quot;https:\\\/\\\/youtu.be\\\/Ok_46o7GHmU?si=ffycQNGlPO4Ih9cz&quot;,&quot;video_type&quot;:&quot;youtube&quot;,&quot;controls&quot;:&quot;yes&quot;}\" data-widget_type=\"video.default\">\n\t\t\t\t<div class=\"elementor-widget-container\">\n\t\t\t\t\t\t\t<div class=\"elementor-wrapper elementor-open-inline\">\n\t\t\t<div class=\"elementor-video\"><\/div>\t\t<\/div>\n\t\t\t\t\t\t<\/div>\n\t\t\t\t<\/div>\n\t\t\t\t\t<\/div>\n\t\t<\/div>\n\t\t\t\t<div class=\"elementor-column elementor-col-50 elementor-top-column elementor-element elementor-element-a98c464\" data-id=\"a98c464\" data-element_type=\"column\" data-e-type=\"column\">\n\t\t\t<div class=\"elementor-widget-wrap elementor-element-populated\">\n\t\t\t\t\t\t<div class=\"elementor-element elementor-element-5abb12b elementor-widget elementor-widget-heading\" data-id=\"5abb12b\" data-element_type=\"widget\" data-e-type=\"widget\" data-widget_type=\"heading.default\">\n\t\t\t\t<div class=\"elementor-widget-container\">\n\t\t\t\t\t<h2 class=\"elementor-heading-title elementor-size-default\">Este a\u00f1o convocamos una nueva edici\u00f3n de las Becas Ferrer-Salat \/ Conservatori Liceu, reafirmando nuestro compromiso con el talento y la excelencia musical. Ofrecemos 20 becas que permiten acceder a los estudios superiores de m\u00fasica en el Centro Superior de la Fundaci\u00f3n Conservatori Liceu y cubren la totalidad de los costos de los cuatro a\u00f1os de formaci\u00f3n. <\/h2>\t\t\t\t<\/div>\n\t\t\t\t<\/div>\n\t\t\t\t<div class=\"elementor-element elementor-element-f5a53bc elementor-widget elementor-widget-text-editor\" data-id=\"f5a53bc\" data-element_type=\"widget\" data-e-type=\"widget\" data-widget_type=\"text-editor.default\">\n\t\t\t\t<div class=\"elementor-widget-container\">\n\t\t\t\t\t\t\t\t\t<p><span data-contrast=\"auto\">Creemos que la educaci\u00f3n musical es fundamental para el desarrollo personal y social, y por ello trabajamos para eliminar las barreras econ\u00f3micas que puedan limitar el acceso a una buena formaci\u00f3n. Desde sus inicios, este programa ha apoyado a m\u00e1s de 200 estudiantes, ayud\u00e1ndolos a impulsar su carrera art\u00edstica en un entorno educativo de prestigio.<\/span><span data-ccp-props=\"{&quot;134233117&quot;:false,&quot;134233118&quot;:false,&quot;335551550&quot;:6,&quot;335551620&quot;:6,&quot;335559738&quot;:240,&quot;335559739&quot;:240}\">\u00a0<\/span><\/p><p><span data-contrast=\"auto\">El calendario de la convocatoria 2025 es el siguiente:<\/span><span data-ccp-props=\"{&quot;134233117&quot;:false,&quot;134233118&quot;:false,&quot;335551550&quot;:6,&quot;335551620&quot;:6,&quot;335559738&quot;:240,&quot;335559739&quot;:240}\">\u00a0<\/span><\/p><ul><li data-leveltext=\"\uf0b7\" data-font=\"Symbol\" data-listid=\"7\" data-list-defn-props=\"{&quot;335552541&quot;:1,&quot;335559683&quot;:0,&quot;335559684&quot;:-2,&quot;335559685&quot;:720,&quot;335559991&quot;:360,&quot;469769226&quot;:&quot;Symbol&quot;,&quot;469769242&quot;:[8226],&quot;469777803&quot;:&quot;left&quot;,&quot;469777804&quot;:&quot;\uf0b7&quot;,&quot;469777815&quot;:&quot;hybridMultilevel&quot;}\" aria-setsize=\"-1\" data-aria-posinset=\"1\" data-aria-level=\"1\"><b><span data-contrast=\"auto\">Inscripciones y presentaci\u00f3n de documentaci\u00f3n y v\u00eddeos<\/span><\/b><span data-contrast=\"auto\"> hasta el 10 de marzo de 2025.<\/span><span data-ccp-props=\"{&quot;134233117&quot;:false,&quot;134233118&quot;:false,&quot;335551550&quot;:6,&quot;335551620&quot;:6,&quot;335559738&quot;:0,&quot;335559739&quot;:0}\">\u00a0<\/span><\/li><\/ul><ul><li data-leveltext=\"\uf0b7\" data-font=\"Symbol\" data-listid=\"7\" data-list-defn-props=\"{&quot;335552541&quot;:1,&quot;335559683&quot;:0,&quot;335559684&quot;:-2,&quot;335559685&quot;:720,&quot;335559991&quot;:360,&quot;469769226&quot;:&quot;Symbol&quot;,&quot;469769242&quot;:[8226],&quot;469777803&quot;:&quot;left&quot;,&quot;469777804&quot;:&quot;\uf0b7&quot;,&quot;469777815&quot;:&quot;hybridMultilevel&quot;}\" aria-setsize=\"-1\" data-aria-posinset=\"2\" data-aria-level=\"1\"><b><span data-contrast=\"auto\">Jornada de Puertas Abiertas<\/span><\/b><span data-contrast=\"auto\"> el 22 de febrero de 2025.<\/span><span data-ccp-props=\"{&quot;134233117&quot;:false,&quot;134233118&quot;:false,&quot;335551550&quot;:6,&quot;335551620&quot;:6,&quot;335559738&quot;:0,&quot;335559739&quot;:0}\">\u00a0<\/span><\/li><\/ul><ul><li data-leveltext=\"\uf0b7\" data-font=\"Symbol\" data-listid=\"7\" data-list-defn-props=\"{&quot;335552541&quot;:1,&quot;335559683&quot;:0,&quot;335559684&quot;:-2,&quot;335559685&quot;:720,&quot;335559991&quot;:360,&quot;469769226&quot;:&quot;Symbol&quot;,&quot;469769242&quot;:[8226],&quot;469777803&quot;:&quot;left&quot;,&quot;469777804&quot;:&quot;\uf0b7&quot;,&quot;469777815&quot;:&quot;hybridMultilevel&quot;}\" aria-setsize=\"-1\" data-aria-posinset=\"3\" data-aria-level=\"1\"><b><span data-contrast=\"auto\">Publicaci\u00f3n de los candidatos seleccionados para la segunda fase<\/span><\/b><span data-contrast=\"auto\">, el 10 de abril de 2025.<\/span><span data-ccp-props=\"{&quot;134233117&quot;:false,&quot;134233118&quot;:false,&quot;335551550&quot;:6,&quot;335551620&quot;:6,&quot;335559738&quot;:0,&quot;335559739&quot;:0}\">\u00a0<\/span><\/li><\/ul><ul><li data-leveltext=\"\uf0b7\" data-font=\"Symbol\" data-listid=\"7\" data-list-defn-props=\"{&quot;335552541&quot;:1,&quot;335559683&quot;:0,&quot;335559684&quot;:-2,&quot;335559685&quot;:720,&quot;335559991&quot;:360,&quot;469769226&quot;:&quot;Symbol&quot;,&quot;469769242&quot;:[8226],&quot;469777803&quot;:&quot;left&quot;,&quot;469777804&quot;:&quot;\uf0b7&quot;,&quot;469777815&quot;:&quot;hybridMultilevel&quot;}\" aria-setsize=\"-1\" data-aria-posinset=\"4\" data-aria-level=\"1\"><b><span data-contrast=\"auto\">Audiciones de la segunda fase para los candidatos de Interpretaci\u00f3n y pruebas para los de Composici\u00f3n<\/span><\/b><span data-contrast=\"auto\">, del 5 al 8 de mayo de 2025.<\/span><span data-ccp-props=\"{&quot;134233117&quot;:false,&quot;134233118&quot;:false,&quot;335551550&quot;:6,&quot;335551620&quot;:6,&quot;335559738&quot;:0,&quot;335559739&quot;:0}\">\u00a0<\/span><\/li><\/ul><ul><li data-leveltext=\"\uf0b7\" data-font=\"Symbol\" data-listid=\"7\" data-list-defn-props=\"{&quot;335552541&quot;:1,&quot;335559683&quot;:0,&quot;335559684&quot;:-2,&quot;335559685&quot;:720,&quot;335559991&quot;:360,&quot;469769226&quot;:&quot;Symbol&quot;,&quot;469769242&quot;:[8226],&quot;469777803&quot;:&quot;left&quot;,&quot;469777804&quot;:&quot;\uf0b7&quot;,&quot;469777815&quot;:&quot;hybridMultilevel&quot;}\" aria-setsize=\"-1\" data-aria-posinset=\"5\" data-aria-level=\"1\"><b><span data-contrast=\"auto\">Comunicaci\u00f3n de los resultados finales<\/span><\/b><span data-contrast=\"auto\"> el 8 de mayo de 2025, coincidiendo con el Concierto de Becarios de la edici\u00f3n anterior.<\/span><span data-ccp-props=\"{&quot;134233117&quot;:false,&quot;134233118&quot;:false,&quot;335551550&quot;:6,&quot;335551620&quot;:6,&quot;335559738&quot;:0,&quot;335559739&quot;:0}\">\u00a0<\/span><\/li><\/ul><p><span data-contrast=\"auto\">Los estudiantes interesados pueden consultar las bases de la convocatoria y formalizar su inscripci\u00f3n en los siguientes enlaces:<\/span><span data-ccp-props=\"{&quot;134233117&quot;:false,&quot;134233118&quot;:false,&quot;335551550&quot;:6,&quot;335551620&quot;:6,&quot;335559738&quot;:240,&quot;335559739&quot;:240}\">\u00a0<\/span><\/p>\t\t\t\t\t\t\t\t<\/div>\n\t\t\t\t<\/div>\n\t\t\t\t<div class=\"elementor-element elementor-element-0a03d0e elementor-widget elementor-widget-text-editor\" data-id=\"0a03d0e\" data-element_type=\"widget\" data-e-type=\"widget\" data-widget_type=\"text-editor.default\">\n\t\t\t\t<div class=\"elementor-widget-container\">\n\t\t\t\t\t\t\t\t\t<div class=\"OutlineElement Ltr SCXW59165159 BCX0\" style=\"-webkit-user-drag: none; -webkit-tap-highlight-color: transparent; margin: 0px; padding: 0px; user-select: text; clear: both; cursor: text; overflow: visible; position: relative; direction: ltr; font-family: &quot;Segoe UI&quot;, &quot;Segoe UI Web&quot;, Arial, Verdana, sans-serif; font-size: 12px;\"><p class=\"Paragraph SCXW59165159 BCX0\" xml:lang=\"ES-ES\" lang=\"ES-ES\" paraid=\"2146279899\" paraeid=\"{c8a8f2a4-8d5f-4a43-8c7f-9f3cf9cd0458}{241}\" style=\"-webkit-user-drag: none; -webkit-tap-highlight-color: transparent; margin-top: 16px; margin-bottom: 16px; user-select: text; overflow-wrap: break-word; white-space-collapse: preserve; font-weight: normal; font-style: normal; font-kerning: none; background-color: transparent; color: windowtext; text-align: justify;\"><span data-contrast=\"auto\" xml:lang=\"ES-ES\" lang=\"ES-ES\" class=\"TextRun SCXW59165159 BCX0\" style=\"-webkit-user-drag: none; -webkit-tap-highlight-color: transparent; margin: 0px; padding: 0px; user-select: text; font-variant-ligatures: none !important; font-size: 12pt; line-height: 20.85px; font-family: Aptos, Aptos_EmbeddedFont, Aptos_MSFontService, sans-serif;\"><span class=\"NormalTextRun SCXW59165159 BCX0\" style=\"-webkit-user-drag: none; -webkit-tap-highlight-color: transparent; margin: 0px; padding: 0px; user-select: text;\">Adem\u00e1s de tener garantizada su formaci\u00f3n, los becarios tienen acceso a un amplio programa de clases magistrales impartidas por m\u00fasicos de prestigio internacional y participar\u00e1n en diversas actividades art\u00edsticas.<\/span><span class=\"NormalTextRun SCXW59165159 BCX0\" style=\"-webkit-user-drag: none; -webkit-tap-highlight-color: transparent; margin: 0px; padding: 0px; user-select: text;\"> Entre ellas, los conciertos de <\/span><\/span><span data-contrast=\"auto\" xml:lang=\"ES-ES\" lang=\"ES-ES\" class=\"TextRun SCXW59165159 BCX0\" style=\"-webkit-user-drag: none; -webkit-tap-highlight-color: transparent; margin: 0px; padding: 0px; user-select: text; font-variant-ligatures: none !important; font-size: 12pt; line-height: 20.85px; font-family: Aptos, Aptos_EmbeddedFont, Aptos_MSFontService, sans-serif; font-weight: bold;\"><span class=\"NormalTextRun SpellingErrorV2Themed SCXW59165159 BCX0\" style=\"-webkit-user-drag: none; -webkit-tap-highlight-color: transparent; margin: 0px; padding: 0px; user-select: text; background-position: 0px 100%; background-repeat: repeat-x; background-image: var(--urlSpellingErrorV2,url(&quot;data:image\/svg+xml;base64,PHN2ZyB4bWxucz0iaHR0cDovL3d3dy53My5vcmcvMjAwMC9zdmciIHdpZHRoPSI1IiBoZWlnaHQ9IjQiPjxnIGZpbGw9Im5vbmUiIGZpbGwtcnVsZT0iZXZlbm9kZCI+PHBhdGggc3Ryb2tlPSIjRUIwMDAwIiBkPSJNMCAzYzEuMjUgMCAxLjI1LTIgMi41LTJTMy43NSAzIDUgMyIvPjxwYXRoIGQ9Ik0wIDBoNXY0SDB6Ii8+PC9nPjwvc3ZnPg==&quot;)); border-bottom: 1px solid transparent;\">Liceu<\/span><span class=\"NormalTextRun SCXW59165159 BCX0\" style=\"-webkit-user-drag: none; -webkit-tap-highlight-color: transparent; margin: 0px; padding: 0px; user-select: text;\"> Jove<\/span><\/span><span data-contrast=\"auto\" xml:lang=\"ES-ES\" lang=\"ES-ES\" class=\"TextRun SCXW59165159 BCX0\" style=\"-webkit-user-drag: none; -webkit-tap-highlight-color: transparent; margin: 0px; padding: 0px; user-select: text; font-variant-ligatures: none !important; font-size: 12pt; line-height: 20.85px; font-family: Aptos, Aptos_EmbeddedFont, Aptos_MSFontService, sans-serif;\"> y las iniciativas <\/span><span data-contrast=\"auto\" xml:lang=\"ES-ES\" lang=\"ES-ES\" class=\"TextRun SCXW59165159 BCX0\" style=\"-webkit-user-drag: none; -webkit-tap-highlight-color: transparent; margin: 0px; padding: 0px; user-select: text; font-variant-ligatures: none !important; font-size: 12pt; line-height: 20.85px; font-family: Aptos, Aptos_EmbeddedFont, Aptos_MSFontService, sans-serif; font-weight: bold;\"><span class=\"NormalTextRun SpellingErrorV2Themed SCXW59165159 BCX0\" style=\"-webkit-user-drag: none; -webkit-tap-highlight-color: transparent; margin: 0px; padding: 0px; user-select: text; background-position: 0px 100%; background-repeat: repeat-x; background-image: var(--urlSpellingErrorV2,url(&quot;data:image\/svg+xml;base64,PHN2ZyB4bWxucz0iaHR0cDovL3d3dy53My5vcmcvMjAwMC9zdmciIHdpZHRoPSI1IiBoZWlnaHQ9IjQiPjxnIGZpbGw9Im5vbmUiIGZpbGwtcnVsZT0iZXZlbm9kZCI+PHBhdGggc3Ryb2tlPSIjRUIwMDAwIiBkPSJNMCAzYzEuMjUgMCAxLjI1LTIgMi41LTJTMy43NSAzIDUgMyIvPjxwYXRoIGQ9Ik0wIDBoNXY0SDB6Ii8+PC9nPjwvc3ZnPg==&quot;)); border-bottom: 1px solid transparent;\">Liceu<\/span><span class=\"NormalTextRun SCXW59165159 BCX0\" style=\"-webkit-user-drag: none; -webkit-tap-highlight-color: transparent; margin: 0px; padding: 0px; user-select: text;\"> Cambra<\/span><\/span><span data-contrast=\"auto\" xml:lang=\"ES-ES\" lang=\"ES-ES\" class=\"TextRun SCXW59165159 BCX0\" style=\"-webkit-user-drag: none; -webkit-tap-highlight-color: transparent; margin: 0px; padding: 0px; user-select: text; font-variant-ligatures: none !important; font-size: 12pt; line-height: 20.85px; font-family: Aptos, Aptos_EmbeddedFont, Aptos_MSFontService, sans-serif;\"> y <\/span><span data-contrast=\"auto\" xml:lang=\"ES-ES\" lang=\"ES-ES\" class=\"TextRun SCXW59165159 BCX0\" style=\"-webkit-user-drag: none; -webkit-tap-highlight-color: transparent; margin: 0px; padding: 0px; user-select: text; font-variant-ligatures: none !important; font-size: 12pt; line-height: 20.85px; font-family: Aptos, Aptos_EmbeddedFont, Aptos_MSFontService, sans-serif; font-weight: bold;\"><span class=\"NormalTextRun SpellingErrorV2Themed SCXW59165159 BCX0\" style=\"-webkit-user-drag: none; -webkit-tap-highlight-color: transparent; margin: 0px; padding: 0px; user-select: text; background-position: 0px 100%; background-repeat: repeat-x; background-image: var(--urlSpellingErrorV2,url(&quot;data:image\/svg+xml;base64,PHN2ZyB4bWxucz0iaHR0cDovL3d3dy53My5vcmcvMjAwMC9zdmciIHdpZHRoPSI1IiBoZWlnaHQ9IjQiPjxnIGZpbGw9Im5vbmUiIGZpbGwtcnVsZT0iZXZlbm9kZCI+PHBhdGggc3Ryb2tlPSIjRUIwMDAwIiBkPSJNMCAzYzEuMjUgMCAxLjI1LTIgMi41LTJTMy43NSAzIDUgMyIvPjxwYXRoIGQ9Ik0wIDBoNXY0SDB6Ii8+PC9nPjwvc3ZnPg==&quot;)); border-bottom: 1px solid transparent;\">Liceu<\/span><span class=\"NormalTextRun SCXW59165159 BCX0\" style=\"-webkit-user-drag: none; -webkit-tap-highlight-color: transparent; margin: 0px; padding: 0px; user-select: text;\"> Jazz <\/span><span class=\"NormalTextRun SpellingErrorV2Themed SCXW59165159 BCX0\" style=\"-webkit-user-drag: none; -webkit-tap-highlight-color: transparent; margin: 0px; padding: 0px; user-select: text; background-position: 0px 100%; background-repeat: repeat-x; background-image: var(--urlSpellingErrorV2,url(&quot;data:image\/svg+xml;base64,PHN2ZyB4bWxucz0iaHR0cDovL3d3dy53My5vcmcvMjAwMC9zdmciIHdpZHRoPSI1IiBoZWlnaHQ9IjQiPjxnIGZpbGw9Im5vbmUiIGZpbGwtcnVsZT0iZXZlbm9kZCI+PHBhdGggc3Ryb2tlPSIjRUIwMDAwIiBkPSJNMCAzYzEuMjUgMCAxLjI1LTIgMi41LTJTMy43NSAzIDUgMyIvPjxwYXRoIGQ9Ik0wIDBoNXY0SDB6Ii8+PC9nPjwvc3ZnPg==&quot;)); border-bottom: 1px solid transparent;\">Masterclasses<\/span><span class=\"NormalTextRun SCXW59165159 BCX0\" style=\"-webkit-user-drag: none; -webkit-tap-highlight-color: transparent; margin: 0px; padding: 0px; user-select: text;\"> &amp; <\/span><span class=\"NormalTextRun SpellingErrorV2Themed SCXW59165159 BCX0\" style=\"-webkit-user-drag: none; -webkit-tap-highlight-color: transparent; margin: 0px; padding: 0px; user-select: text; background-position: 0px 100%; background-repeat: repeat-x; background-image: var(--urlSpellingErrorV2,url(&quot;data:image\/svg+xml;base64,PHN2ZyB4bWxucz0iaHR0cDovL3d3dy53My5vcmcvMjAwMC9zdmciIHdpZHRoPSI1IiBoZWlnaHQ9IjQiPjxnIGZpbGw9Im5vbmUiIGZpbGwtcnVsZT0iZXZlbm9kZCI+PHBhdGggc3Ryb2tlPSIjRUIwMDAwIiBkPSJNMCAzYzEuMjUgMCAxLjI1LTIgMi41LTJTMy43NSAzIDUgMyIvPjxwYXRoIGQ9Ik0wIDBoNXY0SDB6Ii8+PC9nPjwvc3ZnPg==&quot;)); border-bottom: 1px solid transparent;\">Concerts<\/span><\/span><span data-contrast=\"auto\" xml:lang=\"ES-ES\" lang=\"ES-ES\" class=\"TextRun SCXW59165159 BCX0\" style=\"-webkit-user-drag: none; -webkit-tap-highlight-color: transparent; margin: 0px; padding: 0px; user-select: text; font-variant-ligatures: none !important; font-size: 12pt; line-height: 20.85px; font-family: Aptos, Aptos_EmbeddedFont, Aptos_MSFontService, sans-serif;\"><span class=\"NormalTextRun SCXW59165159 BCX0\" style=\"-webkit-user-drag: none; -webkit-tap-highlight-color: transparent; margin: 0px; padding: 0px; user-select: text;\">, ciclos que se desarrollan con nuestro mecenazgo. Estos eventos pueden seguirse a trav\u00e9s del canal de YouTube del <\/span><span class=\"NormalTextRun SpellingErrorV2Themed SCXW59165159 BCX0\" style=\"-webkit-user-drag: none; -webkit-tap-highlight-color: transparent; margin: 0px; padding: 0px; user-select: text; background-position: 0px 100%; background-repeat: repeat-x; background-image: var(--urlSpellingErrorV2,url(&quot;data:image\/svg+xml;base64,PHN2ZyB4bWxucz0iaHR0cDovL3d3dy53My5vcmcvMjAwMC9zdmciIHdpZHRoPSI1IiBoZWlnaHQ9IjQiPjxnIGZpbGw9Im5vbmUiIGZpbGwtcnVsZT0iZXZlbm9kZCI+PHBhdGggc3Ryb2tlPSIjRUIwMDAwIiBkPSJNMCAzYzEuMjUgMCAxLjI1LTIgMi41LTJTMy43NSAzIDUgMyIvPjxwYXRoIGQ9Ik0wIDBoNXY0SDB6Ii8+PC9nPjwvc3ZnPg==&quot;)); border-bottom: 1px solid transparent;\">Conservatori<\/span><span class=\"NormalTextRun SCXW59165159 BCX0\" style=\"-webkit-user-drag: none; -webkit-tap-highlight-color: transparent; margin: 0px; padding: 0px; user-select: text;\"> <\/span><span class=\"NormalTextRun SpellingErrorV2Themed SCXW59165159 BCX0\" style=\"-webkit-user-drag: none; -webkit-tap-highlight-color: transparent; margin: 0px; padding: 0px; user-select: text; background-position: 0px 100%; background-repeat: repeat-x; background-image: var(--urlSpellingErrorV2,url(&quot;data:image\/svg+xml;base64,PHN2ZyB4bWxucz0iaHR0cDovL3d3dy53My5vcmcvMjAwMC9zdmciIHdpZHRoPSI1IiBoZWlnaHQ9IjQiPjxnIGZpbGw9Im5vbmUiIGZpbGwtcnVsZT0iZXZlbm9kZCI+PHBhdGggc3Ryb2tlPSIjRUIwMDAwIiBkPSJNMCAzYzEuMjUgMCAxLjI1LTIgMi41LTJTMy43NSAzIDUgMyIvPjxwYXRoIGQ9Ik0wIDBoNXY0SDB6Ii8+PC9nPjwvc3ZnPg==&quot;)); border-bottom: 1px solid transparent;\">Liceu<\/span><span class=\"NormalTextRun SCXW59165159 BCX0\" style=\"-webkit-user-drag: none; -webkit-tap-highlight-color: transparent; margin: 0px; padding: 0px; user-select: text;\">.<\/span><\/span><span class=\"EOP SCXW59165159 BCX0\" data-ccp-props=\"{&quot;134233117&quot;:false,&quot;134233118&quot;:false,&quot;335551550&quot;:6,&quot;335551620&quot;:6,&quot;335559738&quot;:240,&quot;335559739&quot;:240}\" style=\"-webkit-user-drag: none; -webkit-tap-highlight-color: transparent; margin: 0px; padding: 0px; user-select: text; font-size: 12pt; line-height: 20.85px; font-family: Aptos, Aptos_EmbeddedFont, Aptos_MSFontService, sans-serif;\">&nbsp;<\/span><\/p><\/div><div class=\"OutlineElement Ltr SCXW59165159 BCX0\" style=\"-webkit-user-drag: none; -webkit-tap-highlight-color: transparent; margin: 0px; padding: 0px; user-select: text; clear: both; cursor: text; overflow: visible; position: relative; direction: ltr; font-family: &quot;Segoe UI&quot;, &quot;Segoe UI Web&quot;, Arial, Verdana, sans-serif; font-size: 12px;\"><p class=\"Paragraph SCXW59165159 BCX0\" xml:lang=\"ES-ES\" lang=\"ES-ES\" paraid=\"1998941491\" paraeid=\"{c8a8f2a4-8d5f-4a43-8c7f-9f3cf9cd0458}{249}\" style=\"-webkit-user-drag: none; -webkit-tap-highlight-color: transparent; margin-top: 16px; margin-bottom: 16px; user-select: text; overflow-wrap: break-word; white-space-collapse: preserve; font-weight: normal; font-style: normal; font-kerning: none; background-color: transparent; color: windowtext; text-align: justify;\"><span data-contrast=\"auto\" xml:lang=\"ES-ES\" lang=\"ES-ES\" class=\"TextRun SCXW59165159 BCX0\" style=\"-webkit-user-drag: none; -webkit-tap-highlight-color: transparent; margin: 0px; padding: 0px; user-select: text; font-variant-ligatures: none !important; font-size: 12pt; line-height: 20.85px; font-family: Aptos, Aptos_EmbeddedFont, Aptos_MSFontService, sans-serif;\"><span class=\"NormalTextRun SCXW59165159 BCX0\" style=\"-webkit-user-drag: none; -webkit-tap-highlight-color: transparent; margin: 0px; padding: 0px; user-select: text;\">Con esta nueva edici\u00f3n de las Becas Ferrer-<\/span><span class=\"NormalTextRun SpellingErrorV2Themed SCXW59165159 BCX0\" style=\"-webkit-user-drag: none; -webkit-tap-highlight-color: transparent; margin: 0px; padding: 0px; user-select: text; background-position: 0px 100%; background-repeat: repeat-x; background-image: var(--urlSpellingErrorV2,url(&quot;data:image\/svg+xml;base64,PHN2ZyB4bWxucz0iaHR0cDovL3d3dy53My5vcmcvMjAwMC9zdmciIHdpZHRoPSI1IiBoZWlnaHQ9IjQiPjxnIGZpbGw9Im5vbmUiIGZpbGwtcnVsZT0iZXZlbm9kZCI+PHBhdGggc3Ryb2tlPSIjRUIwMDAwIiBkPSJNMCAzYzEuMjUgMCAxLjI1LTIgMi41LTJTMy43NSAzIDUgMyIvPjxwYXRoIGQ9Ik0wIDBoNXY0SDB6Ii8+PC9nPjwvc3ZnPg==&quot;)); border-bottom: 1px solid transparent;\">Salat<\/span><span class=\"NormalTextRun SCXW59165159 BCX0\" style=\"-webkit-user-drag: none; -webkit-tap-highlight-color: transparent; margin: 0px; padding: 0px; user-select: text;\">, renovamos nuestro compromiso con la formaci\u00f3n de las nuevas generaciones de m\u00fasicos y el fomento de la excelencia, contribuyendo al desarrollo del talento y a la transformaci\u00f3n de la sociedad a trav\u00e9s de la m\u00fasica.<\/span><\/span><span class=\"EOP SCXW59165159 BCX0\" data-ccp-props=\"{&quot;134233117&quot;:false,&quot;134233118&quot;:false,&quot;335551550&quot;:6,&quot;335551620&quot;:6,&quot;335559738&quot;:240,&quot;335559739&quot;:240}\" style=\"-webkit-user-drag: none; -webkit-tap-highlight-color: transparent; margin: 0px; padding: 0px; user-select: text; font-size: 12pt; line-height: 20.85px; font-family: Aptos, Aptos_EmbeddedFont, Aptos_MSFontService, sans-serif;\">&nbsp;<\/span><\/p><\/div>\t\t\t\t\t\t\t\t<\/div>\n\t\t\t\t<\/div>\n\t\t\t\t<div class=\"elementor-element elementor-element-a9154b7 elementor-widget elementor-widget-spacer\" data-id=\"a9154b7\" data-element_type=\"widget\" data-e-type=\"widget\" data-widget_type=\"spacer.default\">\n\t\t\t\t<div class=\"elementor-widget-container\">\n\t\t\t\t\t\t\t<div class=\"elementor-spacer\">\n\t\t\t<div class=\"elementor-spacer-inner\"><\/div>\n\t\t<\/div>\n\t\t\t\t\t\t<\/div>\n\t\t\t\t<\/div>\n\t\t\t\t\t<\/div>\n\t\t<\/div>\n\t\t\t\t\t<\/div>\n\t\t<\/section>\n\t\t\t\t<section class=\"elementor-section elementor-top-section elementor-element elementor-element-86a4ed8 elementor-section-full_width elementor-section-height-default elementor-section-height-default\" data-id=\"86a4ed8\" data-element_type=\"section\" data-e-type=\"section\">\n\t\t\t\t\t\t<div class=\"elementor-container elementor-column-gap-default\">\n\t\t\t\t\t<div class=\"elementor-column elementor-col-100 elementor-top-column elementor-element elementor-element-9981440\" data-id=\"9981440\" data-element_type=\"column\" data-e-type=\"column\">\n\t\t\t<div class=\"elementor-widget-wrap elementor-element-populated\">\n\t\t\t\t\t\t<div class=\"elementor-element elementor-element-0364fa3 elementor-widget elementor-widget-heading\" data-id=\"0364fa3\" data-element_type=\"widget\" data-e-type=\"widget\" data-widget_type=\"heading.default\">\n\t\t\t\t<div class=\"elementor-widget-container\">\n\t\t\t\t\t<h2 class=\"elementor-heading-title elementor-size-default\">ARTICLES RELACIONATS<\/h2>\t\t\t\t<\/div>\n\t\t\t\t<\/div>\n\t\t\t\t<div class=\"elementor-element elementor-element-0874f72 uael-equal__height-yes animated-slow random-color-trigger elementor-invisible elementor-widget elementor-widget-uael-posts\" data-id=\"0874f72\" data-element_type=\"widget\" data-e-type=\"widget\" data-settings=\"{&quot;_animation&quot;:&quot;fadeInUp&quot;,&quot;classic_slides_to_show&quot;:4,&quot;classic_slides_to_show_tablet&quot;:2,&quot;classic_slides_to_show_mobile&quot;:1}\" data-widget_type=\"uael-posts.classic\">\n\t\t\t\t<div class=\"elementor-widget-container\">\n\t\t\t\t\t\t\t<div class=\"uael-post__header\">\n\t\t\t\t\t<\/div>\n\t\t<div class=\"uael-post__body\">\n\t\t\t\n\t\t\n\t\t<div class=\"uael-blog-terms-position-above_content uael-post-image-top uael-post-grid uael-posts\" data-query-type=\"custom\" data-structure=\"normal\" data-layout=\"\" data-page=\"8758\" data-skin=\"classic\" data-filter-default=\"\" data-offset-top=\"30\" >\n\n\t\t\t\t\t\t\t<div class=\"uael-post-grid__inner uael-post__columns-4 uael-post__columns-tablet-2 uael-post__columns-mobile-1\">\n\t\t\t\n<div class=\"uael-post-wrapper   excelencia-musical noticias \">\n\t<div class=\"uael-post__bg-wrap uael-bg-wrap-disabled \">\n\n\t\t\t\t\n\t\t<div class=\"uael-post__inner-wrap uael-inner-wrap-disabled\">\n\n\t\t\t\t<div class=\"uael-post__thumbnail\">\n\t\t\t\n\t\t\t<a href=\"https:\/\/fundacioferrermusica.org\/es\/parlem-amb-un-dels-cinc-duos-guanyadors-de-lied-the-future-2026\/\" target=\"_self\" title=\"Hablamos con uno de los cinco d\u00faos ganadores de Lied the Future 2026\"><img decoding=\"async\" width=\"500\" height=\"526\" src=\"https:\/\/fundacioferrermusica.org\/wp-content\/uploads\/2026\/04\/Lied-the-Future-Bruno-Meichsner-i-George-Needham-portada.png\" class=\"attachment-full size-full wp-image-10635\" alt=\"\" srcset=\"https:\/\/fundacioferrermusica.org\/wp-content\/uploads\/2026\/04\/Lied-the-Future-Bruno-Meichsner-i-George-Needham-portada.png 500w, https:\/\/fundacioferrermusica.org\/wp-content\/uploads\/2026\/04\/Lied-the-Future-Bruno-Meichsner-i-George-Needham-portada-285x300.png 285w\" sizes=\"(max-width: 500px) 100vw, 500px\" \/><\/a>\n\t\t\t\t\t<\/div>\n\t\t\n\t\t\t\n\t\t\t<div class=\"uael-post__content-wrap uael-content-wrap-disabled\">\n\t\t\t\t\t\t\t<div class=\"uael-post__terms-wrap\"><span class=\"uael-post__terms\"><span class=\"uael-listing__terms-link\">Excelencia musical<\/span><\/span><\/div>\n\t\t\t\t\n\t\t<div class=\"uael-post__excerpt\">\n\t\t\tHablamos con uno de los cinco ...\t\t<\/div>\n\n\t\t\t\t\t<\/div>\n\t\t\t\n\t\t<\/div>\n\t\t\n\t<\/div>\n\n<\/div>\n\n<div class=\"uael-post-wrapper   excelencia-musical noticias \">\n\t<div class=\"uael-post__bg-wrap uael-bg-wrap-disabled \">\n\n\t\t\t\t\n\t\t<div class=\"uael-post__inner-wrap uael-inner-wrap-disabled\">\n\n\t\t\t\t<div class=\"uael-post__thumbnail\">\n\t\t\t\n\t\t\t<a href=\"https:\/\/fundacioferrermusica.org\/es\/el-alumnado-del-programa-de-primaria-y-secundaria-musical-participa-en-liceu-familiar\/\" target=\"_self\" title=\"El alumnado del programa de Primaria y Secundaria Musical participa en Liceu Familiar\"><img decoding=\"async\" width=\"500\" height=\"526\" src=\"https:\/\/fundacioferrermusica.org\/wp-content\/uploads\/2026\/03\/Liceu-Familiar-portada.png\" class=\"attachment-full size-full wp-image-10581\" alt=\"\" srcset=\"https:\/\/fundacioferrermusica.org\/wp-content\/uploads\/2026\/03\/Liceu-Familiar-portada.png 500w, https:\/\/fundacioferrermusica.org\/wp-content\/uploads\/2026\/03\/Liceu-Familiar-portada-285x300.png 285w\" sizes=\"(max-width: 500px) 100vw, 500px\" \/><\/a>\n\t\t\t\t\t<\/div>\n\t\t\n\t\t\t\n\t\t\t<div class=\"uael-post__content-wrap uael-content-wrap-disabled\">\n\t\t\t\t\t\t\t<div class=\"uael-post__terms-wrap\"><span class=\"uael-post__terms\"><span class=\"uael-listing__terms-link\">Excelencia musical<\/span><\/span><\/div>\n\t\t\t\t\n\t\t<div class=\"uael-post__excerpt\">\n\t\t\tEl alumnado del programa de Primaria ...\t\t<\/div>\n\n\t\t\t\t\t<\/div>\n\t\t\t\n\t\t<\/div>\n\t\t\n\t<\/div>\n\n<\/div>\n\n<div class=\"uael-post-wrapper   excelencia-musical noticias \">\n\t<div class=\"uael-post__bg-wrap uael-bg-wrap-disabled \">\n\n\t\t\t\t\n\t\t<div class=\"uael-post__inner-wrap uael-inner-wrap-disabled\">\n\n\t\t\t\t<div class=\"uael-post__thumbnail\">\n\t\t\t\n\t\t\t<a href=\"https:\/\/fundacioferrermusica.org\/es\/impulsem-el-talent-emergent-amb-el-premi-extraordinari-del-concurs-tenor-vinas-2026\/\" target=\"_self\" title=\"Impulsamos el talento emergente con el Premio Extraordinario del Concurso Tenor Vi\u00f1as 2026\"><img loading=\"lazy\" decoding=\"async\" width=\"500\" height=\"526\" src=\"https:\/\/fundacioferrermusica.org\/wp-content\/uploads\/2026\/03\/Portada-web-Tenor-Vinas.png\" class=\"attachment-full size-full wp-image-10521\" alt=\"\" srcset=\"https:\/\/fundacioferrermusica.org\/wp-content\/uploads\/2026\/03\/Portada-web-Tenor-Vinas.png 500w, https:\/\/fundacioferrermusica.org\/wp-content\/uploads\/2026\/03\/Portada-web-Tenor-Vinas-285x300.png 285w\" sizes=\"(max-width: 500px) 100vw, 500px\" \/><\/a>\n\t\t\t\t\t<\/div>\n\t\t\n\t\t\t\n\t\t\t<div class=\"uael-post__content-wrap uael-content-wrap-disabled\">\n\t\t\t\t\t\t\t<div class=\"uael-post__terms-wrap\"><span class=\"uael-post__terms\"><span class=\"uael-listing__terms-link\">Excelencia musical<\/span><\/span><\/div>\n\t\t\t\t\n\t\t<div class=\"uael-post__excerpt\">\n\t\t\tImpulsamos el talento emergente con el ...\t\t<\/div>\n\n\t\t\t\t\t<\/div>\n\t\t\t\n\t\t<\/div>\n\t\t\n\t<\/div>\n\n<\/div>\n\n<div class=\"uael-post-wrapper   excelencia-musical noticias \">\n\t<div class=\"uael-post__bg-wrap uael-bg-wrap-disabled \">\n\n\t\t\t\t\n\t\t<div class=\"uael-post__inner-wrap uael-inner-wrap-disabled\">\n\n\t\t\t\t<div class=\"uael-post__thumbnail\">\n\t\t\t\n\t\t\t<a href=\"https:\/\/fundacioferrermusica.org\/es\/lied-the-future-presenta-su-programacion-en-la-schubertiada\/\" target=\"_self\" title=\"Lied the Future presenta su programaci\u00f3n en la Schubert\u00edada\"><img loading=\"lazy\" decoding=\"async\" width=\"500\" height=\"526\" src=\"https:\/\/fundacioferrermusica.org\/wp-content\/uploads\/2026\/03\/Portada-web-Schubertiada.png\" class=\"attachment-full size-full wp-image-10548\" alt=\"\" srcset=\"https:\/\/fundacioferrermusica.org\/wp-content\/uploads\/2026\/03\/Portada-web-Schubertiada.png 500w, https:\/\/fundacioferrermusica.org\/wp-content\/uploads\/2026\/03\/Portada-web-Schubertiada-285x300.png 285w\" sizes=\"(max-width: 500px) 100vw, 500px\" \/><\/a>\n\t\t\t\t\t<\/div>\n\t\t\n\t\t\t\n\t\t\t<div class=\"uael-post__content-wrap uael-content-wrap-disabled\">\n\t\t\t\t\t\t\t<div class=\"uael-post__terms-wrap\"><span class=\"uael-post__terms\"><span class=\"uael-listing__terms-link\">Excelencia musical<\/span><\/span><\/div>\n\t\t\t\t\n\t\t<div class=\"uael-post__excerpt\">\n\t\t\tLied the Future presenta su programaci\u00f3n ...\t\t<\/div>\n\n\t\t\t\t\t<\/div>\n\t\t\t\n\t\t<\/div>\n\t\t\n\t<\/div>\n\n<\/div>\n\t\t\t\t<\/div>\n\t\t\t\t\t\t\n\t\t<\/div>\n\n\t\t\t\t\t\t<\/div>\n\t\t<div class=\"uael-post__footer\">\n\t\t\t\t\t<\/div>\n\t\t\t\t\t\t<\/div>\n\t\t\t\t<\/div>\n\t\t\t\t\t<\/div>\n\t\t<\/div>\n\t\t\t\t\t<\/div>\n\t\t<\/section>\n\t\t\t\t<\/div>\n\t\t","protected":false},"excerpt":{"rendered":"<p>Llega la XVI edici\u00f3n de las Becas Ferrer-Salat\/Conservatori Liceu Este a\u00f1o convocamos una nueva edici\u00f3n de las Becas Ferrer-Salat \/ Conservatori Liceu, reafirmando nuestro compromiso con el talento y la excelencia musical. Ofrecemos 20 becas que permiten acceder a los estudios superiores de m\u00fasica en el Centro Superior de la Fundaci\u00f3n Conservatori Liceu y cubren [&hellip;]<\/p>\n","protected":false},"author":5,"featured_media":8744,"comment_status":"closed","ping_status":"closed","sticky":false,"template":"","format":"standard","meta":{"site-sidebar-layout":"default","site-content-layout":"","ast-site-content-layout":"default","site-content-style":"default","site-sidebar-style":"default","ast-global-header-display":"","ast-banner-title-visibility":"","ast-main-header-display":"","ast-hfb-above-header-display":"","ast-hfb-below-header-display":"","ast-hfb-mobile-header-display":"","site-post-title":"","ast-breadcrumbs-content":"","ast-featured-img":"","footer-sml-layout":"","ast-disable-related-posts":"","theme-transparent-header-meta":"default","adv-header-id-meta":"","stick-header-meta":"default","header-above-stick-meta":"","header-main-stick-meta":"","header-below-stick-meta":"","astra-migrate-meta-layouts":"set","ast-page-background-enabled":"default","ast-page-background-meta":{"desktop":{"background-color":"var(--ast-global-color-4)","background-image":"","background-repeat":"repeat","background-position":"center center","background-size":"auto","background-attachment":"scroll","background-type":"","background-media":"","overlay-type":"","overlay-color":"","overlay-opacity":"","overlay-gradient":""},"tablet":{"background-color":"","background-image":"","background-repeat":"repeat","background-position":"center center","background-size":"auto","background-attachment":"scroll","background-type":"","background-media":"","overlay-type":"","overlay-color":"","overlay-opacity":"","overlay-gradient":""},"mobile":{"background-color":"","background-image":"","background-repeat":"repeat","background-position":"center center","background-size":"auto","background-attachment":"scroll","background-type":"","background-media":"","overlay-type":"","overlay-color":"","overlay-opacity":"","overlay-gradient":""}},"ast-content-background-meta":{"desktop":{"background-color":"var(--ast-global-color-5)","background-image":"","background-repeat":"repeat","background-position":"center center","background-size":"auto","background-attachment":"scroll","background-type":"","background-media":"","overlay-type":"","overlay-color":"","overlay-opacity":"","overlay-gradient":""},"tablet":{"background-color":"var(--ast-global-color-5)","background-image":"","background-repeat":"repeat","background-position":"center center","background-size":"auto","background-attachment":"scroll","background-type":"","background-media":"","overlay-type":"","overlay-color":"","overlay-opacity":"","overlay-gradient":""},"mobile":{"background-color":"var(--ast-global-color-5)","background-image":"","background-repeat":"repeat","background-position":"center center","background-size":"auto","background-attachment":"scroll","background-type":"","background-media":"","overlay-type":"","overlay-color":"","overlay-opacity":"","overlay-gradient":""}},"footnotes":""},"categories":[38,26],"tags":[],"class_list":["post-8758","post","type-post","status-publish","format-standard","has-post-thumbnail","hentry","category-excelencia-musical","category-noticies-es"],"yoast_head":"<!-- This site is optimized with the Yoast SEO plugin v27.2 - https:\/\/yoast.com\/product\/yoast-seo-wordpress\/ -->\n<title>XVI Edici\u00f3n Becas Ferrer-Salat\/Conservatori Liceu<\/title>\n<meta name=\"description\" content=\"Este a\u00f1o convocamos una nueva edici\u00f3n de las Becas Ferrer-Salat \/ Conservatori Liceu, reafirmando nuestro compromiso con el talento y la excelencia musical. Ofrecemos 20 becas que permiten acceder a los estudios superiores de m\u00fasica en el Centro Superior de la Fundaci\u00f3n Conservatori Liceu y cubren la totalidad de los costos de los cuatro a\u00f1os de formaci\u00f3n.\" \/>\n<meta name=\"robots\" content=\"index, follow, max-snippet:-1, max-image-preview:large, max-video-preview:-1\" \/>\n<link rel=\"canonical\" href=\"https:\/\/fundacioferrermusica.org\/es\/llega-la-xvi-edicion-de-las-becas-ferrer-salat-conservatori-liceu\/\" \/>\n<meta property=\"og:locale\" content=\"es_ES\" \/>\n<meta property=\"og:type\" content=\"article\" \/>\n<meta property=\"og:title\" content=\"XVI Edici\u00f3n Becas Ferrer-Salat\/Conservatori Liceu\" \/>\n<meta property=\"og:description\" content=\"Este a\u00f1o convocamos una nueva edici\u00f3n de las Becas Ferrer-Salat \/ Conservatori Liceu, reafirmando nuestro compromiso con el talento y la excelencia musical. Ofrecemos 20 becas que permiten acceder a los estudios superiores de m\u00fasica en el Centro Superior de la Fundaci\u00f3n Conservatori Liceu y cubren la totalidad de los costos de los cuatro a\u00f1os de formaci\u00f3n.\" \/>\n<meta property=\"og:url\" content=\"https:\/\/fundacioferrermusica.org\/es\/llega-la-xvi-edicion-de-las-becas-ferrer-salat-conservatori-liceu\/\" \/>\n<meta property=\"og:site_name\" content=\"Fundaci\u00f3 de M\u00fasica Ferrer-Salat\" \/>\n<meta property=\"article:published_time\" content=\"2025-02-19T11:40:27+00:00\" \/>\n<meta property=\"article:modified_time\" content=\"2025-02-19T12:08:20+00:00\" \/>\n<meta property=\"og:image\" content=\"https:\/\/fundacioferrermusica.org\/wp-content\/uploads\/2024\/02\/bequesFS-XV2024.jpg\" \/>\n\t<meta property=\"og:image:width\" content=\"500\" \/>\n\t<meta property=\"og:image:height\" content=\"526\" \/>\n\t<meta property=\"og:image:type\" content=\"image\/jpeg\" \/>\n<meta name=\"author\" content=\"fundacions ferrer\" \/>\n<meta name=\"twitter:card\" content=\"summary_large_image\" \/>\n<meta name=\"twitter:label1\" content=\"Escrito por\" \/>\n\t<meta name=\"twitter:data1\" content=\"fundacions ferrer\" \/>\n\t<meta name=\"twitter:label2\" content=\"Tiempo de lectura\" \/>\n\t<meta name=\"twitter:data2\" content=\"4 minutos\" \/>\n<script type=\"application\/ld+json\" class=\"yoast-schema-graph\">{\"@context\":\"https:\/\/schema.org\",\"@graph\":[{\"@type\":\"Article\",\"@id\":\"https:\/\/fundacioferrermusica.org\/es\/llega-la-xvi-edicion-de-las-becas-ferrer-salat-conservatori-liceu\/#article\",\"isPartOf\":{\"@id\":\"https:\/\/fundacioferrermusica.org\/es\/llega-la-xvi-edicion-de-las-becas-ferrer-salat-conservatori-liceu\/\"},\"author\":{\"name\":\"fundacions ferrer\",\"@id\":\"https:\/\/fundacioferrermusica.org\/#\/schema\/person\/1a47f90b7dd69b6280722b334dc8aaa4\"},\"headline\":\"Llega la XVI edici\u00f3n de las Becas Ferrer-Salat \/ Conservatori Liceu\",\"datePublished\":\"2025-02-19T11:40:27+00:00\",\"dateModified\":\"2025-02-19T12:08:20+00:00\",\"mainEntityOfPage\":{\"@id\":\"https:\/\/fundacioferrermusica.org\/es\/llega-la-xvi-edicion-de-las-becas-ferrer-salat-conservatori-liceu\/\"},\"wordCount\":510,\"publisher\":{\"@id\":\"https:\/\/fundacioferrermusica.org\/#organization\"},\"image\":{\"@id\":\"https:\/\/fundacioferrermusica.org\/es\/llega-la-xvi-edicion-de-las-becas-ferrer-salat-conservatori-liceu\/#primaryimage\"},\"thumbnailUrl\":\"https:\/\/fundacioferrermusica.org\/wp-content\/uploads\/2025\/02\/beques-ferrer-salat-edicio-xvi-scaled-e1739967596302.jpg\",\"articleSection\":[\"Excelencia musical\",\"Noticias\"],\"inLanguage\":\"es\"},{\"@type\":\"WebPage\",\"@id\":\"https:\/\/fundacioferrermusica.org\/es\/llega-la-xvi-edicion-de-las-becas-ferrer-salat-conservatori-liceu\/\",\"url\":\"https:\/\/fundacioferrermusica.org\/es\/llega-la-xvi-edicion-de-las-becas-ferrer-salat-conservatori-liceu\/\",\"name\":\"XVI Edici\u00f3n Becas Ferrer-Salat\/Conservatori Liceu\",\"isPartOf\":{\"@id\":\"https:\/\/fundacioferrermusica.org\/#website\"},\"primaryImageOfPage\":{\"@id\":\"https:\/\/fundacioferrermusica.org\/es\/llega-la-xvi-edicion-de-las-becas-ferrer-salat-conservatori-liceu\/#primaryimage\"},\"image\":{\"@id\":\"https:\/\/fundacioferrermusica.org\/es\/llega-la-xvi-edicion-de-las-becas-ferrer-salat-conservatori-liceu\/#primaryimage\"},\"thumbnailUrl\":\"https:\/\/fundacioferrermusica.org\/wp-content\/uploads\/2025\/02\/beques-ferrer-salat-edicio-xvi-scaled-e1739967596302.jpg\",\"datePublished\":\"2025-02-19T11:40:27+00:00\",\"dateModified\":\"2025-02-19T12:08:20+00:00\",\"description\":\"Este a\u00f1o convocamos una nueva edici\u00f3n de las Becas Ferrer-Salat \/ Conservatori Liceu, reafirmando nuestro compromiso con el talento y la excelencia musical. Ofrecemos 20 becas que permiten acceder a los estudios superiores de m\u00fasica en el Centro Superior de la Fundaci\u00f3n Conservatori Liceu y cubren la totalidad de los costos de los cuatro a\u00f1os de formaci\u00f3n.\",\"breadcrumb\":{\"@id\":\"https:\/\/fundacioferrermusica.org\/es\/llega-la-xvi-edicion-de-las-becas-ferrer-salat-conservatori-liceu\/#breadcrumb\"},\"inLanguage\":\"es\",\"potentialAction\":[{\"@type\":\"ReadAction\",\"target\":[\"https:\/\/fundacioferrermusica.org\/es\/llega-la-xvi-edicion-de-las-becas-ferrer-salat-conservatori-liceu\/\"]}]},{\"@type\":\"ImageObject\",\"inLanguage\":\"es\",\"@id\":\"https:\/\/fundacioferrermusica.org\/es\/llega-la-xvi-edicion-de-las-becas-ferrer-salat-conservatori-liceu\/#primaryimage\",\"url\":\"https:\/\/fundacioferrermusica.org\/wp-content\/uploads\/2025\/02\/beques-ferrer-salat-edicio-xvi-scaled-e1739967596302.jpg\",\"contentUrl\":\"https:\/\/fundacioferrermusica.org\/wp-content\/uploads\/2025\/02\/beques-ferrer-salat-edicio-xvi-scaled-e1739967596302.jpg\",\"width\":2048,\"height\":2560},{\"@type\":\"BreadcrumbList\",\"@id\":\"https:\/\/fundacioferrermusica.org\/es\/llega-la-xvi-edicion-de-las-becas-ferrer-salat-conservatori-liceu\/#breadcrumb\",\"itemListElement\":[{\"@type\":\"ListItem\",\"position\":1,\"name\":\"Inici\",\"item\":\"https:\/\/fundacioferrermusica.org\/\"},{\"@type\":\"ListItem\",\"position\":2,\"name\":\"Llega la XVI edici\u00f3n de las Becas Ferrer-Salat \/ Conservatori Liceu\"}]},{\"@type\":\"WebSite\",\"@id\":\"https:\/\/fundacioferrermusica.org\/#website\",\"url\":\"https:\/\/fundacioferrermusica.org\/\",\"name\":\"Fundaci\u00f3 de M\u00fasica Ferrer-Salat\",\"description\":\"40 anys generant oportunitats a trav\u00e9s de la m\u00fasica\",\"publisher\":{\"@id\":\"https:\/\/fundacioferrermusica.org\/#organization\"},\"potentialAction\":[{\"@type\":\"SearchAction\",\"target\":{\"@type\":\"EntryPoint\",\"urlTemplate\":\"https:\/\/fundacioferrermusica.org\/?s={search_term_string}\"},\"query-input\":{\"@type\":\"PropertyValueSpecification\",\"valueRequired\":true,\"valueName\":\"search_term_string\"}}],\"inLanguage\":\"es\"},{\"@type\":\"Organization\",\"@id\":\"https:\/\/fundacioferrermusica.org\/#organization\",\"name\":\"Fundaci\u00f3 de M\u00fasica Ferrer-Salat\",\"url\":\"https:\/\/fundacioferrermusica.org\/\",\"logo\":{\"@type\":\"ImageObject\",\"inLanguage\":\"es\",\"@id\":\"https:\/\/fundacioferrermusica.org\/#\/schema\/logo\/image\/\",\"url\":\"https:\/\/fundacioferrermusica.org\/wp-content\/uploads\/2022\/06\/cropped-FundacioMusicaFerrerSalat.png\",\"contentUrl\":\"https:\/\/fundacioferrermusica.org\/wp-content\/uploads\/2022\/06\/cropped-FundacioMusicaFerrerSalat.png\",\"width\":160,\"height\":53,\"caption\":\"Fundaci\u00f3 de M\u00fasica Ferrer-Salat\"},\"image\":{\"@id\":\"https:\/\/fundacioferrermusica.org\/#\/schema\/logo\/image\/\"}},{\"@type\":\"Person\",\"@id\":\"https:\/\/fundacioferrermusica.org\/#\/schema\/person\/1a47f90b7dd69b6280722b334dc8aaa4\",\"name\":\"fundacions ferrer\",\"image\":{\"@type\":\"ImageObject\",\"inLanguage\":\"es\",\"@id\":\"https:\/\/secure.gravatar.com\/avatar\/f45112a06cf0712b691961a6b47b71052b08d7b8f73c884aed3bef26c4770826?s=96&d=mm&r=g\",\"url\":\"https:\/\/secure.gravatar.com\/avatar\/f45112a06cf0712b691961a6b47b71052b08d7b8f73c884aed3bef26c4770826?s=96&d=mm&r=g\",\"contentUrl\":\"https:\/\/secure.gravatar.com\/avatar\/f45112a06cf0712b691961a6b47b71052b08d7b8f73c884aed3bef26c4770826?s=96&d=mm&r=g\",\"caption\":\"fundacions ferrer\"},\"url\":\"https:\/\/fundacioferrermusica.org\/es\/author\/socialmedia\/\"}]}<\/script>\n<!-- \/ Yoast SEO plugin. -->","yoast_head_json":{"title":"XVI Edici\u00f3n Becas Ferrer-Salat\/Conservatori Liceu","description":"Este a\u00f1o convocamos una nueva edici\u00f3n de las Becas Ferrer-Salat \/ Conservatori Liceu, reafirmando nuestro compromiso con el talento y la excelencia musical. Ofrecemos 20 becas que permiten acceder a los estudios superiores de m\u00fasica en el Centro Superior de la Fundaci\u00f3n Conservatori Liceu y cubren la totalidad de los costos de los cuatro a\u00f1os de formaci\u00f3n.","robots":{"index":"index","follow":"follow","max-snippet":"max-snippet:-1","max-image-preview":"max-image-preview:large","max-video-preview":"max-video-preview:-1"},"canonical":"https:\/\/fundacioferrermusica.org\/es\/llega-la-xvi-edicion-de-las-becas-ferrer-salat-conservatori-liceu\/","og_locale":"es_ES","og_type":"article","og_title":"XVI Edici\u00f3n Becas Ferrer-Salat\/Conservatori Liceu","og_description":"Este a\u00f1o convocamos una nueva edici\u00f3n de las Becas Ferrer-Salat \/ Conservatori Liceu, reafirmando nuestro compromiso con el talento y la excelencia musical. Ofrecemos 20 becas que permiten acceder a los estudios superiores de m\u00fasica en el Centro Superior de la Fundaci\u00f3n Conservatori Liceu y cubren la totalidad de los costos de los cuatro a\u00f1os de formaci\u00f3n.","og_url":"https:\/\/fundacioferrermusica.org\/es\/llega-la-xvi-edicion-de-las-becas-ferrer-salat-conservatori-liceu\/","og_site_name":"Fundaci\u00f3 de M\u00fasica Ferrer-Salat","article_published_time":"2025-02-19T11:40:27+00:00","article_modified_time":"2025-02-19T12:08:20+00:00","og_image":[{"width":500,"height":526,"url":"https:\/\/fundacioferrermusica.org\/wp-content\/uploads\/2024\/02\/bequesFS-XV2024.jpg","type":"image\/jpeg"}],"author":"fundacions ferrer","twitter_card":"summary_large_image","twitter_misc":{"Escrito por":"fundacions ferrer","Tiempo de lectura":"4 minutos"},"schema":{"@context":"https:\/\/schema.org","@graph":[{"@type":"Article","@id":"https:\/\/fundacioferrermusica.org\/es\/llega-la-xvi-edicion-de-las-becas-ferrer-salat-conservatori-liceu\/#article","isPartOf":{"@id":"https:\/\/fundacioferrermusica.org\/es\/llega-la-xvi-edicion-de-las-becas-ferrer-salat-conservatori-liceu\/"},"author":{"name":"fundacions ferrer","@id":"https:\/\/fundacioferrermusica.org\/#\/schema\/person\/1a47f90b7dd69b6280722b334dc8aaa4"},"headline":"Llega la XVI edici\u00f3n de las Becas Ferrer-Salat \/ Conservatori Liceu","datePublished":"2025-02-19T11:40:27+00:00","dateModified":"2025-02-19T12:08:20+00:00","mainEntityOfPage":{"@id":"https:\/\/fundacioferrermusica.org\/es\/llega-la-xvi-edicion-de-las-becas-ferrer-salat-conservatori-liceu\/"},"wordCount":510,"publisher":{"@id":"https:\/\/fundacioferrermusica.org\/#organization"},"image":{"@id":"https:\/\/fundacioferrermusica.org\/es\/llega-la-xvi-edicion-de-las-becas-ferrer-salat-conservatori-liceu\/#primaryimage"},"thumbnailUrl":"https:\/\/fundacioferrermusica.org\/wp-content\/uploads\/2025\/02\/beques-ferrer-salat-edicio-xvi-scaled-e1739967596302.jpg","articleSection":["Excelencia musical","Noticias"],"inLanguage":"es"},{"@type":"WebPage","@id":"https:\/\/fundacioferrermusica.org\/es\/llega-la-xvi-edicion-de-las-becas-ferrer-salat-conservatori-liceu\/","url":"https:\/\/fundacioferrermusica.org\/es\/llega-la-xvi-edicion-de-las-becas-ferrer-salat-conservatori-liceu\/","name":"XVI Edici\u00f3n Becas Ferrer-Salat\/Conservatori Liceu","isPartOf":{"@id":"https:\/\/fundacioferrermusica.org\/#website"},"primaryImageOfPage":{"@id":"https:\/\/fundacioferrermusica.org\/es\/llega-la-xvi-edicion-de-las-becas-ferrer-salat-conservatori-liceu\/#primaryimage"},"image":{"@id":"https:\/\/fundacioferrermusica.org\/es\/llega-la-xvi-edicion-de-las-becas-ferrer-salat-conservatori-liceu\/#primaryimage"},"thumbnailUrl":"https:\/\/fundacioferrermusica.org\/wp-content\/uploads\/2025\/02\/beques-ferrer-salat-edicio-xvi-scaled-e1739967596302.jpg","datePublished":"2025-02-19T11:40:27+00:00","dateModified":"2025-02-19T12:08:20+00:00","description":"Este a\u00f1o convocamos una nueva edici\u00f3n de las Becas Ferrer-Salat \/ Conservatori Liceu, reafirmando nuestro compromiso con el talento y la excelencia musical. Ofrecemos 20 becas que permiten acceder a los estudios superiores de m\u00fasica en el Centro Superior de la Fundaci\u00f3n Conservatori Liceu y cubren la totalidad de los costos de los cuatro a\u00f1os de formaci\u00f3n.","breadcrumb":{"@id":"https:\/\/fundacioferrermusica.org\/es\/llega-la-xvi-edicion-de-las-becas-ferrer-salat-conservatori-liceu\/#breadcrumb"},"inLanguage":"es","potentialAction":[{"@type":"ReadAction","target":["https:\/\/fundacioferrermusica.org\/es\/llega-la-xvi-edicion-de-las-becas-ferrer-salat-conservatori-liceu\/"]}]},{"@type":"ImageObject","inLanguage":"es","@id":"https:\/\/fundacioferrermusica.org\/es\/llega-la-xvi-edicion-de-las-becas-ferrer-salat-conservatori-liceu\/#primaryimage","url":"https:\/\/fundacioferrermusica.org\/wp-content\/uploads\/2025\/02\/beques-ferrer-salat-edicio-xvi-scaled-e1739967596302.jpg","contentUrl":"https:\/\/fundacioferrermusica.org\/wp-content\/uploads\/2025\/02\/beques-ferrer-salat-edicio-xvi-scaled-e1739967596302.jpg","width":2048,"height":2560},{"@type":"BreadcrumbList","@id":"https:\/\/fundacioferrermusica.org\/es\/llega-la-xvi-edicion-de-las-becas-ferrer-salat-conservatori-liceu\/#breadcrumb","itemListElement":[{"@type":"ListItem","position":1,"name":"Inici","item":"https:\/\/fundacioferrermusica.org\/"},{"@type":"ListItem","position":2,"name":"Llega la XVI edici\u00f3n de las Becas Ferrer-Salat \/ Conservatori Liceu"}]},{"@type":"WebSite","@id":"https:\/\/fundacioferrermusica.org\/#website","url":"https:\/\/fundacioferrermusica.org\/","name":"Fundaci\u00f3 de M\u00fasica Ferrer-Salat","description":"40 anys generant oportunitats a trav\u00e9s de la m\u00fasica","publisher":{"@id":"https:\/\/fundacioferrermusica.org\/#organization"},"potentialAction":[{"@type":"SearchAction","target":{"@type":"EntryPoint","urlTemplate":"https:\/\/fundacioferrermusica.org\/?s={search_term_string}"},"query-input":{"@type":"PropertyValueSpecification","valueRequired":true,"valueName":"search_term_string"}}],"inLanguage":"es"},{"@type":"Organization","@id":"https:\/\/fundacioferrermusica.org\/#organization","name":"Fundaci\u00f3 de M\u00fasica Ferrer-Salat","url":"https:\/\/fundacioferrermusica.org\/","logo":{"@type":"ImageObject","inLanguage":"es","@id":"https:\/\/fundacioferrermusica.org\/#\/schema\/logo\/image\/","url":"https:\/\/fundacioferrermusica.org\/wp-content\/uploads\/2022\/06\/cropped-FundacioMusicaFerrerSalat.png","contentUrl":"https:\/\/fundacioferrermusica.org\/wp-content\/uploads\/2022\/06\/cropped-FundacioMusicaFerrerSalat.png","width":160,"height":53,"caption":"Fundaci\u00f3 de M\u00fasica Ferrer-Salat"},"image":{"@id":"https:\/\/fundacioferrermusica.org\/#\/schema\/logo\/image\/"}},{"@type":"Person","@id":"https:\/\/fundacioferrermusica.org\/#\/schema\/person\/1a47f90b7dd69b6280722b334dc8aaa4","name":"fundacions ferrer","image":{"@type":"ImageObject","inLanguage":"es","@id":"https:\/\/secure.gravatar.com\/avatar\/f45112a06cf0712b691961a6b47b71052b08d7b8f73c884aed3bef26c4770826?s=96&d=mm&r=g","url":"https:\/\/secure.gravatar.com\/avatar\/f45112a06cf0712b691961a6b47b71052b08d7b8f73c884aed3bef26c4770826?s=96&d=mm&r=g","contentUrl":"https:\/\/secure.gravatar.com\/avatar\/f45112a06cf0712b691961a6b47b71052b08d7b8f73c884aed3bef26c4770826?s=96&d=mm&r=g","caption":"fundacions ferrer"},"url":"https:\/\/fundacioferrermusica.org\/es\/author\/socialmedia\/"}]}},"_links":{"self":[{"href":"https:\/\/fundacioferrermusica.org\/es\/wp-json\/wp\/v2\/posts\/8758","targetHints":{"allow":["GET"]}}],"collection":[{"href":"https:\/\/fundacioferrermusica.org\/es\/wp-json\/wp\/v2\/posts"}],"about":[{"href":"https:\/\/fundacioferrermusica.org\/es\/wp-json\/wp\/v2\/types\/post"}],"author":[{"embeddable":true,"href":"https:\/\/fundacioferrermusica.org\/es\/wp-json\/wp\/v2\/users\/5"}],"replies":[{"embeddable":true,"href":"https:\/\/fundacioferrermusica.org\/es\/wp-json\/wp\/v2\/comments?post=8758"}],"version-history":[{"count":4,"href":"https:\/\/fundacioferrermusica.org\/es\/wp-json\/wp\/v2\/posts\/8758\/revisions"}],"predecessor-version":[{"id":8763,"href":"https:\/\/fundacioferrermusica.org\/es\/wp-json\/wp\/v2\/posts\/8758\/revisions\/8763"}],"wp:featuredmedia":[{"embeddable":true,"href":"https:\/\/fundacioferrermusica.org\/es\/wp-json\/wp\/v2\/media\/8744"}],"wp:attachment":[{"href":"https:\/\/fundacioferrermusica.org\/es\/wp-json\/wp\/v2\/media?parent=8758"}],"wp:term":[{"taxonomy":"category","embeddable":true,"href":"https:\/\/fundacioferrermusica.org\/es\/wp-json\/wp\/v2\/categories?post=8758"},{"taxonomy":"post_tag","embeddable":true,"href":"https:\/\/fundacioferrermusica.org\/es\/wp-json\/wp\/v2\/tags?post=8758"}],"curies":[{"name":"wp","href":"https:\/\/api.w.org\/{rel}","templated":true}]}}