{"id":7788,"date":"2024-02-26T15:42:53","date_gmt":"2024-02-26T15:42:53","guid":{"rendered":"https:\/\/fundaciomusicaferrersalat.awspreferrer.com\/fabia-santcovsky-reschini-guanyador-del-xli-premi-reina-sofia-de-composicio-musical\/"},"modified":"2024-05-02T08:30:01","modified_gmt":"2024-05-02T08:30:01","slug":"fabia-santcovsky-reschini-guanyador-del-xli-premi-reina-sofia-de-composicio-musical","status":"publish","type":"post","link":"https:\/\/fundacioferrermusica.org\/es\/fabia-santcovsky-reschini-guanyador-del-xli-premi-reina-sofia-de-composicio-musical\/","title":{"rendered":"Fabi\u00e0 Santcovsky Reschini, ganador del XLI Premio Reina Sof\u00eda de Composici\u00f3n Musical"},"content":{"rendered":"\t\t<div data-elementor-type=\"wp-post\" data-elementor-id=\"7788\" class=\"elementor elementor-7788 elementor-7773\" data-elementor-post-type=\"post\">\n\t\t\t\t\t\t<section class=\"elementor-section elementor-top-section elementor-element elementor-element-6999563 elementor-section-full_width top-title elementor-section-height-default elementor-section-height-default\" data-id=\"6999563\" data-element_type=\"section\" data-e-type=\"section\">\n\t\t\t\t\t\t<div class=\"elementor-container elementor-column-gap-default\">\n\t\t\t\t\t<div class=\"elementor-column elementor-col-100 elementor-top-column elementor-element elementor-element-b778990\" data-id=\"b778990\" data-element_type=\"column\" data-e-type=\"column\">\n\t\t\t<div class=\"elementor-widget-wrap elementor-element-populated\">\n\t\t\t\t\t\t<div class=\"elementor-element elementor-element-5f43cab elementor-widget elementor-widget-heading\" data-id=\"5f43cab\" data-element_type=\"widget\" data-e-type=\"widget\" data-widget_type=\"heading.default\">\n\t\t\t\t<div class=\"elementor-widget-container\">\n\t\t\t\t\t<h1 class=\"elementor-heading-title elementor-size-default\">Fabi\u00e0 Santcovsky Reschini, ganador del XLI Premio Reina Sof\u00eda de Composici\u00f3n Musical<\/h1>\t\t\t\t<\/div>\n\t\t\t\t<\/div>\n\t\t\t\t\t<\/div>\n\t\t<\/div>\n\t\t\t\t\t<\/div>\n\t\t<\/section>\n\t\t\t\t<section class=\"elementor-section elementor-top-section elementor-element elementor-element-53bf974 elementor-section-full_width elementor-section-height-default elementor-section-height-default\" data-id=\"53bf974\" data-element_type=\"section\" data-e-type=\"section\">\n\t\t\t\t\t\t<div class=\"elementor-container elementor-column-gap-default\">\n\t\t\t\t\t<div class=\"elementor-column elementor-col-50 elementor-top-column elementor-element elementor-element-d2d2b77\" data-id=\"d2d2b77\" data-element_type=\"column\" data-e-type=\"column\">\n\t\t\t<div class=\"elementor-widget-wrap elementor-element-populated\">\n\t\t\t\t\t\t<div class=\"elementor-element elementor-element-f67ee30 elementor-widget elementor-widget-image\" data-id=\"f67ee30\" data-element_type=\"widget\" data-e-type=\"widget\" data-widget_type=\"image.default\">\n\t\t\t\t<div class=\"elementor-widget-container\">\n\t\t\t\t\t\t\t\t\t\t\t\t\t\t\t<img fetchpriority=\"high\" decoding=\"async\" width=\"803\" height=\"526\" src=\"https:\/\/fundacioferrermusica.org\/wp-content\/uploads\/2024\/02\/FMFS-guanyadorXLIPRS.jpg\" class=\"attachment-large size-large wp-image-7780\" alt=\"\" srcset=\"https:\/\/fundacioferrermusica.org\/wp-content\/uploads\/2024\/02\/FMFS-guanyadorXLIPRS.jpg 803w, https:\/\/fundacioferrermusica.org\/wp-content\/uploads\/2024\/02\/FMFS-guanyadorXLIPRS-300x197.jpg 300w, https:\/\/fundacioferrermusica.org\/wp-content\/uploads\/2024\/02\/FMFS-guanyadorXLIPRS-768x503.jpg 768w\" sizes=\"(max-width: 803px) 100vw, 803px\" \/>\t\t\t\t\t\t\t\t\t\t\t\t\t\t\t<\/div>\n\t\t\t\t<\/div>\n\t\t\t\t\t<\/div>\n\t\t<\/div>\n\t\t\t\t<div class=\"elementor-column elementor-col-50 elementor-top-column elementor-element elementor-element-a98c464\" data-id=\"a98c464\" data-element_type=\"column\" data-e-type=\"column\">\n\t\t\t<div class=\"elementor-widget-wrap elementor-element-populated\">\n\t\t\t\t\t\t<div class=\"elementor-element elementor-element-5abb12b elementor-widget elementor-widget-heading\" data-id=\"5abb12b\" data-element_type=\"widget\" data-e-type=\"widget\" data-widget_type=\"heading.default\">\n\t\t\t\t<div class=\"elementor-widget-container\">\n\t\t\t\t\t<h2 class=\"elementor-heading-title elementor-size-default\">Este pasado fin de semana ha tenido lugar el fallo del Jurado del XLI Premio Reina Sof\u00eda de Composici\u00f3n Musical, compuesto por Santiago Lanchares, Ramon Humet, Javier Quislant, Jes\u00fas Rueda y presidido por Mart\u00edn Matalon.<\/h2>\t\t\t\t<\/div>\n\t\t\t\t<\/div>\n\t\t\t\t<div class=\"elementor-element elementor-element-f5a53bc elementor-widget elementor-widget-text-editor\" data-id=\"f5a53bc\" data-element_type=\"widget\" data-e-type=\"widget\" data-widget_type=\"text-editor.default\">\n\t\t\t\t<div class=\"elementor-widget-container\">\n\t\t\t\t\t\t\t\t\t<p>Tras dos d\u00edas de intensa deliberaci\u00f3n y de un an\u00e1lisis al detalle de las setenta partituras presentadas a concurso en esta edici\u00f3n, se acord\u00f3 otorgar el Premio Reina Sof\u00eda de Composici\u00f3n Musical 2023 a la obra titulada <strong><em>Concierto de los elementos: I&amp;II<\/em><\/strong><em>,<\/em> del compositor <strong>Fabi\u00e0 Santcovsky Reschini<\/strong>.<\/p><p>El premio, convocado anualmente desde 1982 por la Fundaci\u00f3 de M\u00fasica Ferrer-Salat para estimular la creaci\u00f3n de nuevas obras para orquesta, goza de gran prestigio a nivel internacional gracias a la <strong>implicaci\u00f3n de <\/strong><strong>Su Majestad la Reina Sof\u00eda <\/strong><strong>y por tener<\/strong> una <strong>dotaci\u00f3n econ\u00f3mica de 100.000\u20ac,<\/strong> siendo as\u00ed el galard\u00f3n de <strong>mayor dotaci\u00f3n a nivel europeo<\/strong>.<\/p><p>La obra galardonada se estrenar\u00e1 e interpretar\u00e1 en primicia por la Orquesta Sinf\u00f3nica de Radiotelevisi\u00f3n Espa\u00f1ola el pr\u00f3ximo 11 de octubre en el Teatro Monumental de Madrid en presencia de S.M. La Reina Do\u00f1a Sof\u00eda y del presidente de la Fundaci\u00f3, Sergi Ferrer-Salat.<\/p><p>Adem\u00e1s, como parte del premio, Fabi\u00e0 Santcovsky ser\u00e1 tambi\u00e9n <strong>designado compositor de la Xarxa de M\u00fasiques a Catalunya<\/strong>, nombramiento que implica el encargo de dos obras de m\u00fasica de c\u00e1mara para dos formaciones diferentes que se interpretar\u00e1n en el circuito de conciertos de Joventuts Musicals de Catalunya la temporada que viene.<\/p><p>Por \u00faltimo, y con el objetivo de llevar el galard\u00f3n m\u00e1s lejos a nivel nacional, <strong><em>Concierto de los elementos: I&amp;II<\/em><\/strong> <strong>se incorporar\u00e1 en el programa de giras y encuentros anuales de 2025 de la Joven Orquesta Nacional de Espa\u00f1a (JONDE)<\/strong>, la orquesta joven m\u00e1s importante a nivel nacional, para ser difundida e interpretada tambi\u00e9n por sus m\u00fasicos.<\/p><p><strong><u>Sobre Fabi\u00e0 Santcovsky Reschini<\/u><\/strong><\/p><p>Nacido en 1989 en Barcelona. En su ciudad estudi\u00f3 con Gabriel Brn\u010di\u0107 y Mauricio Sotelo, y en Stuttgart y Berl\u00edn con Marco Stroppa y Daniel Ott. Ha escrito tres \u00f3peras de c\u00e1mara, encargadas por instituciones y festivales como el Teatro Argentino de La Plata, la Bienal de M\u00fanich y el Gran Teatre del Liceu, varias obras de orquesta encargadas e interpretadas por la OBC de Barcelona, la SWR Stuttgart Sinfonieorchester y la Tokyo Philharmonic, y obras de c\u00e1mara encargadas por festivales de renombre como el Aldeburgh Festival o la Bienal New Talents de Colonia.<\/p><p>En 2015 recibi\u00f3 el 2\u00ba Premio del Toru Takemitsu Composition Award de Jap\u00f3n y la beca Wardwell de la Fundaci\u00f3n Alexander von Humboldt en 2016. En 2021 fue artista joven residente en la Academia de las Artes de Berl\u00edn. Desde 2022 colabora en la organizaci\u00f3n de los nuevos Encuentros de Pamplona en el \u00e1mbito de M\u00fasica.<\/p><p>En numerosas obras su m\u00fasica es fruto de un imaginario en el que se invoca la representaci\u00f3n de ciertos arquetipos de la idea de naturaleza como forma de plantear un lenguaje constituido en el l\u00edmite entre lo humano y lo natural. Como contraste a esta l\u00ednea de trabajo, en sus \u00f3peras ha desarrollado un lenguaje acompa\u00f1ado de medios electr\u00f3nicos y planteamientos tem\u00e1ticos inspirados en la ciencia ficci\u00f3n y en la especulaci\u00f3n sobre el futuro de la tecnolog\u00eda como motor de cambio de la condici\u00f3n, la forma y la cultura del ser humano.<\/p>\t\t\t\t\t\t\t\t<\/div>\n\t\t\t\t<\/div>\n\t\t\t\t<div class=\"elementor-element elementor-element-a9154b7 elementor-widget elementor-widget-spacer\" data-id=\"a9154b7\" data-element_type=\"widget\" data-e-type=\"widget\" data-widget_type=\"spacer.default\">\n\t\t\t\t<div class=\"elementor-widget-container\">\n\t\t\t\t\t\t\t<div class=\"elementor-spacer\">\n\t\t\t<div class=\"elementor-spacer-inner\"><\/div>\n\t\t<\/div>\n\t\t\t\t\t\t<\/div>\n\t\t\t\t<\/div>\n\t\t\t\t\t<\/div>\n\t\t<\/div>\n\t\t\t\t\t<\/div>\n\t\t<\/section>\n\t\t\t\t<section class=\"elementor-section elementor-top-section elementor-element elementor-element-86a4ed8 elementor-section-full_width elementor-section-height-default elementor-section-height-default\" data-id=\"86a4ed8\" data-element_type=\"section\" data-e-type=\"section\">\n\t\t\t\t\t\t<div class=\"elementor-container elementor-column-gap-default\">\n\t\t\t\t\t<div class=\"elementor-column elementor-col-100 elementor-top-column elementor-element elementor-element-9981440\" data-id=\"9981440\" data-element_type=\"column\" data-e-type=\"column\">\n\t\t\t<div class=\"elementor-widget-wrap elementor-element-populated\">\n\t\t\t\t\t\t<div class=\"elementor-element elementor-element-0364fa3 elementor-widget elementor-widget-heading\" data-id=\"0364fa3\" data-element_type=\"widget\" data-e-type=\"widget\" data-widget_type=\"heading.default\">\n\t\t\t\t<div class=\"elementor-widget-container\">\n\t\t\t\t\t<h2 class=\"elementor-heading-title elementor-size-default\">ART\u00cdCULOS RELACIONADOS<\/h2>\t\t\t\t<\/div>\n\t\t\t\t<\/div>\n\t\t\t\t<div class=\"elementor-element elementor-element-0874f72 uael-equal__height-yes animated-slow random-color-trigger elementor-invisible elementor-widget elementor-widget-uael-posts\" data-id=\"0874f72\" data-element_type=\"widget\" data-e-type=\"widget\" data-settings=\"{&quot;_animation&quot;:&quot;fadeInUp&quot;,&quot;classic_slides_to_show&quot;:4,&quot;classic_slides_to_show_tablet&quot;:2,&quot;classic_slides_to_show_mobile&quot;:1}\" data-widget_type=\"uael-posts.classic\">\n\t\t\t\t<div class=\"elementor-widget-container\">\n\t\t\t\t\t\t\t<div class=\"uael-post__header\">\n\t\t\t\t\t<\/div>\n\t\t<div class=\"uael-post__body\">\n\t\t\t\n\t\t\n\t\t<div class=\"uael-blog-terms-position-above_content uael-post-image-top uael-post-grid uael-posts\" data-query-type=\"custom\" data-structure=\"normal\" data-layout=\"\" data-page=\"7788\" data-skin=\"classic\" data-filter-default=\"\" data-offset-top=\"30\" >\n\n\t\t\t\t\t\t\t<div class=\"uael-post-grid__inner uael-post__columns-4 uael-post__columns-tablet-2 uael-post__columns-mobile-1\">\n\t\t\t\n<div class=\"uael-post-wrapper   excelencia-musical noticias \">\n\t<div class=\"uael-post__bg-wrap uael-bg-wrap-disabled \">\n\n\t\t\t\t\n\t\t<div class=\"uael-post__inner-wrap uael-inner-wrap-disabled\">\n\n\t\t\t\t<div class=\"uael-post__thumbnail\">\n\t\t\t\n\t\t\t<a href=\"https:\/\/fundacioferrermusica.org\/es\/parlem-amb-un-dels-cinc-duos-guanyadors-de-lied-the-future-2026\/\" target=\"_self\" title=\"Hablamos con uno de los cinco d\u00faos ganadores de Lied the Future 2026\"><img decoding=\"async\" width=\"500\" height=\"526\" src=\"https:\/\/fundacioferrermusica.org\/wp-content\/uploads\/2026\/04\/Lied-the-Future-Bruno-Meichsner-i-George-Needham-portada.png\" class=\"attachment-full size-full wp-image-10635\" alt=\"\" srcset=\"https:\/\/fundacioferrermusica.org\/wp-content\/uploads\/2026\/04\/Lied-the-Future-Bruno-Meichsner-i-George-Needham-portada.png 500w, https:\/\/fundacioferrermusica.org\/wp-content\/uploads\/2026\/04\/Lied-the-Future-Bruno-Meichsner-i-George-Needham-portada-285x300.png 285w\" sizes=\"(max-width: 500px) 100vw, 500px\" \/><\/a>\n\t\t\t\t\t<\/div>\n\t\t\n\t\t\t\n\t\t\t<div class=\"uael-post__content-wrap uael-content-wrap-disabled\">\n\t\t\t\t\t\t\t<div class=\"uael-post__terms-wrap\"><span class=\"uael-post__terms\"><span class=\"uael-listing__terms-link\">Excelencia musical<\/span><\/span><\/div>\n\t\t\t\t\n\t\t<div class=\"uael-post__excerpt\">\n\t\t\tHablamos con uno de los cinco ...\t\t<\/div>\n\n\t\t\t\t\t<\/div>\n\t\t\t\n\t\t<\/div>\n\t\t\n\t<\/div>\n\n<\/div>\n\n<div class=\"uael-post-wrapper   excelencia-musical noticias \">\n\t<div class=\"uael-post__bg-wrap uael-bg-wrap-disabled \">\n\n\t\t\t\t\n\t\t<div class=\"uael-post__inner-wrap uael-inner-wrap-disabled\">\n\n\t\t\t\t<div class=\"uael-post__thumbnail\">\n\t\t\t\n\t\t\t<a href=\"https:\/\/fundacioferrermusica.org\/es\/el-alumnado-del-programa-de-primaria-y-secundaria-musical-participa-en-liceu-familiar\/\" target=\"_self\" title=\"El alumnado del programa de Primaria y Secundaria Musical participa en Liceu Familiar\"><img decoding=\"async\" width=\"500\" height=\"526\" src=\"https:\/\/fundacioferrermusica.org\/wp-content\/uploads\/2026\/03\/Liceu-Familiar-portada.png\" class=\"attachment-full size-full wp-image-10581\" alt=\"\" srcset=\"https:\/\/fundacioferrermusica.org\/wp-content\/uploads\/2026\/03\/Liceu-Familiar-portada.png 500w, https:\/\/fundacioferrermusica.org\/wp-content\/uploads\/2026\/03\/Liceu-Familiar-portada-285x300.png 285w\" sizes=\"(max-width: 500px) 100vw, 500px\" \/><\/a>\n\t\t\t\t\t<\/div>\n\t\t\n\t\t\t\n\t\t\t<div class=\"uael-post__content-wrap uael-content-wrap-disabled\">\n\t\t\t\t\t\t\t<div class=\"uael-post__terms-wrap\"><span class=\"uael-post__terms\"><span class=\"uael-listing__terms-link\">Excelencia musical<\/span><\/span><\/div>\n\t\t\t\t\n\t\t<div class=\"uael-post__excerpt\">\n\t\t\tEl alumnado del programa de Primaria ...\t\t<\/div>\n\n\t\t\t\t\t<\/div>\n\t\t\t\n\t\t<\/div>\n\t\t\n\t<\/div>\n\n<\/div>\n\n<div class=\"uael-post-wrapper   excelencia-musical noticias \">\n\t<div class=\"uael-post__bg-wrap uael-bg-wrap-disabled \">\n\n\t\t\t\t\n\t\t<div class=\"uael-post__inner-wrap uael-inner-wrap-disabled\">\n\n\t\t\t\t<div class=\"uael-post__thumbnail\">\n\t\t\t\n\t\t\t<a href=\"https:\/\/fundacioferrermusica.org\/es\/impulsem-el-talent-emergent-amb-el-premi-extraordinari-del-concurs-tenor-vinas-2026\/\" target=\"_self\" title=\"Impulsamos el talento emergente con el Premio Extraordinario del Concurso Tenor Vi\u00f1as 2026\"><img loading=\"lazy\" decoding=\"async\" width=\"500\" height=\"526\" src=\"https:\/\/fundacioferrermusica.org\/wp-content\/uploads\/2026\/03\/Portada-web-Tenor-Vinas.png\" class=\"attachment-full size-full wp-image-10521\" alt=\"\" srcset=\"https:\/\/fundacioferrermusica.org\/wp-content\/uploads\/2026\/03\/Portada-web-Tenor-Vinas.png 500w, https:\/\/fundacioferrermusica.org\/wp-content\/uploads\/2026\/03\/Portada-web-Tenor-Vinas-285x300.png 285w\" sizes=\"(max-width: 500px) 100vw, 500px\" \/><\/a>\n\t\t\t\t\t<\/div>\n\t\t\n\t\t\t\n\t\t\t<div class=\"uael-post__content-wrap uael-content-wrap-disabled\">\n\t\t\t\t\t\t\t<div class=\"uael-post__terms-wrap\"><span class=\"uael-post__terms\"><span class=\"uael-listing__terms-link\">Excelencia musical<\/span><\/span><\/div>\n\t\t\t\t\n\t\t<div class=\"uael-post__excerpt\">\n\t\t\tImpulsamos el talento emergente con el ...\t\t<\/div>\n\n\t\t\t\t\t<\/div>\n\t\t\t\n\t\t<\/div>\n\t\t\n\t<\/div>\n\n<\/div>\n\n<div class=\"uael-post-wrapper   excelencia-musical noticias \">\n\t<div class=\"uael-post__bg-wrap uael-bg-wrap-disabled \">\n\n\t\t\t\t\n\t\t<div class=\"uael-post__inner-wrap uael-inner-wrap-disabled\">\n\n\t\t\t\t<div class=\"uael-post__thumbnail\">\n\t\t\t\n\t\t\t<a href=\"https:\/\/fundacioferrermusica.org\/es\/lied-the-future-presenta-su-programacion-en-la-schubertiada\/\" target=\"_self\" title=\"Lied the Future presenta su programaci\u00f3n en la Schubert\u00edada\"><img loading=\"lazy\" decoding=\"async\" width=\"500\" height=\"526\" src=\"https:\/\/fundacioferrermusica.org\/wp-content\/uploads\/2026\/03\/Portada-web-Schubertiada.png\" class=\"attachment-full size-full wp-image-10548\" alt=\"\" srcset=\"https:\/\/fundacioferrermusica.org\/wp-content\/uploads\/2026\/03\/Portada-web-Schubertiada.png 500w, https:\/\/fundacioferrermusica.org\/wp-content\/uploads\/2026\/03\/Portada-web-Schubertiada-285x300.png 285w\" sizes=\"(max-width: 500px) 100vw, 500px\" \/><\/a>\n\t\t\t\t\t<\/div>\n\t\t\n\t\t\t\n\t\t\t<div class=\"uael-post__content-wrap uael-content-wrap-disabled\">\n\t\t\t\t\t\t\t<div class=\"uael-post__terms-wrap\"><span class=\"uael-post__terms\"><span class=\"uael-listing__terms-link\">Excelencia musical<\/span><\/span><\/div>\n\t\t\t\t\n\t\t<div class=\"uael-post__excerpt\">\n\t\t\tLied the Future presenta su programaci\u00f3n ...\t\t<\/div>\n\n\t\t\t\t\t<\/div>\n\t\t\t\n\t\t<\/div>\n\t\t\n\t<\/div>\n\n<\/div>\n\t\t\t\t<\/div>\n\t\t\t\t\t\t\n\t\t<\/div>\n\n\t\t\t\t\t\t<\/div>\n\t\t<div class=\"uael-post__footer\">\n\t\t\t\t\t<\/div>\n\t\t\t\t\t\t<\/div>\n\t\t\t\t<\/div>\n\t\t\t\t\t<\/div>\n\t\t<\/div>\n\t\t\t\t\t<\/div>\n\t\t<\/section>\n\t\t\t\t<\/div>\n\t\t","protected":false},"excerpt":{"rendered":"<p>Fabi\u00e0 Santcovsky Reschini, ganador del XLI Premio Reina Sof\u00eda de Composici\u00f3n Musical Este pasado fin de semana ha tenido lugar el fallo del Jurado del XLI Premio Reina Sof\u00eda de Composici\u00f3n Musical, compuesto por Santiago Lanchares, Ramon Humet, Javier Quislant, Jes\u00fas Rueda y presidido por Mart\u00edn Matalon. Tras dos d\u00edas de intensa deliberaci\u00f3n y de [&hellip;]<\/p>\n","protected":false},"author":2,"featured_media":7777,"comment_status":"closed","ping_status":"closed","sticky":false,"template":"","format":"standard","meta":{"site-sidebar-layout":"default","site-content-layout":"","ast-site-content-layout":"default","site-content-style":"default","site-sidebar-style":"default","ast-global-header-display":"","ast-banner-title-visibility":"","ast-main-header-display":"","ast-hfb-above-header-display":"","ast-hfb-below-header-display":"","ast-hfb-mobile-header-display":"","site-post-title":"","ast-breadcrumbs-content":"","ast-featured-img":"","footer-sml-layout":"","ast-disable-related-posts":"","theme-transparent-header-meta":"","adv-header-id-meta":"","stick-header-meta":"","header-above-stick-meta":"","header-main-stick-meta":"","header-below-stick-meta":"","astra-migrate-meta-layouts":"default","ast-page-background-enabled":"default","ast-page-background-meta":{"desktop":{"background-color":"var(--ast-global-color-4)","background-image":"","background-repeat":"repeat","background-position":"center center","background-size":"auto","background-attachment":"scroll","background-type":"","background-media":"","overlay-type":"","overlay-color":"","overlay-opacity":"","overlay-gradient":""},"tablet":{"background-color":"","background-image":"","background-repeat":"repeat","background-position":"center center","background-size":"auto","background-attachment":"scroll","background-type":"","background-media":"","overlay-type":"","overlay-color":"","overlay-opacity":"","overlay-gradient":""},"mobile":{"background-color":"","background-image":"","background-repeat":"repeat","background-position":"center center","background-size":"auto","background-attachment":"scroll","background-type":"","background-media":"","overlay-type":"","overlay-color":"","overlay-opacity":"","overlay-gradient":""}},"ast-content-background-meta":{"desktop":{"background-color":"var(--ast-global-color-5)","background-image":"","background-repeat":"repeat","background-position":"center center","background-size":"auto","background-attachment":"scroll","background-type":"","background-media":"","overlay-type":"","overlay-color":"","overlay-opacity":"","overlay-gradient":""},"tablet":{"background-color":"var(--ast-global-color-5)","background-image":"","background-repeat":"repeat","background-position":"center center","background-size":"auto","background-attachment":"scroll","background-type":"","background-media":"","overlay-type":"","overlay-color":"","overlay-opacity":"","overlay-gradient":""},"mobile":{"background-color":"var(--ast-global-color-5)","background-image":"","background-repeat":"repeat","background-position":"center center","background-size":"auto","background-attachment":"scroll","background-type":"","background-media":"","overlay-type":"","overlay-color":"","overlay-opacity":"","overlay-gradient":""}},"footnotes":""},"categories":[38],"tags":[],"class_list":["post-7788","post","type-post","status-publish","format-standard","has-post-thumbnail","hentry","category-excelencia-musical"],"yoast_head":"<!-- This site is optimized with the Yoast SEO plugin v27.2 - https:\/\/yoast.com\/product\/yoast-seo-wordpress\/ -->\n<title>Fabi\u00e0 Santcovsky Reschini, ganador del XLI Premio Reina Sof\u00eda de Composici\u00f3n Musical - Fundaci\u00f3 de M\u00fasica Ferrer-Salat<\/title>\n<meta name=\"robots\" content=\"index, follow, max-snippet:-1, max-image-preview:large, max-video-preview:-1\" \/>\n<link rel=\"canonical\" href=\"https:\/\/fundacioferrermusica.org\/en\/fabia-santcovsky-reschini-guanyador-del-xli-premi-reina-sofia-de-composicio-musical\/\" \/>\n<meta property=\"og:locale\" content=\"es_ES\" \/>\n<meta property=\"og:type\" content=\"article\" \/>\n<meta property=\"og:title\" content=\"Fabi\u00e0 Santcovsky Reschini, ganador del XLI Premio Reina Sof\u00eda de Composici\u00f3n Musical - Fundaci\u00f3 de M\u00fasica Ferrer-Salat\" \/>\n<meta property=\"og:description\" content=\"Fabi\u00e0 Santcovsky Reschini, ganador del XLI Premio Reina Sof\u00eda de Composici\u00f3n Musical Este pasado fin de semana ha tenido lugar el fallo del Jurado del XLI Premio Reina Sof\u00eda de Composici\u00f3n Musical, compuesto por Santiago Lanchares, Ramon Humet, Javier Quislant, Jes\u00fas Rueda y presidido por Mart\u00edn Matalon. Tras dos d\u00edas de intensa deliberaci\u00f3n y de [&hellip;]\" \/>\n<meta property=\"og:url\" content=\"https:\/\/fundacioferrermusica.org\/en\/fabia-santcovsky-reschini-guanyador-del-xli-premi-reina-sofia-de-composicio-musical\/\" \/>\n<meta property=\"og:site_name\" content=\"Fundaci\u00f3 de M\u00fasica Ferrer-Salat\" \/>\n<meta property=\"article:published_time\" content=\"2024-02-26T15:42:53+00:00\" \/>\n<meta property=\"article:modified_time\" content=\"2024-05-02T08:30:01+00:00\" \/>\n<meta property=\"og:image\" content=\"https:\/\/fundacioferrermusica.org\/wp-content\/uploads\/2024\/02\/FMFS-guanyadorXLIPRS-p.jpg\" \/>\n\t<meta property=\"og:image:width\" content=\"500\" \/>\n\t<meta property=\"og:image:height\" content=\"526\" \/>\n\t<meta property=\"og:image:type\" content=\"image\/jpeg\" \/>\n<meta name=\"author\" content=\"Silvia\" \/>\n<meta name=\"twitter:card\" content=\"summary_large_image\" \/>\n<meta name=\"twitter:label1\" content=\"Escrito por\" \/>\n\t<meta name=\"twitter:data1\" content=\"Silvia\" \/>\n\t<meta name=\"twitter:label2\" content=\"Tiempo de lectura\" \/>\n\t<meta name=\"twitter:data2\" content=\"6 minutos\" \/>\n<script type=\"application\/ld+json\" class=\"yoast-schema-graph\">{\"@context\":\"https:\/\/schema.org\",\"@graph\":[{\"@type\":\"Article\",\"@id\":\"https:\/\/fundacioferrermusica.org\/en\/fabia-santcovsky-reschini-guanyador-del-xli-premi-reina-sofia-de-composicio-musical\/#article\",\"isPartOf\":{\"@id\":\"https:\/\/fundacioferrermusica.org\/en\/fabia-santcovsky-reschini-guanyador-del-xli-premi-reina-sofia-de-composicio-musical\/\"},\"author\":{\"name\":\"Silvia\",\"@id\":\"https:\/\/fundacioferrermusica.org\/#\/schema\/person\/1a15ceaaee27c5702264554ef1586fc5\"},\"headline\":\"Fabi\u00e0 Santcovsky Reschini, ganador del XLI Premio Reina Sof\u00eda de Composici\u00f3n Musical\",\"datePublished\":\"2024-02-26T15:42:53+00:00\",\"dateModified\":\"2024-05-02T08:30:01+00:00\",\"mainEntityOfPage\":{\"@id\":\"https:\/\/fundacioferrermusica.org\/en\/fabia-santcovsky-reschini-guanyador-del-xli-premi-reina-sofia-de-composicio-musical\/\"},\"wordCount\":1032,\"publisher\":{\"@id\":\"https:\/\/fundacioferrermusica.org\/#organization\"},\"image\":{\"@id\":\"https:\/\/fundacioferrermusica.org\/en\/fabia-santcovsky-reschini-guanyador-del-xli-premi-reina-sofia-de-composicio-musical\/#primaryimage\"},\"thumbnailUrl\":\"https:\/\/fundacioferrermusica.org\/wp-content\/uploads\/2024\/02\/FMFS-guanyadorXLIPRS-p.jpg\",\"articleSection\":[\"Excelencia musical\"],\"inLanguage\":\"es\"},{\"@type\":\"WebPage\",\"@id\":\"https:\/\/fundacioferrermusica.org\/en\/fabia-santcovsky-reschini-guanyador-del-xli-premi-reina-sofia-de-composicio-musical\/\",\"url\":\"https:\/\/fundacioferrermusica.org\/en\/fabia-santcovsky-reschini-guanyador-del-xli-premi-reina-sofia-de-composicio-musical\/\",\"name\":\"Fabi\u00e0 Santcovsky Reschini, ganador del XLI Premio Reina Sof\u00eda de Composici\u00f3n Musical - Fundaci\u00f3 de M\u00fasica Ferrer-Salat\",\"isPartOf\":{\"@id\":\"https:\/\/fundacioferrermusica.org\/#website\"},\"primaryImageOfPage\":{\"@id\":\"https:\/\/fundacioferrermusica.org\/en\/fabia-santcovsky-reschini-guanyador-del-xli-premi-reina-sofia-de-composicio-musical\/#primaryimage\"},\"image\":{\"@id\":\"https:\/\/fundacioferrermusica.org\/en\/fabia-santcovsky-reschini-guanyador-del-xli-premi-reina-sofia-de-composicio-musical\/#primaryimage\"},\"thumbnailUrl\":\"https:\/\/fundacioferrermusica.org\/wp-content\/uploads\/2024\/02\/FMFS-guanyadorXLIPRS-p.jpg\",\"datePublished\":\"2024-02-26T15:42:53+00:00\",\"dateModified\":\"2024-05-02T08:30:01+00:00\",\"breadcrumb\":{\"@id\":\"https:\/\/fundacioferrermusica.org\/en\/fabia-santcovsky-reschini-guanyador-del-xli-premi-reina-sofia-de-composicio-musical\/#breadcrumb\"},\"inLanguage\":\"es\",\"potentialAction\":[{\"@type\":\"ReadAction\",\"target\":[\"https:\/\/fundacioferrermusica.org\/en\/fabia-santcovsky-reschini-guanyador-del-xli-premi-reina-sofia-de-composicio-musical\/\"]}]},{\"@type\":\"ImageObject\",\"inLanguage\":\"es\",\"@id\":\"https:\/\/fundacioferrermusica.org\/en\/fabia-santcovsky-reschini-guanyador-del-xli-premi-reina-sofia-de-composicio-musical\/#primaryimage\",\"url\":\"https:\/\/fundacioferrermusica.org\/wp-content\/uploads\/2024\/02\/FMFS-guanyadorXLIPRS-p.jpg\",\"contentUrl\":\"https:\/\/fundacioferrermusica.org\/wp-content\/uploads\/2024\/02\/FMFS-guanyadorXLIPRS-p.jpg\",\"width\":500,\"height\":526},{\"@type\":\"BreadcrumbList\",\"@id\":\"https:\/\/fundacioferrermusica.org\/en\/fabia-santcovsky-reschini-guanyador-del-xli-premi-reina-sofia-de-composicio-musical\/#breadcrumb\",\"itemListElement\":[{\"@type\":\"ListItem\",\"position\":1,\"name\":\"Inici\",\"item\":\"https:\/\/fundacioferrermusica.org\/\"},{\"@type\":\"ListItem\",\"position\":2,\"name\":\"Fabi\u00e0 Santcovsky Reschini, ganador del XLI Premio Reina Sof\u00eda de Composici\u00f3n Musical\"}]},{\"@type\":\"WebSite\",\"@id\":\"https:\/\/fundacioferrermusica.org\/#website\",\"url\":\"https:\/\/fundacioferrermusica.org\/\",\"name\":\"Fundaci\u00f3 de M\u00fasica Ferrer-Salat\",\"description\":\"40 anys generant oportunitats a trav\u00e9s de la m\u00fasica\",\"publisher\":{\"@id\":\"https:\/\/fundacioferrermusica.org\/#organization\"},\"potentialAction\":[{\"@type\":\"SearchAction\",\"target\":{\"@type\":\"EntryPoint\",\"urlTemplate\":\"https:\/\/fundacioferrermusica.org\/?s={search_term_string}\"},\"query-input\":{\"@type\":\"PropertyValueSpecification\",\"valueRequired\":true,\"valueName\":\"search_term_string\"}}],\"inLanguage\":\"es\"},{\"@type\":\"Organization\",\"@id\":\"https:\/\/fundacioferrermusica.org\/#organization\",\"name\":\"Fundaci\u00f3 de M\u00fasica Ferrer-Salat\",\"url\":\"https:\/\/fundacioferrermusica.org\/\",\"logo\":{\"@type\":\"ImageObject\",\"inLanguage\":\"es\",\"@id\":\"https:\/\/fundacioferrermusica.org\/#\/schema\/logo\/image\/\",\"url\":\"https:\/\/fundacioferrermusica.org\/wp-content\/uploads\/2022\/06\/cropped-FundacioMusicaFerrerSalat.png\",\"contentUrl\":\"https:\/\/fundacioferrermusica.org\/wp-content\/uploads\/2022\/06\/cropped-FundacioMusicaFerrerSalat.png\",\"width\":160,\"height\":53,\"caption\":\"Fundaci\u00f3 de M\u00fasica Ferrer-Salat\"},\"image\":{\"@id\":\"https:\/\/fundacioferrermusica.org\/#\/schema\/logo\/image\/\"}},{\"@type\":\"Person\",\"@id\":\"https:\/\/fundacioferrermusica.org\/#\/schema\/person\/1a15ceaaee27c5702264554ef1586fc5\",\"name\":\"Silvia\",\"image\":{\"@type\":\"ImageObject\",\"inLanguage\":\"es\",\"@id\":\"https:\/\/secure.gravatar.com\/avatar\/c983b2b5cf3438b42ddec5b84c6fd1dc52a731c5c7aea49cbb82713e6be27ffb?s=96&d=mm&r=g\",\"url\":\"https:\/\/secure.gravatar.com\/avatar\/c983b2b5cf3438b42ddec5b84c6fd1dc52a731c5c7aea49cbb82713e6be27ffb?s=96&d=mm&r=g\",\"contentUrl\":\"https:\/\/secure.gravatar.com\/avatar\/c983b2b5cf3438b42ddec5b84c6fd1dc52a731c5c7aea49cbb82713e6be27ffb?s=96&d=mm&r=g\",\"caption\":\"Silvia\"},\"url\":\"https:\/\/fundacioferrermusica.org\/es\/author\/silvia\/\"}]}<\/script>\n<!-- \/ Yoast SEO plugin. -->","yoast_head_json":{"title":"Fabi\u00e0 Santcovsky Reschini, ganador del XLI Premio Reina Sof\u00eda de Composici\u00f3n Musical - Fundaci\u00f3 de M\u00fasica Ferrer-Salat","robots":{"index":"index","follow":"follow","max-snippet":"max-snippet:-1","max-image-preview":"max-image-preview:large","max-video-preview":"max-video-preview:-1"},"canonical":"https:\/\/fundacioferrermusica.org\/en\/fabia-santcovsky-reschini-guanyador-del-xli-premi-reina-sofia-de-composicio-musical\/","og_locale":"es_ES","og_type":"article","og_title":"Fabi\u00e0 Santcovsky Reschini, ganador del XLI Premio Reina Sof\u00eda de Composici\u00f3n Musical - Fundaci\u00f3 de M\u00fasica Ferrer-Salat","og_description":"Fabi\u00e0 Santcovsky Reschini, ganador del XLI Premio Reina Sof\u00eda de Composici\u00f3n Musical Este pasado fin de semana ha tenido lugar el fallo del Jurado del XLI Premio Reina Sof\u00eda de Composici\u00f3n Musical, compuesto por Santiago Lanchares, Ramon Humet, Javier Quislant, Jes\u00fas Rueda y presidido por Mart\u00edn Matalon. Tras dos d\u00edas de intensa deliberaci\u00f3n y de [&hellip;]","og_url":"https:\/\/fundacioferrermusica.org\/en\/fabia-santcovsky-reschini-guanyador-del-xli-premi-reina-sofia-de-composicio-musical\/","og_site_name":"Fundaci\u00f3 de M\u00fasica Ferrer-Salat","article_published_time":"2024-02-26T15:42:53+00:00","article_modified_time":"2024-05-02T08:30:01+00:00","og_image":[{"width":500,"height":526,"url":"https:\/\/fundacioferrermusica.org\/wp-content\/uploads\/2024\/02\/FMFS-guanyadorXLIPRS-p.jpg","type":"image\/jpeg"}],"author":"Silvia","twitter_card":"summary_large_image","twitter_misc":{"Escrito por":"Silvia","Tiempo de lectura":"6 minutos"},"schema":{"@context":"https:\/\/schema.org","@graph":[{"@type":"Article","@id":"https:\/\/fundacioferrermusica.org\/en\/fabia-santcovsky-reschini-guanyador-del-xli-premi-reina-sofia-de-composicio-musical\/#article","isPartOf":{"@id":"https:\/\/fundacioferrermusica.org\/en\/fabia-santcovsky-reschini-guanyador-del-xli-premi-reina-sofia-de-composicio-musical\/"},"author":{"name":"Silvia","@id":"https:\/\/fundacioferrermusica.org\/#\/schema\/person\/1a15ceaaee27c5702264554ef1586fc5"},"headline":"Fabi\u00e0 Santcovsky Reschini, ganador del XLI Premio Reina Sof\u00eda de Composici\u00f3n Musical","datePublished":"2024-02-26T15:42:53+00:00","dateModified":"2024-05-02T08:30:01+00:00","mainEntityOfPage":{"@id":"https:\/\/fundacioferrermusica.org\/en\/fabia-santcovsky-reschini-guanyador-del-xli-premi-reina-sofia-de-composicio-musical\/"},"wordCount":1032,"publisher":{"@id":"https:\/\/fundacioferrermusica.org\/#organization"},"image":{"@id":"https:\/\/fundacioferrermusica.org\/en\/fabia-santcovsky-reschini-guanyador-del-xli-premi-reina-sofia-de-composicio-musical\/#primaryimage"},"thumbnailUrl":"https:\/\/fundacioferrermusica.org\/wp-content\/uploads\/2024\/02\/FMFS-guanyadorXLIPRS-p.jpg","articleSection":["Excelencia musical"],"inLanguage":"es"},{"@type":"WebPage","@id":"https:\/\/fundacioferrermusica.org\/en\/fabia-santcovsky-reschini-guanyador-del-xli-premi-reina-sofia-de-composicio-musical\/","url":"https:\/\/fundacioferrermusica.org\/en\/fabia-santcovsky-reschini-guanyador-del-xli-premi-reina-sofia-de-composicio-musical\/","name":"Fabi\u00e0 Santcovsky Reschini, ganador del XLI Premio Reina Sof\u00eda de Composici\u00f3n Musical - Fundaci\u00f3 de M\u00fasica Ferrer-Salat","isPartOf":{"@id":"https:\/\/fundacioferrermusica.org\/#website"},"primaryImageOfPage":{"@id":"https:\/\/fundacioferrermusica.org\/en\/fabia-santcovsky-reschini-guanyador-del-xli-premi-reina-sofia-de-composicio-musical\/#primaryimage"},"image":{"@id":"https:\/\/fundacioferrermusica.org\/en\/fabia-santcovsky-reschini-guanyador-del-xli-premi-reina-sofia-de-composicio-musical\/#primaryimage"},"thumbnailUrl":"https:\/\/fundacioferrermusica.org\/wp-content\/uploads\/2024\/02\/FMFS-guanyadorXLIPRS-p.jpg","datePublished":"2024-02-26T15:42:53+00:00","dateModified":"2024-05-02T08:30:01+00:00","breadcrumb":{"@id":"https:\/\/fundacioferrermusica.org\/en\/fabia-santcovsky-reschini-guanyador-del-xli-premi-reina-sofia-de-composicio-musical\/#breadcrumb"},"inLanguage":"es","potentialAction":[{"@type":"ReadAction","target":["https:\/\/fundacioferrermusica.org\/en\/fabia-santcovsky-reschini-guanyador-del-xli-premi-reina-sofia-de-composicio-musical\/"]}]},{"@type":"ImageObject","inLanguage":"es","@id":"https:\/\/fundacioferrermusica.org\/en\/fabia-santcovsky-reschini-guanyador-del-xli-premi-reina-sofia-de-composicio-musical\/#primaryimage","url":"https:\/\/fundacioferrermusica.org\/wp-content\/uploads\/2024\/02\/FMFS-guanyadorXLIPRS-p.jpg","contentUrl":"https:\/\/fundacioferrermusica.org\/wp-content\/uploads\/2024\/02\/FMFS-guanyadorXLIPRS-p.jpg","width":500,"height":526},{"@type":"BreadcrumbList","@id":"https:\/\/fundacioferrermusica.org\/en\/fabia-santcovsky-reschini-guanyador-del-xli-premi-reina-sofia-de-composicio-musical\/#breadcrumb","itemListElement":[{"@type":"ListItem","position":1,"name":"Inici","item":"https:\/\/fundacioferrermusica.org\/"},{"@type":"ListItem","position":2,"name":"Fabi\u00e0 Santcovsky Reschini, ganador del XLI Premio Reina Sof\u00eda de Composici\u00f3n Musical"}]},{"@type":"WebSite","@id":"https:\/\/fundacioferrermusica.org\/#website","url":"https:\/\/fundacioferrermusica.org\/","name":"Fundaci\u00f3 de M\u00fasica Ferrer-Salat","description":"40 anys generant oportunitats a trav\u00e9s de la m\u00fasica","publisher":{"@id":"https:\/\/fundacioferrermusica.org\/#organization"},"potentialAction":[{"@type":"SearchAction","target":{"@type":"EntryPoint","urlTemplate":"https:\/\/fundacioferrermusica.org\/?s={search_term_string}"},"query-input":{"@type":"PropertyValueSpecification","valueRequired":true,"valueName":"search_term_string"}}],"inLanguage":"es"},{"@type":"Organization","@id":"https:\/\/fundacioferrermusica.org\/#organization","name":"Fundaci\u00f3 de M\u00fasica Ferrer-Salat","url":"https:\/\/fundacioferrermusica.org\/","logo":{"@type":"ImageObject","inLanguage":"es","@id":"https:\/\/fundacioferrermusica.org\/#\/schema\/logo\/image\/","url":"https:\/\/fundacioferrermusica.org\/wp-content\/uploads\/2022\/06\/cropped-FundacioMusicaFerrerSalat.png","contentUrl":"https:\/\/fundacioferrermusica.org\/wp-content\/uploads\/2022\/06\/cropped-FundacioMusicaFerrerSalat.png","width":160,"height":53,"caption":"Fundaci\u00f3 de M\u00fasica Ferrer-Salat"},"image":{"@id":"https:\/\/fundacioferrermusica.org\/#\/schema\/logo\/image\/"}},{"@type":"Person","@id":"https:\/\/fundacioferrermusica.org\/#\/schema\/person\/1a15ceaaee27c5702264554ef1586fc5","name":"Silvia","image":{"@type":"ImageObject","inLanguage":"es","@id":"https:\/\/secure.gravatar.com\/avatar\/c983b2b5cf3438b42ddec5b84c6fd1dc52a731c5c7aea49cbb82713e6be27ffb?s=96&d=mm&r=g","url":"https:\/\/secure.gravatar.com\/avatar\/c983b2b5cf3438b42ddec5b84c6fd1dc52a731c5c7aea49cbb82713e6be27ffb?s=96&d=mm&r=g","contentUrl":"https:\/\/secure.gravatar.com\/avatar\/c983b2b5cf3438b42ddec5b84c6fd1dc52a731c5c7aea49cbb82713e6be27ffb?s=96&d=mm&r=g","caption":"Silvia"},"url":"https:\/\/fundacioferrermusica.org\/es\/author\/silvia\/"}]}},"_links":{"self":[{"href":"https:\/\/fundacioferrermusica.org\/es\/wp-json\/wp\/v2\/posts\/7788","targetHints":{"allow":["GET"]}}],"collection":[{"href":"https:\/\/fundacioferrermusica.org\/es\/wp-json\/wp\/v2\/posts"}],"about":[{"href":"https:\/\/fundacioferrermusica.org\/es\/wp-json\/wp\/v2\/types\/post"}],"author":[{"embeddable":true,"href":"https:\/\/fundacioferrermusica.org\/es\/wp-json\/wp\/v2\/users\/2"}],"replies":[{"embeddable":true,"href":"https:\/\/fundacioferrermusica.org\/es\/wp-json\/wp\/v2\/comments?post=7788"}],"version-history":[{"count":7,"href":"https:\/\/fundacioferrermusica.org\/es\/wp-json\/wp\/v2\/posts\/7788\/revisions"}],"predecessor-version":[{"id":7799,"href":"https:\/\/fundacioferrermusica.org\/es\/wp-json\/wp\/v2\/posts\/7788\/revisions\/7799"}],"wp:featuredmedia":[{"embeddable":true,"href":"https:\/\/fundacioferrermusica.org\/es\/wp-json\/wp\/v2\/media\/7777"}],"wp:attachment":[{"href":"https:\/\/fundacioferrermusica.org\/es\/wp-json\/wp\/v2\/media?parent=7788"}],"wp:term":[{"taxonomy":"category","embeddable":true,"href":"https:\/\/fundacioferrermusica.org\/es\/wp-json\/wp\/v2\/categories?post=7788"},{"taxonomy":"post_tag","embeddable":true,"href":"https:\/\/fundacioferrermusica.org\/es\/wp-json\/wp\/v2\/tags?post=7788"}],"curies":[{"name":"wp","href":"https:\/\/api.w.org\/{rel}","templated":true}]}}