{"id":5192,"date":"2022-09-09T10:22:00","date_gmt":"2022-09-09T10:22:00","guid":{"rendered":"https:\/\/fundaciomusicaferrersalat.awspreferrer.com\/celebracio-del-xii-concert-beques-ferrer-salat-i-anunci-en-primicia-dels-nous-becats-pel-curs-2022-2023-duplicate-4068\/"},"modified":"2022-11-10T12:36:09","modified_gmt":"2022-11-10T12:36:09","slug":"nueva-escuela-dentro-programa-social-primaria-musical","status":"publish","type":"post","link":"https:\/\/fundacioferrermusica.org\/es\/nueva-escuela-dentro-programa-social-primaria-musical\/","title":{"rendered":"Una nueva escuela dentro del programa social Primaria Musical"},"content":{"rendered":"\t\t<div data-elementor-type=\"wp-post\" data-elementor-id=\"5192\" class=\"elementor elementor-5192 elementor-5184\" data-elementor-post-type=\"post\">\n\t\t\t\t\t\t<section class=\"elementor-section elementor-top-section elementor-element elementor-element-6999563 elementor-section-full_width top-title elementor-section-height-default elementor-section-height-default\" data-id=\"6999563\" data-element_type=\"section\" data-e-type=\"section\">\n\t\t\t\t\t\t<div class=\"elementor-container elementor-column-gap-default\">\n\t\t\t\t\t<div class=\"elementor-column elementor-col-100 elementor-top-column elementor-element elementor-element-b778990\" data-id=\"b778990\" data-element_type=\"column\" data-e-type=\"column\">\n\t\t\t<div class=\"elementor-widget-wrap elementor-element-populated\">\n\t\t\t\t\t\t<div class=\"elementor-element elementor-element-5f43cab elementor-widget elementor-widget-heading\" data-id=\"5f43cab\" data-element_type=\"widget\" data-e-type=\"widget\" data-widget_type=\"heading.default\">\n\t\t\t\t<div class=\"elementor-widget-container\">\n\t\t\t\t\t<h1 class=\"elementor-heading-title elementor-size-default\">Una nueva escuela dentro del programa social Primaria Musical<\/h1>\t\t\t\t<\/div>\n\t\t\t\t<\/div>\n\t\t\t\t\t<\/div>\n\t\t<\/div>\n\t\t\t\t\t<\/div>\n\t\t<\/section>\n\t\t\t\t<section class=\"elementor-section elementor-top-section elementor-element elementor-element-53bf974 elementor-section-full_width elementor-section-height-default elementor-section-height-default\" data-id=\"53bf974\" data-element_type=\"section\" data-e-type=\"section\">\n\t\t\t\t\t\t<div class=\"elementor-container elementor-column-gap-default\">\n\t\t\t\t\t<div class=\"elementor-column elementor-col-50 elementor-top-column elementor-element elementor-element-d2d2b77\" data-id=\"d2d2b77\" data-element_type=\"column\" data-e-type=\"column\">\n\t\t\t<div class=\"elementor-widget-wrap elementor-element-populated\">\n\t\t\t\t\t\t<div class=\"elementor-element elementor-element-ff31460 elementor-widget elementor-widget-image\" data-id=\"ff31460\" data-element_type=\"widget\" data-e-type=\"widget\" data-widget_type=\"image.default\">\n\t\t\t\t<div class=\"elementor-widget-container\">\n\t\t\t\t\t\t\t\t\t\t\t\t\t\t\t<img fetchpriority=\"high\" decoding=\"async\" width=\"802\" height=\"525\" src=\"https:\/\/fundacioferrermusica.org\/wp-content\/uploads\/2022\/09\/primaria-musica-22.jpg\" class=\"attachment-full size-full wp-image-5175\" alt=\"\" srcset=\"https:\/\/fundacioferrermusica.org\/wp-content\/uploads\/2022\/09\/primaria-musica-22.jpg 802w, https:\/\/fundacioferrermusica.org\/wp-content\/uploads\/2022\/09\/primaria-musica-22-300x196.jpg 300w, https:\/\/fundacioferrermusica.org\/wp-content\/uploads\/2022\/09\/primaria-musica-22-768x503.jpg 768w\" sizes=\"(max-width: 802px) 100vw, 802px\" \/>\t\t\t\t\t\t\t\t\t\t\t\t\t\t\t<\/div>\n\t\t\t\t<\/div>\n\t\t\t\t\t<\/div>\n\t\t<\/div>\n\t\t\t\t<div class=\"elementor-column elementor-col-50 elementor-top-column elementor-element elementor-element-a98c464\" data-id=\"a98c464\" data-element_type=\"column\" data-e-type=\"column\">\n\t\t\t<div class=\"elementor-widget-wrap elementor-element-populated\">\n\t\t\t\t\t\t<div class=\"elementor-element elementor-element-5abb12b elementor-widget elementor-widget-heading\" data-id=\"5abb12b\" data-element_type=\"widget\" data-e-type=\"widget\" data-widget_type=\"heading.default\">\n\t\t\t\t<div class=\"elementor-widget-container\">\n\t\t\t\t\t<h2 class=\"elementor-heading-title elementor-size-default\">Escola Pia Sant Antoni de Barcelona se incorpor\u00f3 el pasado curso al programa Primaria Musical, impulsado por la Fundaci\u00f3n en colaboraci\u00f3n con la Fundaci\u00f3n Conservatorio del Liceu y la Fundaci\u00f3n de Escuelas Parroquiales del Arzobispado de Barcelona, y dedicado a la integraci\u00f3n social de los entornos m\u00e1s desfavorecidos a trav\u00e9s de la m\u00fasica.<\/h2>\t\t\t\t<\/div>\n\t\t\t\t<\/div>\n\t\t\t\t<section class=\"elementor-section elementor-inner-section elementor-element elementor-element-5e915ea elementor-section-boxed elementor-section-height-default elementor-section-height-default\" data-id=\"5e915ea\" data-element_type=\"section\" data-e-type=\"section\">\n\t\t\t\t\t\t<div class=\"elementor-container elementor-column-gap-default\">\n\t\t\t\t\t<div class=\"elementor-column elementor-col-50 elementor-inner-column elementor-element elementor-element-75c53db\" data-id=\"75c53db\" data-element_type=\"column\" data-e-type=\"column\">\n\t\t\t<div class=\"elementor-widget-wrap elementor-element-populated\">\n\t\t\t\t\t\t<div class=\"elementor-element elementor-element-f129f27 elementor-widget elementor-widget-image\" data-id=\"f129f27\" data-element_type=\"widget\" data-e-type=\"widget\" data-widget_type=\"image.default\">\n\t\t\t\t<div class=\"elementor-widget-container\">\n\t\t\t\t\t\t\t\t\t\t\t\t\t\t\t<img decoding=\"async\" width=\"113\" height=\"176\" src=\"https:\/\/fundacioferrermusica.org\/wp-content\/uploads\/2022\/03\/Arrow-right.png\" class=\"attachment-full size-full wp-image-1461\" alt=\"\" \/>\t\t\t\t\t\t\t\t\t\t\t\t\t\t\t<\/div>\n\t\t\t\t<\/div>\n\t\t\t\t\t<\/div>\n\t\t<\/div>\n\t\t\t\t<div class=\"elementor-column elementor-col-50 elementor-inner-column elementor-element elementor-element-0770e0b\" data-id=\"0770e0b\" data-element_type=\"column\" data-e-type=\"column\">\n\t\t\t<div class=\"elementor-widget-wrap elementor-element-populated\">\n\t\t\t\t\t\t<div class=\"elementor-element elementor-element-f07ffa6 elementor-widget elementor-widget-text-editor\" data-id=\"f07ffa6\" data-element_type=\"widget\" data-e-type=\"widget\" data-widget_type=\"text-editor.default\">\n\t\t\t\t<div class=\"elementor-widget-container\">\n\t\t\t\t\t\t\t\t\t<div><div><p>Con este centro, y<strong>a son cuatro las escuelas de primaria<\/strong> situadas en barrios de Barcelona con alto riesgo de exclusi\u00f3n social las que se han sumado al proyecto desde su inicio en 2016-2017: <strong>Escola Bon Pastor<\/strong>, en el barrio de Bon Pastor; <strong>Col\u00b7legi Sant\u00edssima Trinitat<\/strong>, en el barrio de Trinitat Vella; <strong>Escola l&#8217;Esperan\u00e7a<\/strong>, en el barrio de Bar\u00f3 de Viver, y recientemente <strong>Escola Pia Sant Antoni<\/strong>, en el barrio de Sant Antoni.<\/p><p>Mediante este programa trabajamos para que los ni\u00f1os y ni\u00f1as de familias sin recursos no queden excluidos del aprendizaje musical, ya que es clave en su formaci\u00f3n y desarrollo cognitivo y socioafectivo, y adem\u00e1s contribuye a reducir el fracaso escolar.<\/p><p>El programa permite que los profesores del Conservatorio del Liceu impartan clases de m\u00fasica complementarias y proporciona un banco de instrumentos para motivar a los alumnos e incentivar a que participen activamente en las clases.<\/p><p>M\u00e1s adelante, al finalizar el ciclo de primaria en las escuelas y en funci\u00f3n de su desarrollo, los alumnos pueden continuar sus estudios de m\u00fasica fuera de la escuela gracias a la colaboraci\u00f3n entre la Fundaci\u00f3n y el Conservatorio del Liceu.<\/p><p><strong>Impacto positivo desde el inicio del proyecto<\/strong><\/p><p>Actualmente, tras haberse completado todo un ciclo de seis a\u00f1os de Primaria Musical, a los<strong> 539 alumnos de 1\u00ba a 6\u00ba de primaria<\/strong> de Col\u00b7legi Sant\u00edssima Trinitat, de Escola l\u2019Esperan\u00e7a y de Escola Bon Pastor que participaban en el programa, hay que sumar <strong>los 75 alumnos nuevos de primer a\u00f1o<\/strong> de Escola Pia Sant Antoni. Todos ellos, siguiendo la metodolog\u00eda del Conservatorio, exploran, desarrollan y refuerzan sus aptitudes art\u00edsticas.<\/p><p>Por otro lado, <strong>el banco de instrumentos cuenta con 211 piezas<\/strong>, entre instrumentos de viento, teclados, bater\u00edas y otros instrumentos de percusi\u00f3n.<\/p><p>Asimismo, cabe destacar que, una vez terminado el ciclo de primaria, los alumnos reciben el <strong>diploma de Nivel B\u00e1sico<\/strong> y, si lo desean, pueden realizar la prueba de acceso para continuar su <strong>formaci\u00f3n en el Centro Profesional de M\u00fasica del Liceu<\/strong> y acceder al 1er curso de Grado Profesional gracias a una beca de estudios de la Fundaci\u00f3n de M\u00fasica Ferrer-Salat.<\/p><\/div><\/div>\t\t\t\t\t\t\t\t<\/div>\n\t\t\t\t<\/div>\n\t\t\t\t\t<\/div>\n\t\t<\/div>\n\t\t\t\t\t<\/div>\n\t\t<\/section>\n\t\t\t\t\t<\/div>\n\t\t<\/div>\n\t\t\t\t\t<\/div>\n\t\t<\/section>\n\t\t\t\t<section class=\"elementor-section elementor-top-section elementor-element elementor-element-86a4ed8 elementor-section-full_width elementor-section-height-default elementor-section-height-default\" data-id=\"86a4ed8\" data-element_type=\"section\" data-e-type=\"section\">\n\t\t\t\t\t\t<div class=\"elementor-container elementor-column-gap-default\">\n\t\t\t\t\t<div class=\"elementor-column elementor-col-100 elementor-top-column elementor-element elementor-element-9981440\" data-id=\"9981440\" data-element_type=\"column\" data-e-type=\"column\">\n\t\t\t<div class=\"elementor-widget-wrap elementor-element-populated\">\n\t\t\t\t\t\t<div class=\"elementor-element elementor-element-0364fa3 elementor-widget elementor-widget-heading\" data-id=\"0364fa3\" data-element_type=\"widget\" data-e-type=\"widget\" data-widget_type=\"heading.default\">\n\t\t\t\t<div class=\"elementor-widget-container\">\n\t\t\t\t\t<h2 class=\"elementor-heading-title elementor-size-default\">ART\u00cdCULOS RELACIONADOS<\/h2>\t\t\t\t<\/div>\n\t\t\t\t<\/div>\n\t\t\t\t<div class=\"elementor-element elementor-element-0874f72 uael-equal__height-yes animated-slow random-color-trigger elementor-invisible elementor-widget elementor-widget-uael-posts\" data-id=\"0874f72\" data-element_type=\"widget\" data-e-type=\"widget\" data-settings=\"{&quot;_animation&quot;:&quot;fadeInUp&quot;,&quot;classic_slides_to_show&quot;:4,&quot;classic_slides_to_show_tablet&quot;:2,&quot;classic_slides_to_show_mobile&quot;:1}\" data-widget_type=\"uael-posts.classic\">\n\t\t\t\t<div class=\"elementor-widget-container\">\n\t\t\t\t\t\t\t<div class=\"uael-post__header\">\n\t\t\t\t\t<\/div>\n\t\t<div class=\"uael-post__body\">\n\t\t\t\n\t\t\n\t\t<div class=\"uael-blog-terms-position-above_content uael-post-image-top uael-post-grid uael-posts\" data-query-type=\"custom\" data-structure=\"normal\" data-layout=\"\" data-page=\"5192\" data-skin=\"classic\" data-filter-default=\"\" data-offset-top=\"30\" >\n\n\t\t\t\t\t\t\t<div class=\"uael-post-grid__inner uael-post__columns-4 uael-post__columns-tablet-2 uael-post__columns-mobile-1\">\n\t\t\t\n<div class=\"uael-post-wrapper   excelencia-musical noticias \">\n\t<div class=\"uael-post__bg-wrap uael-bg-wrap-disabled \">\n\n\t\t\t\t\n\t\t<div class=\"uael-post__inner-wrap uael-inner-wrap-disabled\">\n\n\t\t\t\t<div class=\"uael-post__thumbnail\">\n\t\t\t\n\t\t\t<a href=\"https:\/\/fundacioferrermusica.org\/es\/parlem-amb-un-dels-cinc-duos-guanyadors-de-lied-the-future-2026\/\" target=\"_self\" title=\"Hablamos con uno de los cinco d\u00faos ganadores de Lied the Future 2026\"><img decoding=\"async\" width=\"500\" height=\"526\" src=\"https:\/\/fundacioferrermusica.org\/wp-content\/uploads\/2026\/04\/Lied-the-Future-Bruno-Meichsner-i-George-Needham-portada.png\" class=\"attachment-full size-full wp-image-10635\" alt=\"\" srcset=\"https:\/\/fundacioferrermusica.org\/wp-content\/uploads\/2026\/04\/Lied-the-Future-Bruno-Meichsner-i-George-Needham-portada.png 500w, https:\/\/fundacioferrermusica.org\/wp-content\/uploads\/2026\/04\/Lied-the-Future-Bruno-Meichsner-i-George-Needham-portada-285x300.png 285w\" sizes=\"(max-width: 500px) 100vw, 500px\" \/><\/a>\n\t\t\t\t\t<\/div>\n\t\t\n\t\t\t\n\t\t\t<div class=\"uael-post__content-wrap uael-content-wrap-disabled\">\n\t\t\t\t\t\t\t<div class=\"uael-post__terms-wrap\"><span class=\"uael-post__terms\"><span class=\"uael-listing__terms-link\">Excelencia musical<\/span><\/span><\/div>\n\t\t\t\t\n\t\t<div class=\"uael-post__excerpt\">\n\t\t\tHablamos con uno de los cinco ...\t\t<\/div>\n\n\t\t\t\t\t<\/div>\n\t\t\t\n\t\t<\/div>\n\t\t\n\t<\/div>\n\n<\/div>\n\n<div class=\"uael-post-wrapper   excelencia-musical noticias \">\n\t<div class=\"uael-post__bg-wrap uael-bg-wrap-disabled \">\n\n\t\t\t\t\n\t\t<div class=\"uael-post__inner-wrap uael-inner-wrap-disabled\">\n\n\t\t\t\t<div class=\"uael-post__thumbnail\">\n\t\t\t\n\t\t\t<a href=\"https:\/\/fundacioferrermusica.org\/es\/el-alumnado-del-programa-de-primaria-y-secundaria-musical-participa-en-liceu-familiar\/\" target=\"_self\" title=\"El alumnado del programa de Primaria y Secundaria Musical participa en Liceu Familiar\"><img loading=\"lazy\" decoding=\"async\" width=\"500\" height=\"526\" src=\"https:\/\/fundacioferrermusica.org\/wp-content\/uploads\/2026\/03\/Liceu-Familiar-portada.png\" class=\"attachment-full size-full wp-image-10581\" alt=\"\" srcset=\"https:\/\/fundacioferrermusica.org\/wp-content\/uploads\/2026\/03\/Liceu-Familiar-portada.png 500w, https:\/\/fundacioferrermusica.org\/wp-content\/uploads\/2026\/03\/Liceu-Familiar-portada-285x300.png 285w\" sizes=\"(max-width: 500px) 100vw, 500px\" \/><\/a>\n\t\t\t\t\t<\/div>\n\t\t\n\t\t\t\n\t\t\t<div class=\"uael-post__content-wrap uael-content-wrap-disabled\">\n\t\t\t\t\t\t\t<div class=\"uael-post__terms-wrap\"><span class=\"uael-post__terms\"><span class=\"uael-listing__terms-link\">Excelencia musical<\/span><\/span><\/div>\n\t\t\t\t\n\t\t<div class=\"uael-post__excerpt\">\n\t\t\tEl alumnado del programa de Primaria ...\t\t<\/div>\n\n\t\t\t\t\t<\/div>\n\t\t\t\n\t\t<\/div>\n\t\t\n\t<\/div>\n\n<\/div>\n\n<div class=\"uael-post-wrapper   excelencia-musical noticias \">\n\t<div class=\"uael-post__bg-wrap uael-bg-wrap-disabled \">\n\n\t\t\t\t\n\t\t<div class=\"uael-post__inner-wrap uael-inner-wrap-disabled\">\n\n\t\t\t\t<div class=\"uael-post__thumbnail\">\n\t\t\t\n\t\t\t<a href=\"https:\/\/fundacioferrermusica.org\/es\/impulsem-el-talent-emergent-amb-el-premi-extraordinari-del-concurs-tenor-vinas-2026\/\" target=\"_self\" title=\"Impulsamos el talento emergente con el Premio Extraordinario del Concurso Tenor Vi\u00f1as 2026\"><img loading=\"lazy\" decoding=\"async\" width=\"500\" height=\"526\" src=\"https:\/\/fundacioferrermusica.org\/wp-content\/uploads\/2026\/03\/Portada-web-Tenor-Vinas.png\" class=\"attachment-full size-full wp-image-10521\" alt=\"\" srcset=\"https:\/\/fundacioferrermusica.org\/wp-content\/uploads\/2026\/03\/Portada-web-Tenor-Vinas.png 500w, https:\/\/fundacioferrermusica.org\/wp-content\/uploads\/2026\/03\/Portada-web-Tenor-Vinas-285x300.png 285w\" sizes=\"(max-width: 500px) 100vw, 500px\" \/><\/a>\n\t\t\t\t\t<\/div>\n\t\t\n\t\t\t\n\t\t\t<div class=\"uael-post__content-wrap uael-content-wrap-disabled\">\n\t\t\t\t\t\t\t<div class=\"uael-post__terms-wrap\"><span class=\"uael-post__terms\"><span class=\"uael-listing__terms-link\">Excelencia musical<\/span><\/span><\/div>\n\t\t\t\t\n\t\t<div class=\"uael-post__excerpt\">\n\t\t\tImpulsamos el talento emergente con el ...\t\t<\/div>\n\n\t\t\t\t\t<\/div>\n\t\t\t\n\t\t<\/div>\n\t\t\n\t<\/div>\n\n<\/div>\n\n<div class=\"uael-post-wrapper   excelencia-musical noticias \">\n\t<div class=\"uael-post__bg-wrap uael-bg-wrap-disabled \">\n\n\t\t\t\t\n\t\t<div class=\"uael-post__inner-wrap uael-inner-wrap-disabled\">\n\n\t\t\t\t<div class=\"uael-post__thumbnail\">\n\t\t\t\n\t\t\t<a href=\"https:\/\/fundacioferrermusica.org\/es\/lied-the-future-presenta-su-programacion-en-la-schubertiada\/\" target=\"_self\" title=\"Lied the Future presenta su programaci\u00f3n en la Schubert\u00edada\"><img loading=\"lazy\" decoding=\"async\" width=\"500\" height=\"526\" src=\"https:\/\/fundacioferrermusica.org\/wp-content\/uploads\/2026\/03\/Portada-web-Schubertiada.png\" class=\"attachment-full size-full wp-image-10548\" alt=\"\" srcset=\"https:\/\/fundacioferrermusica.org\/wp-content\/uploads\/2026\/03\/Portada-web-Schubertiada.png 500w, https:\/\/fundacioferrermusica.org\/wp-content\/uploads\/2026\/03\/Portada-web-Schubertiada-285x300.png 285w\" sizes=\"(max-width: 500px) 100vw, 500px\" \/><\/a>\n\t\t\t\t\t<\/div>\n\t\t\n\t\t\t\n\t\t\t<div class=\"uael-post__content-wrap uael-content-wrap-disabled\">\n\t\t\t\t\t\t\t<div class=\"uael-post__terms-wrap\"><span class=\"uael-post__terms\"><span class=\"uael-listing__terms-link\">Excelencia musical<\/span><\/span><\/div>\n\t\t\t\t\n\t\t<div class=\"uael-post__excerpt\">\n\t\t\tLied the Future presenta su programaci\u00f3n ...\t\t<\/div>\n\n\t\t\t\t\t<\/div>\n\t\t\t\n\t\t<\/div>\n\t\t\n\t<\/div>\n\n<\/div>\n\t\t\t\t<\/div>\n\t\t\t\t\t\t\n\t\t<\/div>\n\n\t\t\t\t\t\t<\/div>\n\t\t<div class=\"uael-post__footer\">\n\t\t\t\t\t<\/div>\n\t\t\t\t\t\t<\/div>\n\t\t\t\t<\/div>\n\t\t\t\t\t<\/div>\n\t\t<\/div>\n\t\t\t\t\t<\/div>\n\t\t<\/section>\n\t\t\t\t<\/div>\n\t\t","protected":false},"excerpt":{"rendered":"<p>Una nueva escuela dentro del programa social Primaria Musical Escola Pia Sant Antoni de Barcelona se incorpor\u00f3 el pasado curso al programa Primaria Musical, impulsado por la Fundaci\u00f3n en colaboraci\u00f3n con la Fundaci\u00f3n Conservatorio del Liceu y la Fundaci\u00f3n de Escuelas Parroquiales del Arzobispado de Barcelona, y dedicado a la integraci\u00f3n social de los entornos [&hellip;]<\/p>\n","protected":false},"author":2,"featured_media":5181,"comment_status":"closed","ping_status":"closed","sticky":false,"template":"","format":"standard","meta":{"site-sidebar-layout":"default","site-content-layout":"","ast-site-content-layout":"default","site-content-style":"default","site-sidebar-style":"default","ast-global-header-display":"","ast-banner-title-visibility":"","ast-main-header-display":"","ast-hfb-above-header-display":"","ast-hfb-below-header-display":"","ast-hfb-mobile-header-display":"","site-post-title":"","ast-breadcrumbs-content":"","ast-featured-img":"","footer-sml-layout":"","ast-disable-related-posts":"","theme-transparent-header-meta":"","adv-header-id-meta":"","stick-header-meta":"","header-above-stick-meta":"","header-main-stick-meta":"","header-below-stick-meta":"","astra-migrate-meta-layouts":"default","ast-page-background-enabled":"default","ast-page-background-meta":{"desktop":{"background-color":"var(--ast-global-color-4)","background-image":"","background-repeat":"repeat","background-position":"center center","background-size":"auto","background-attachment":"scroll","background-type":"","background-media":"","overlay-type":"","overlay-color":"","overlay-opacity":"","overlay-gradient":""},"tablet":{"background-color":"","background-image":"","background-repeat":"repeat","background-position":"center center","background-size":"auto","background-attachment":"scroll","background-type":"","background-media":"","overlay-type":"","overlay-color":"","overlay-opacity":"","overlay-gradient":""},"mobile":{"background-color":"","background-image":"","background-repeat":"repeat","background-position":"center center","background-size":"auto","background-attachment":"scroll","background-type":"","background-media":"","overlay-type":"","overlay-color":"","overlay-opacity":"","overlay-gradient":""}},"ast-content-background-meta":{"desktop":{"background-color":"var(--ast-global-color-5)","background-image":"","background-repeat":"repeat","background-position":"center center","background-size":"auto","background-attachment":"scroll","background-type":"","background-media":"","overlay-type":"","overlay-color":"","overlay-opacity":"","overlay-gradient":""},"tablet":{"background-color":"var(--ast-global-color-5)","background-image":"","background-repeat":"repeat","background-position":"center center","background-size":"auto","background-attachment":"scroll","background-type":"","background-media":"","overlay-type":"","overlay-color":"","overlay-opacity":"","overlay-gradient":""},"mobile":{"background-color":"var(--ast-global-color-5)","background-image":"","background-repeat":"repeat","background-position":"center center","background-size":"auto","background-attachment":"scroll","background-type":"","background-media":"","overlay-type":"","overlay-color":"","overlay-opacity":"","overlay-gradient":""}},"footnotes":""},"categories":[34],"tags":[],"class_list":["post-5192","post","type-post","status-publish","format-standard","has-post-thumbnail","hentry","category-integracion-social"],"yoast_head":"<!-- This site is optimized with the Yoast SEO plugin v27.2 - https:\/\/yoast.com\/product\/yoast-seo-wordpress\/ -->\n<title>Una nueva escuela dentro del programa social Primaria Musical - Fundaci\u00f3 de M\u00fasica Ferrer-Salat<\/title>\n<meta name=\"robots\" content=\"index, follow, max-snippet:-1, max-image-preview:large, max-video-preview:-1\" \/>\n<link rel=\"canonical\" href=\"https:\/\/fundacioferrermusica.org\/es\/nueva-escuela-dentro-programa-social-primaria-musical\/\" \/>\n<meta property=\"og:locale\" content=\"es_ES\" \/>\n<meta property=\"og:type\" content=\"article\" \/>\n<meta property=\"og:title\" content=\"Una nueva escuela dentro del programa social Primaria Musical - Fundaci\u00f3 de M\u00fasica Ferrer-Salat\" \/>\n<meta property=\"og:description\" content=\"Una nueva escuela dentro del programa social Primaria Musical Escola Pia Sant Antoni de Barcelona se incorpor\u00f3 el pasado curso al programa Primaria Musical, impulsado por la Fundaci\u00f3n en colaboraci\u00f3n con la Fundaci\u00f3n Conservatorio del Liceu y la Fundaci\u00f3n de Escuelas Parroquiales del Arzobispado de Barcelona, y dedicado a la integraci\u00f3n social de los entornos [&hellip;]\" \/>\n<meta property=\"og:url\" content=\"https:\/\/fundacioferrermusica.org\/es\/nueva-escuela-dentro-programa-social-primaria-musical\/\" \/>\n<meta property=\"og:site_name\" content=\"Fundaci\u00f3 de M\u00fasica Ferrer-Salat\" \/>\n<meta property=\"article:published_time\" content=\"2022-09-09T10:22:00+00:00\" \/>\n<meta property=\"article:modified_time\" content=\"2022-11-10T12:36:09+00:00\" \/>\n<meta property=\"og:image\" content=\"https:\/\/fundacioferrermusica.org\/wp-content\/uploads\/2022\/09\/primaria-musica-22p.jpg\" \/>\n\t<meta property=\"og:image:width\" content=\"500\" \/>\n\t<meta property=\"og:image:height\" content=\"525\" \/>\n\t<meta property=\"og:image:type\" content=\"image\/jpeg\" \/>\n<meta name=\"author\" content=\"Silvia\" \/>\n<meta name=\"twitter:card\" content=\"summary_large_image\" \/>\n<meta name=\"twitter:label1\" content=\"Escrito por\" \/>\n\t<meta name=\"twitter:data1\" content=\"Silvia\" \/>\n\t<meta name=\"twitter:label2\" content=\"Tiempo de lectura\" \/>\n\t<meta name=\"twitter:data2\" content=\"2 minutos\" \/>\n<script type=\"application\/ld+json\" class=\"yoast-schema-graph\">{\"@context\":\"https:\/\/schema.org\",\"@graph\":[{\"@type\":\"Article\",\"@id\":\"https:\/\/fundacioferrermusica.org\/es\/nueva-escuela-dentro-programa-social-primaria-musical\/#article\",\"isPartOf\":{\"@id\":\"https:\/\/fundacioferrermusica.org\/es\/nueva-escuela-dentro-programa-social-primaria-musical\/\"},\"author\":{\"name\":\"Silvia\",\"@id\":\"https:\/\/fundacioferrermusica.org\/#\/schema\/person\/1a15ceaaee27c5702264554ef1586fc5\"},\"headline\":\"Una nueva escuela dentro del programa social Primaria Musical\",\"datePublished\":\"2022-09-09T10:22:00+00:00\",\"dateModified\":\"2022-11-10T12:36:09+00:00\",\"mainEntityOfPage\":{\"@id\":\"https:\/\/fundacioferrermusica.org\/es\/nueva-escuela-dentro-programa-social-primaria-musical\/\"},\"wordCount\":493,\"publisher\":{\"@id\":\"https:\/\/fundacioferrermusica.org\/#organization\"},\"image\":{\"@id\":\"https:\/\/fundacioferrermusica.org\/es\/nueva-escuela-dentro-programa-social-primaria-musical\/#primaryimage\"},\"thumbnailUrl\":\"https:\/\/fundacioferrermusica.org\/wp-content\/uploads\/2022\/09\/primaria-musica-22p.jpg\",\"articleSection\":[\"Integraci\u00f3n social\"],\"inLanguage\":\"es\"},{\"@type\":\"WebPage\",\"@id\":\"https:\/\/fundacioferrermusica.org\/es\/nueva-escuela-dentro-programa-social-primaria-musical\/\",\"url\":\"https:\/\/fundacioferrermusica.org\/es\/nueva-escuela-dentro-programa-social-primaria-musical\/\",\"name\":\"Una nueva escuela dentro del programa social Primaria Musical - Fundaci\u00f3 de M\u00fasica Ferrer-Salat\",\"isPartOf\":{\"@id\":\"https:\/\/fundacioferrermusica.org\/#website\"},\"primaryImageOfPage\":{\"@id\":\"https:\/\/fundacioferrermusica.org\/es\/nueva-escuela-dentro-programa-social-primaria-musical\/#primaryimage\"},\"image\":{\"@id\":\"https:\/\/fundacioferrermusica.org\/es\/nueva-escuela-dentro-programa-social-primaria-musical\/#primaryimage\"},\"thumbnailUrl\":\"https:\/\/fundacioferrermusica.org\/wp-content\/uploads\/2022\/09\/primaria-musica-22p.jpg\",\"datePublished\":\"2022-09-09T10:22:00+00:00\",\"dateModified\":\"2022-11-10T12:36:09+00:00\",\"breadcrumb\":{\"@id\":\"https:\/\/fundacioferrermusica.org\/es\/nueva-escuela-dentro-programa-social-primaria-musical\/#breadcrumb\"},\"inLanguage\":\"es\",\"potentialAction\":[{\"@type\":\"ReadAction\",\"target\":[\"https:\/\/fundacioferrermusica.org\/es\/nueva-escuela-dentro-programa-social-primaria-musical\/\"]}]},{\"@type\":\"ImageObject\",\"inLanguage\":\"es\",\"@id\":\"https:\/\/fundacioferrermusica.org\/es\/nueva-escuela-dentro-programa-social-primaria-musical\/#primaryimage\",\"url\":\"https:\/\/fundacioferrermusica.org\/wp-content\/uploads\/2022\/09\/primaria-musica-22p.jpg\",\"contentUrl\":\"https:\/\/fundacioferrermusica.org\/wp-content\/uploads\/2022\/09\/primaria-musica-22p.jpg\",\"width\":500,\"height\":525},{\"@type\":\"BreadcrumbList\",\"@id\":\"https:\/\/fundacioferrermusica.org\/es\/nueva-escuela-dentro-programa-social-primaria-musical\/#breadcrumb\",\"itemListElement\":[{\"@type\":\"ListItem\",\"position\":1,\"name\":\"Inici\",\"item\":\"https:\/\/fundacioferrermusica.org\/\"},{\"@type\":\"ListItem\",\"position\":2,\"name\":\"Una nueva escuela dentro del programa social Primaria Musical\"}]},{\"@type\":\"WebSite\",\"@id\":\"https:\/\/fundacioferrermusica.org\/#website\",\"url\":\"https:\/\/fundacioferrermusica.org\/\",\"name\":\"Fundaci\u00f3 de M\u00fasica Ferrer-Salat\",\"description\":\"40 anys generant oportunitats a trav\u00e9s de la m\u00fasica\",\"publisher\":{\"@id\":\"https:\/\/fundacioferrermusica.org\/#organization\"},\"potentialAction\":[{\"@type\":\"SearchAction\",\"target\":{\"@type\":\"EntryPoint\",\"urlTemplate\":\"https:\/\/fundacioferrermusica.org\/?s={search_term_string}\"},\"query-input\":{\"@type\":\"PropertyValueSpecification\",\"valueRequired\":true,\"valueName\":\"search_term_string\"}}],\"inLanguage\":\"es\"},{\"@type\":\"Organization\",\"@id\":\"https:\/\/fundacioferrermusica.org\/#organization\",\"name\":\"Fundaci\u00f3 de M\u00fasica Ferrer-Salat\",\"url\":\"https:\/\/fundacioferrermusica.org\/\",\"logo\":{\"@type\":\"ImageObject\",\"inLanguage\":\"es\",\"@id\":\"https:\/\/fundacioferrermusica.org\/#\/schema\/logo\/image\/\",\"url\":\"https:\/\/fundacioferrermusica.org\/wp-content\/uploads\/2022\/06\/cropped-FundacioMusicaFerrerSalat.png\",\"contentUrl\":\"https:\/\/fundacioferrermusica.org\/wp-content\/uploads\/2022\/06\/cropped-FundacioMusicaFerrerSalat.png\",\"width\":160,\"height\":53,\"caption\":\"Fundaci\u00f3 de M\u00fasica Ferrer-Salat\"},\"image\":{\"@id\":\"https:\/\/fundacioferrermusica.org\/#\/schema\/logo\/image\/\"}},{\"@type\":\"Person\",\"@id\":\"https:\/\/fundacioferrermusica.org\/#\/schema\/person\/1a15ceaaee27c5702264554ef1586fc5\",\"name\":\"Silvia\",\"image\":{\"@type\":\"ImageObject\",\"inLanguage\":\"es\",\"@id\":\"https:\/\/secure.gravatar.com\/avatar\/c983b2b5cf3438b42ddec5b84c6fd1dc52a731c5c7aea49cbb82713e6be27ffb?s=96&d=mm&r=g\",\"url\":\"https:\/\/secure.gravatar.com\/avatar\/c983b2b5cf3438b42ddec5b84c6fd1dc52a731c5c7aea49cbb82713e6be27ffb?s=96&d=mm&r=g\",\"contentUrl\":\"https:\/\/secure.gravatar.com\/avatar\/c983b2b5cf3438b42ddec5b84c6fd1dc52a731c5c7aea49cbb82713e6be27ffb?s=96&d=mm&r=g\",\"caption\":\"Silvia\"},\"url\":\"https:\/\/fundacioferrermusica.org\/es\/author\/silvia\/\"}]}<\/script>\n<!-- \/ Yoast SEO plugin. -->","yoast_head_json":{"title":"Una nueva escuela dentro del programa social Primaria Musical - Fundaci\u00f3 de M\u00fasica Ferrer-Salat","robots":{"index":"index","follow":"follow","max-snippet":"max-snippet:-1","max-image-preview":"max-image-preview:large","max-video-preview":"max-video-preview:-1"},"canonical":"https:\/\/fundacioferrermusica.org\/es\/nueva-escuela-dentro-programa-social-primaria-musical\/","og_locale":"es_ES","og_type":"article","og_title":"Una nueva escuela dentro del programa social Primaria Musical - Fundaci\u00f3 de M\u00fasica Ferrer-Salat","og_description":"Una nueva escuela dentro del programa social Primaria Musical Escola Pia Sant Antoni de Barcelona se incorpor\u00f3 el pasado curso al programa Primaria Musical, impulsado por la Fundaci\u00f3n en colaboraci\u00f3n con la Fundaci\u00f3n Conservatorio del Liceu y la Fundaci\u00f3n de Escuelas Parroquiales del Arzobispado de Barcelona, y dedicado a la integraci\u00f3n social de los entornos [&hellip;]","og_url":"https:\/\/fundacioferrermusica.org\/es\/nueva-escuela-dentro-programa-social-primaria-musical\/","og_site_name":"Fundaci\u00f3 de M\u00fasica Ferrer-Salat","article_published_time":"2022-09-09T10:22:00+00:00","article_modified_time":"2022-11-10T12:36:09+00:00","og_image":[{"width":500,"height":525,"url":"https:\/\/fundacioferrermusica.org\/wp-content\/uploads\/2022\/09\/primaria-musica-22p.jpg","type":"image\/jpeg"}],"author":"Silvia","twitter_card":"summary_large_image","twitter_misc":{"Escrito por":"Silvia","Tiempo de lectura":"2 minutos"},"schema":{"@context":"https:\/\/schema.org","@graph":[{"@type":"Article","@id":"https:\/\/fundacioferrermusica.org\/es\/nueva-escuela-dentro-programa-social-primaria-musical\/#article","isPartOf":{"@id":"https:\/\/fundacioferrermusica.org\/es\/nueva-escuela-dentro-programa-social-primaria-musical\/"},"author":{"name":"Silvia","@id":"https:\/\/fundacioferrermusica.org\/#\/schema\/person\/1a15ceaaee27c5702264554ef1586fc5"},"headline":"Una nueva escuela dentro del programa social Primaria Musical","datePublished":"2022-09-09T10:22:00+00:00","dateModified":"2022-11-10T12:36:09+00:00","mainEntityOfPage":{"@id":"https:\/\/fundacioferrermusica.org\/es\/nueva-escuela-dentro-programa-social-primaria-musical\/"},"wordCount":493,"publisher":{"@id":"https:\/\/fundacioferrermusica.org\/#organization"},"image":{"@id":"https:\/\/fundacioferrermusica.org\/es\/nueva-escuela-dentro-programa-social-primaria-musical\/#primaryimage"},"thumbnailUrl":"https:\/\/fundacioferrermusica.org\/wp-content\/uploads\/2022\/09\/primaria-musica-22p.jpg","articleSection":["Integraci\u00f3n social"],"inLanguage":"es"},{"@type":"WebPage","@id":"https:\/\/fundacioferrermusica.org\/es\/nueva-escuela-dentro-programa-social-primaria-musical\/","url":"https:\/\/fundacioferrermusica.org\/es\/nueva-escuela-dentro-programa-social-primaria-musical\/","name":"Una nueva escuela dentro del programa social Primaria Musical - Fundaci\u00f3 de M\u00fasica Ferrer-Salat","isPartOf":{"@id":"https:\/\/fundacioferrermusica.org\/#website"},"primaryImageOfPage":{"@id":"https:\/\/fundacioferrermusica.org\/es\/nueva-escuela-dentro-programa-social-primaria-musical\/#primaryimage"},"image":{"@id":"https:\/\/fundacioferrermusica.org\/es\/nueva-escuela-dentro-programa-social-primaria-musical\/#primaryimage"},"thumbnailUrl":"https:\/\/fundacioferrermusica.org\/wp-content\/uploads\/2022\/09\/primaria-musica-22p.jpg","datePublished":"2022-09-09T10:22:00+00:00","dateModified":"2022-11-10T12:36:09+00:00","breadcrumb":{"@id":"https:\/\/fundacioferrermusica.org\/es\/nueva-escuela-dentro-programa-social-primaria-musical\/#breadcrumb"},"inLanguage":"es","potentialAction":[{"@type":"ReadAction","target":["https:\/\/fundacioferrermusica.org\/es\/nueva-escuela-dentro-programa-social-primaria-musical\/"]}]},{"@type":"ImageObject","inLanguage":"es","@id":"https:\/\/fundacioferrermusica.org\/es\/nueva-escuela-dentro-programa-social-primaria-musical\/#primaryimage","url":"https:\/\/fundacioferrermusica.org\/wp-content\/uploads\/2022\/09\/primaria-musica-22p.jpg","contentUrl":"https:\/\/fundacioferrermusica.org\/wp-content\/uploads\/2022\/09\/primaria-musica-22p.jpg","width":500,"height":525},{"@type":"BreadcrumbList","@id":"https:\/\/fundacioferrermusica.org\/es\/nueva-escuela-dentro-programa-social-primaria-musical\/#breadcrumb","itemListElement":[{"@type":"ListItem","position":1,"name":"Inici","item":"https:\/\/fundacioferrermusica.org\/"},{"@type":"ListItem","position":2,"name":"Una nueva escuela dentro del programa social Primaria Musical"}]},{"@type":"WebSite","@id":"https:\/\/fundacioferrermusica.org\/#website","url":"https:\/\/fundacioferrermusica.org\/","name":"Fundaci\u00f3 de M\u00fasica Ferrer-Salat","description":"40 anys generant oportunitats a trav\u00e9s de la m\u00fasica","publisher":{"@id":"https:\/\/fundacioferrermusica.org\/#organization"},"potentialAction":[{"@type":"SearchAction","target":{"@type":"EntryPoint","urlTemplate":"https:\/\/fundacioferrermusica.org\/?s={search_term_string}"},"query-input":{"@type":"PropertyValueSpecification","valueRequired":true,"valueName":"search_term_string"}}],"inLanguage":"es"},{"@type":"Organization","@id":"https:\/\/fundacioferrermusica.org\/#organization","name":"Fundaci\u00f3 de M\u00fasica Ferrer-Salat","url":"https:\/\/fundacioferrermusica.org\/","logo":{"@type":"ImageObject","inLanguage":"es","@id":"https:\/\/fundacioferrermusica.org\/#\/schema\/logo\/image\/","url":"https:\/\/fundacioferrermusica.org\/wp-content\/uploads\/2022\/06\/cropped-FundacioMusicaFerrerSalat.png","contentUrl":"https:\/\/fundacioferrermusica.org\/wp-content\/uploads\/2022\/06\/cropped-FundacioMusicaFerrerSalat.png","width":160,"height":53,"caption":"Fundaci\u00f3 de M\u00fasica Ferrer-Salat"},"image":{"@id":"https:\/\/fundacioferrermusica.org\/#\/schema\/logo\/image\/"}},{"@type":"Person","@id":"https:\/\/fundacioferrermusica.org\/#\/schema\/person\/1a15ceaaee27c5702264554ef1586fc5","name":"Silvia","image":{"@type":"ImageObject","inLanguage":"es","@id":"https:\/\/secure.gravatar.com\/avatar\/c983b2b5cf3438b42ddec5b84c6fd1dc52a731c5c7aea49cbb82713e6be27ffb?s=96&d=mm&r=g","url":"https:\/\/secure.gravatar.com\/avatar\/c983b2b5cf3438b42ddec5b84c6fd1dc52a731c5c7aea49cbb82713e6be27ffb?s=96&d=mm&r=g","contentUrl":"https:\/\/secure.gravatar.com\/avatar\/c983b2b5cf3438b42ddec5b84c6fd1dc52a731c5c7aea49cbb82713e6be27ffb?s=96&d=mm&r=g","caption":"Silvia"},"url":"https:\/\/fundacioferrermusica.org\/es\/author\/silvia\/"}]}},"_links":{"self":[{"href":"https:\/\/fundacioferrermusica.org\/es\/wp-json\/wp\/v2\/posts\/5192","targetHints":{"allow":["GET"]}}],"collection":[{"href":"https:\/\/fundacioferrermusica.org\/es\/wp-json\/wp\/v2\/posts"}],"about":[{"href":"https:\/\/fundacioferrermusica.org\/es\/wp-json\/wp\/v2\/types\/post"}],"author":[{"embeddable":true,"href":"https:\/\/fundacioferrermusica.org\/es\/wp-json\/wp\/v2\/users\/2"}],"replies":[{"embeddable":true,"href":"https:\/\/fundacioferrermusica.org\/es\/wp-json\/wp\/v2\/comments?post=5192"}],"version-history":[{"count":12,"href":"https:\/\/fundacioferrermusica.org\/es\/wp-json\/wp\/v2\/posts\/5192\/revisions"}],"predecessor-version":[{"id":5904,"href":"https:\/\/fundacioferrermusica.org\/es\/wp-json\/wp\/v2\/posts\/5192\/revisions\/5904"}],"wp:featuredmedia":[{"embeddable":true,"href":"https:\/\/fundacioferrermusica.org\/es\/wp-json\/wp\/v2\/media\/5181"}],"wp:attachment":[{"href":"https:\/\/fundacioferrermusica.org\/es\/wp-json\/wp\/v2\/media?parent=5192"}],"wp:term":[{"taxonomy":"category","embeddable":true,"href":"https:\/\/fundacioferrermusica.org\/es\/wp-json\/wp\/v2\/categories?post=5192"},{"taxonomy":"post_tag","embeddable":true,"href":"https:\/\/fundacioferrermusica.org\/es\/wp-json\/wp\/v2\/tags?post=5192"}],"curies":[{"name":"wp","href":"https:\/\/api.w.org\/{rel}","templated":true}]}}