{"id":10314,"date":"2026-02-28T17:05:49","date_gmt":"2026-02-28T17:05:49","guid":{"rendered":"https:\/\/fundacioferrermusica.org\/?p=10314"},"modified":"2026-02-28T17:07:05","modified_gmt":"2026-02-28T17:07:05","slug":"luis-tabuenca-fernandez","status":"publish","type":"post","link":"https:\/\/fundacioferrermusica.org\/es\/luis-tabuenca-fernandez\/","title":{"rendered":"Luis Tabuenca Fern\u00e1ndez gana el XLIII Premio Reina Sof\u00eda de Composici\u00f3n Musical"},"content":{"rendered":"\t\t<div data-elementor-type=\"wp-post\" data-elementor-id=\"10314\" class=\"elementor elementor-10314 elementor-10301\" data-elementor-post-type=\"post\">\n\t\t\t\t\t\t<section class=\"elementor-section elementor-top-section elementor-element elementor-element-6999563 elementor-section-full_width top-title elementor-section-height-default elementor-section-height-default\" data-id=\"6999563\" data-element_type=\"section\" data-e-type=\"section\">\n\t\t\t\t\t\t<div class=\"elementor-container elementor-column-gap-default\">\n\t\t\t\t\t<div class=\"elementor-column elementor-col-100 elementor-top-column elementor-element elementor-element-b778990\" data-id=\"b778990\" data-element_type=\"column\" data-e-type=\"column\">\n\t\t\t<div class=\"elementor-widget-wrap elementor-element-populated\">\n\t\t\t\t\t\t<div class=\"elementor-element elementor-element-5f43cab elementor-widget elementor-widget-heading\" data-id=\"5f43cab\" data-element_type=\"widget\" data-e-type=\"widget\" data-widget_type=\"heading.default\">\n\t\t\t\t<div class=\"elementor-widget-container\">\n\t\t\t\t\t<h1 class=\"elementor-heading-title elementor-size-default\">Luis Tabuenca Fern\u00e1ndez gana el XLIII Premio Reina Sof\u00eda de Composici\u00f3n Musical<\/h1>\t\t\t\t<\/div>\n\t\t\t\t<\/div>\n\t\t\t\t\t<\/div>\n\t\t<\/div>\n\t\t\t\t\t<\/div>\n\t\t<\/section>\n\t\t\t\t<section class=\"elementor-section elementor-top-section elementor-element elementor-element-53bf974 elementor-section-full_width elementor-section-height-default elementor-section-height-default\" data-id=\"53bf974\" data-element_type=\"section\" data-e-type=\"section\">\n\t\t\t\t\t\t<div class=\"elementor-container elementor-column-gap-default\">\n\t\t\t\t\t<div class=\"elementor-column elementor-col-50 elementor-top-column elementor-element elementor-element-d2d2b77\" data-id=\"d2d2b77\" data-element_type=\"column\" data-e-type=\"column\">\n\t\t\t<div class=\"elementor-widget-wrap elementor-element-populated\">\n\t\t\t\t\t\t<div class=\"elementor-element elementor-element-f67ee30 elementor-widget elementor-widget-image\" data-id=\"f67ee30\" data-element_type=\"widget\" data-e-type=\"widget\" data-widget_type=\"image.default\">\n\t\t\t\t<div class=\"elementor-widget-container\">\n\t\t\t\t\t\t\t\t\t\t\t\t<figure class=\"wp-caption\">\n\t\t\t\t\t\t\t\t\t\t<img fetchpriority=\"high\" decoding=\"async\" width=\"803\" height=\"526\" src=\"https:\/\/fundacioferrermusica.org\/wp-content\/uploads\/2026\/02\/Foto-noticia-web.png\" class=\"attachment-large size-large wp-image-10308\" alt=\"\" srcset=\"https:\/\/fundacioferrermusica.org\/wp-content\/uploads\/2026\/02\/Foto-noticia-web.png 803w, https:\/\/fundacioferrermusica.org\/wp-content\/uploads\/2026\/02\/Foto-noticia-web-300x197.png 300w, https:\/\/fundacioferrermusica.org\/wp-content\/uploads\/2026\/02\/Foto-noticia-web-768x503.png 768w\" sizes=\"(max-width: 803px) 100vw, 803px\" \/>\t\t\t\t\t\t\t\t\t\t\t<figcaption class=\"widget-image-caption wp-caption-text\"><\/figcaption>\n\t\t\t\t\t\t\t\t\t\t<\/figure>\n\t\t\t\t\t\t\t\t\t<\/div>\n\t\t\t\t<\/div>\n\t\t\t\t\t<\/div>\n\t\t<\/div>\n\t\t\t\t<div class=\"elementor-column elementor-col-50 elementor-top-column elementor-element elementor-element-a98c464\" data-id=\"a98c464\" data-element_type=\"column\" data-e-type=\"column\">\n\t\t\t<div class=\"elementor-widget-wrap elementor-element-populated\">\n\t\t\t\t\t\t<div class=\"elementor-element elementor-element-5abb12b elementor-widget elementor-widget-heading\" data-id=\"5abb12b\" data-element_type=\"widget\" data-e-type=\"widget\" data-widget_type=\"heading.default\">\n\t\t\t\t<div class=\"elementor-widget-container\">\n\t\t\t\t\t<h2 class=\"elementor-heading-title elementor-size-default\">El jurado, integrado por la nueva directora art\u00edstica de la Fundaci\u00f3 Ferrer de M\u00fasica, Raquel Garc\u00eda Tom\u00e1s; el ganador de la edici\u00f3n anterior, Josep Planells Schiaffino; y los tambi\u00e9n compositores Jos\u00e9 R\u00edo-Pareja, Outi Tarkiainen y Vasco Mendon\u00e7a como presidente, ha decidido distinguir la obra R\u00e9manence, de Luis Tabuenca Fern\u00e1ndez, con el XLIII Premio Reina Sof\u00eda de Composici\u00f3n Musical.<\/h2>\t\t\t\t<\/div>\n\t\t\t\t<\/div>\n\t\t\t\t<div class=\"elementor-element elementor-element-f5a53bc elementor-widget elementor-widget-text-editor\" data-id=\"f5a53bc\" data-element_type=\"widget\" data-e-type=\"widget\" data-widget_type=\"text-editor.default\">\n\t\t\t\t<div class=\"elementor-widget-container\">\n\t\t\t\t\t\t\t\t\t<p>El veredicto se ha acordado tras dos intensas jornadas de deliberaci\u00f3n en las que se han examinado las <strong>78 partituras presentadas a la convocatoria.<\/strong> En palabras del jurado, la obra <em>R\u00e9manence<\/em> ha sido escogida por la claridad de su discurso, la riqueza gestual y el eficaz uso de las fuerzas orquestales.<\/p><p><strong>El estreno absoluto de <em>R\u00e9manence<\/em> est\u00e1 previsto para el 16 de octubre de 2026 en el Teatro Monumental de Madrid,<\/strong> interpretado en primicia por la Orquesta Sinf\u00f3nica de Radiotelevisi\u00f3n Espa\u00f1ola y donde se espera la presencia de Su Majestad la Reina Sof\u00eda.<\/p><p>Instituido en 1982, el Premio Reina Sof\u00eda de Composici\u00f3n Musical tiene como finalidad estimular la creaci\u00f3n sinf\u00f3nica contempor\u00e1nea y favorecer la proyecci\u00f3n profesional de los compositores, facilitando la interpretaci\u00f3n y difusi\u00f3n de sus obras. <strong>Con 100.000 \u20ac, es el galard\u00f3n mejor dotado de Europa<\/strong> y goza de un gran prestigio internacional.<\/p><p>Como parte del reconocimiento, <strong>la composici\u00f3n ganadora se incorporar\u00e1 al repertorio de la Joven Orquesta Nacional de Espa\u00f1a (JONDE)<\/strong>, que la programar\u00e1 durante su gira 2026-2027.\u00a0<\/p><p><strong>Sobre Luis Tabuenca Fern\u00e1ndez<\/strong><\/p><p class=\"mcePastedContent\" data-pm-slice=\"1 1 []\">Luis Tabuenca (Zaragoza, 1979) <strong>es compositor y percusionista cuyo trabajo explora la intersecci\u00f3n entre la m\u00fasica contempor\u00e1nea, el arte sonoro y la performance interdisciplinar. <\/strong>Doctor en Bellas Artes por la Universidad de Barcelona (Arte Sonoro) y becario Fulbright en la Universidad de California San Diego, desarrolla una trayectoria internacional entre la creaci\u00f3n musical y los proyectos esc\u00e9nicos y multimedia. Su m\u00fasica abarca obras a solo, m\u00fasica de c\u00e1mara, creaci\u00f3n esc\u00e9nica e instalaciones sonoras, y ha sido presentada en festivales de Europa y Estados Unidos.<\/p><p class=\"mcePastedContent\">Como artista en residencia <strong>ha desarrollado proyectos en instituciones como Fabra i Coats (Barcelona), Fundaci\u00f3n Phonos, New York University y University of Canterbury. <\/strong>Su m\u00fasica ha sido publicada por los sellos Kairos, Mode Records, Aural Terrains, Verso, Sinkro y Acheulian Handaxe Records, y ha colaborado con ensembles como Les Percussions de Strasbourg. Es fundador y director art\u00edstico del Ensemble Volav\u00e9runt y fue fundador y director del Festival Internacional de M\u00fasica Experimental y Arte Sonoro (FAT) entre 2011 y 2017. Ha impartido clases magistrales y talleres en instituciones como la Hochschule der K\u00fcnste Bern, ESMUC, el Real Conservatorio Superior de M\u00fasica de Madrid y la Universidad Nacional de Colombia.<\/p>\t\t\t\t\t\t\t\t<\/div>\n\t\t\t\t<\/div>\n\t\t\t\t<div class=\"elementor-element elementor-element-a9154b7 elementor-widget elementor-widget-spacer\" data-id=\"a9154b7\" data-element_type=\"widget\" data-e-type=\"widget\" data-widget_type=\"spacer.default\">\n\t\t\t\t<div class=\"elementor-widget-container\">\n\t\t\t\t\t\t\t<div class=\"elementor-spacer\">\n\t\t\t<div class=\"elementor-spacer-inner\"><\/div>\n\t\t<\/div>\n\t\t\t\t\t\t<\/div>\n\t\t\t\t<\/div>\n\t\t\t\t\t<\/div>\n\t\t<\/div>\n\t\t\t\t\t<\/div>\n\t\t<\/section>\n\t\t\t\t<section class=\"elementor-section elementor-top-section elementor-element elementor-element-86a4ed8 elementor-section-full_width elementor-section-height-default elementor-section-height-default\" data-id=\"86a4ed8\" data-element_type=\"section\" data-e-type=\"section\">\n\t\t\t\t\t\t<div class=\"elementor-container elementor-column-gap-default\">\n\t\t\t\t\t<div class=\"elementor-column elementor-col-100 elementor-top-column elementor-element elementor-element-9981440\" data-id=\"9981440\" data-element_type=\"column\" data-e-type=\"column\">\n\t\t\t<div class=\"elementor-widget-wrap elementor-element-populated\">\n\t\t\t\t\t\t<div class=\"elementor-element elementor-element-0364fa3 elementor-widget elementor-widget-heading\" data-id=\"0364fa3\" data-element_type=\"widget\" data-e-type=\"widget\" data-widget_type=\"heading.default\">\n\t\t\t\t<div class=\"elementor-widget-container\">\n\t\t\t\t\t<h2 class=\"elementor-heading-title elementor-size-default\">ARTICLES RELACIONATS<\/h2>\t\t\t\t<\/div>\n\t\t\t\t<\/div>\n\t\t\t\t<div class=\"elementor-element elementor-element-0874f72 uael-equal__height-yes animated-slow random-color-trigger elementor-invisible elementor-widget elementor-widget-uael-posts\" data-id=\"0874f72\" data-element_type=\"widget\" data-e-type=\"widget\" data-settings=\"{&quot;_animation&quot;:&quot;fadeInUp&quot;,&quot;classic_slides_to_show&quot;:4,&quot;classic_slides_to_show_tablet&quot;:2,&quot;classic_slides_to_show_mobile&quot;:1}\" data-widget_type=\"uael-posts.classic\">\n\t\t\t\t<div class=\"elementor-widget-container\">\n\t\t\t\t\t\t\t<div class=\"uael-post__header\">\n\t\t\t\t\t<\/div>\n\t\t<div class=\"uael-post__body\">\n\t\t\t\n\t\t\n\t\t<div class=\"uael-blog-terms-position-above_content uael-post-image-top uael-post-grid uael-posts\" data-query-type=\"custom\" data-structure=\"normal\" data-layout=\"\" data-page=\"10314\" data-skin=\"classic\" data-filter-default=\"\" data-offset-top=\"30\" >\n\n\t\t\t\t\t\t\t<div class=\"uael-post-grid__inner uael-post__columns-4 uael-post__columns-tablet-2 uael-post__columns-mobile-1\">\n\t\t\t\n<div class=\"uael-post-wrapper   excelencia-musical noticias \">\n\t<div class=\"uael-post__bg-wrap uael-bg-wrap-disabled \">\n\n\t\t\t\t\n\t\t<div class=\"uael-post__inner-wrap uael-inner-wrap-disabled\">\n\n\t\t\t\t<div class=\"uael-post__thumbnail\">\n\t\t\t\n\t\t\t<a href=\"https:\/\/fundacioferrermusica.org\/es\/parlem-amb-un-dels-cinc-duos-guanyadors-de-lied-the-future-2026\/\" target=\"_self\" title=\"Hablamos con uno de los cinco d\u00faos ganadores de Lied the Future 2026\"><img decoding=\"async\" width=\"500\" height=\"526\" src=\"https:\/\/fundacioferrermusica.org\/wp-content\/uploads\/2026\/04\/Lied-the-Future-Bruno-Meichsner-i-George-Needham-portada.png\" class=\"attachment-full size-full wp-image-10635\" alt=\"\" srcset=\"https:\/\/fundacioferrermusica.org\/wp-content\/uploads\/2026\/04\/Lied-the-Future-Bruno-Meichsner-i-George-Needham-portada.png 500w, https:\/\/fundacioferrermusica.org\/wp-content\/uploads\/2026\/04\/Lied-the-Future-Bruno-Meichsner-i-George-Needham-portada-285x300.png 285w\" sizes=\"(max-width: 500px) 100vw, 500px\" \/><\/a>\n\t\t\t\t\t<\/div>\n\t\t\n\t\t\t\n\t\t\t<div class=\"uael-post__content-wrap uael-content-wrap-disabled\">\n\t\t\t\t\t\t\t<div class=\"uael-post__terms-wrap\"><span class=\"uael-post__terms\"><span class=\"uael-listing__terms-link\">Excelencia musical<\/span><\/span><\/div>\n\t\t\t\t\n\t\t<div class=\"uael-post__excerpt\">\n\t\t\tHablamos con uno de los cinco ...\t\t<\/div>\n\n\t\t\t\t\t<\/div>\n\t\t\t\n\t\t<\/div>\n\t\t\n\t<\/div>\n\n<\/div>\n\n<div class=\"uael-post-wrapper   excelencia-musical noticias \">\n\t<div class=\"uael-post__bg-wrap uael-bg-wrap-disabled \">\n\n\t\t\t\t\n\t\t<div class=\"uael-post__inner-wrap uael-inner-wrap-disabled\">\n\n\t\t\t\t<div class=\"uael-post__thumbnail\">\n\t\t\t\n\t\t\t<a href=\"https:\/\/fundacioferrermusica.org\/es\/el-alumnado-del-programa-de-primaria-y-secundaria-musical-participa-en-liceu-familiar\/\" target=\"_self\" title=\"El alumnado del programa de Primaria y Secundaria Musical participa en Liceu Familiar\"><img decoding=\"async\" width=\"500\" height=\"526\" src=\"https:\/\/fundacioferrermusica.org\/wp-content\/uploads\/2026\/03\/Liceu-Familiar-portada.png\" class=\"attachment-full size-full wp-image-10581\" alt=\"\" srcset=\"https:\/\/fundacioferrermusica.org\/wp-content\/uploads\/2026\/03\/Liceu-Familiar-portada.png 500w, https:\/\/fundacioferrermusica.org\/wp-content\/uploads\/2026\/03\/Liceu-Familiar-portada-285x300.png 285w\" sizes=\"(max-width: 500px) 100vw, 500px\" \/><\/a>\n\t\t\t\t\t<\/div>\n\t\t\n\t\t\t\n\t\t\t<div class=\"uael-post__content-wrap uael-content-wrap-disabled\">\n\t\t\t\t\t\t\t<div class=\"uael-post__terms-wrap\"><span class=\"uael-post__terms\"><span class=\"uael-listing__terms-link\">Excelencia musical<\/span><\/span><\/div>\n\t\t\t\t\n\t\t<div class=\"uael-post__excerpt\">\n\t\t\tEl alumnado del programa de Primaria ...\t\t<\/div>\n\n\t\t\t\t\t<\/div>\n\t\t\t\n\t\t<\/div>\n\t\t\n\t<\/div>\n\n<\/div>\n\n<div class=\"uael-post-wrapper   excelencia-musical noticias \">\n\t<div class=\"uael-post__bg-wrap uael-bg-wrap-disabled \">\n\n\t\t\t\t\n\t\t<div class=\"uael-post__inner-wrap uael-inner-wrap-disabled\">\n\n\t\t\t\t<div class=\"uael-post__thumbnail\">\n\t\t\t\n\t\t\t<a href=\"https:\/\/fundacioferrermusica.org\/es\/impulsem-el-talent-emergent-amb-el-premi-extraordinari-del-concurs-tenor-vinas-2026\/\" target=\"_self\" title=\"Impulsamos el talento emergente con el Premio Extraordinario del Concurso Tenor Vi\u00f1as 2026\"><img loading=\"lazy\" decoding=\"async\" width=\"500\" height=\"526\" src=\"https:\/\/fundacioferrermusica.org\/wp-content\/uploads\/2026\/03\/Portada-web-Tenor-Vinas.png\" class=\"attachment-full size-full wp-image-10521\" alt=\"\" srcset=\"https:\/\/fundacioferrermusica.org\/wp-content\/uploads\/2026\/03\/Portada-web-Tenor-Vinas.png 500w, https:\/\/fundacioferrermusica.org\/wp-content\/uploads\/2026\/03\/Portada-web-Tenor-Vinas-285x300.png 285w\" sizes=\"(max-width: 500px) 100vw, 500px\" \/><\/a>\n\t\t\t\t\t<\/div>\n\t\t\n\t\t\t\n\t\t\t<div class=\"uael-post__content-wrap uael-content-wrap-disabled\">\n\t\t\t\t\t\t\t<div class=\"uael-post__terms-wrap\"><span class=\"uael-post__terms\"><span class=\"uael-listing__terms-link\">Excelencia musical<\/span><\/span><\/div>\n\t\t\t\t\n\t\t<div class=\"uael-post__excerpt\">\n\t\t\tImpulsamos el talento emergente con el ...\t\t<\/div>\n\n\t\t\t\t\t<\/div>\n\t\t\t\n\t\t<\/div>\n\t\t\n\t<\/div>\n\n<\/div>\n\n<div class=\"uael-post-wrapper   excelencia-musical noticias \">\n\t<div class=\"uael-post__bg-wrap uael-bg-wrap-disabled \">\n\n\t\t\t\t\n\t\t<div class=\"uael-post__inner-wrap uael-inner-wrap-disabled\">\n\n\t\t\t\t<div class=\"uael-post__thumbnail\">\n\t\t\t\n\t\t\t<a href=\"https:\/\/fundacioferrermusica.org\/es\/lied-the-future-presenta-su-programacion-en-la-schubertiada\/\" target=\"_self\" title=\"Lied the Future presenta su programaci\u00f3n en la Schubert\u00edada\"><img loading=\"lazy\" decoding=\"async\" width=\"500\" height=\"526\" src=\"https:\/\/fundacioferrermusica.org\/wp-content\/uploads\/2026\/03\/Portada-web-Schubertiada.png\" class=\"attachment-full size-full wp-image-10548\" alt=\"\" srcset=\"https:\/\/fundacioferrermusica.org\/wp-content\/uploads\/2026\/03\/Portada-web-Schubertiada.png 500w, https:\/\/fundacioferrermusica.org\/wp-content\/uploads\/2026\/03\/Portada-web-Schubertiada-285x300.png 285w\" sizes=\"(max-width: 500px) 100vw, 500px\" \/><\/a>\n\t\t\t\t\t<\/div>\n\t\t\n\t\t\t\n\t\t\t<div class=\"uael-post__content-wrap uael-content-wrap-disabled\">\n\t\t\t\t\t\t\t<div class=\"uael-post__terms-wrap\"><span class=\"uael-post__terms\"><span class=\"uael-listing__terms-link\">Excelencia musical<\/span><\/span><\/div>\n\t\t\t\t\n\t\t<div class=\"uael-post__excerpt\">\n\t\t\tLied the Future presenta su programaci\u00f3n ...\t\t<\/div>\n\n\t\t\t\t\t<\/div>\n\t\t\t\n\t\t<\/div>\n\t\t\n\t<\/div>\n\n<\/div>\n\t\t\t\t<\/div>\n\t\t\t\t\t\t\n\t\t<\/div>\n\n\t\t\t\t\t\t<\/div>\n\t\t<div class=\"uael-post__footer\">\n\t\t\t\t\t<\/div>\n\t\t\t\t\t\t<\/div>\n\t\t\t\t<\/div>\n\t\t\t\t\t<\/div>\n\t\t<\/div>\n\t\t\t\t\t<\/div>\n\t\t<\/section>\n\t\t\t\t<\/div>\n\t\t","protected":false},"excerpt":{"rendered":"<p>Luis Tabuenca Fern\u00e1ndez gana el XLIII Premio Reina Sof\u00eda de Composici\u00f3n Musical El jurado, integrado por la nueva directora art\u00edstica de la Fundaci\u00f3 Ferrer de M\u00fasica, Raquel Garc\u00eda Tom\u00e1s; el ganador de la edici\u00f3n anterior, Josep Planells Schiaffino; y los tambi\u00e9n compositores Jos\u00e9 R\u00edo-Pareja, Outi Tarkiainen y Vasco Mendon\u00e7a como presidente, ha decidido distinguir la [&hellip;]<\/p>\n","protected":false},"author":5,"featured_media":10334,"comment_status":"closed","ping_status":"closed","sticky":false,"template":"","format":"standard","meta":{"site-sidebar-layout":"default","site-content-layout":"","ast-site-content-layout":"default","site-content-style":"default","site-sidebar-style":"default","ast-global-header-display":"","ast-banner-title-visibility":"","ast-main-header-display":"","ast-hfb-above-header-display":"","ast-hfb-below-header-display":"","ast-hfb-mobile-header-display":"","site-post-title":"","ast-breadcrumbs-content":"","ast-featured-img":"","footer-sml-layout":"","ast-disable-related-posts":"","theme-transparent-header-meta":"default","adv-header-id-meta":"","stick-header-meta":"default","header-above-stick-meta":"","header-main-stick-meta":"","header-below-stick-meta":"","astra-migrate-meta-layouts":"set","ast-page-background-enabled":"default","ast-page-background-meta":{"desktop":{"background-color":"var(--ast-global-color-4)","background-image":"","background-repeat":"repeat","background-position":"center center","background-size":"auto","background-attachment":"scroll","background-type":"","background-media":"","overlay-type":"","overlay-color":"","overlay-opacity":"","overlay-gradient":""},"tablet":{"background-color":"","background-image":"","background-repeat":"repeat","background-position":"center center","background-size":"auto","background-attachment":"scroll","background-type":"","background-media":"","overlay-type":"","overlay-color":"","overlay-opacity":"","overlay-gradient":""},"mobile":{"background-color":"","background-image":"","background-repeat":"repeat","background-position":"center center","background-size":"auto","background-attachment":"scroll","background-type":"","background-media":"","overlay-type":"","overlay-color":"","overlay-opacity":"","overlay-gradient":""}},"ast-content-background-meta":{"desktop":{"background-color":"var(--ast-global-color-5)","background-image":"","background-repeat":"repeat","background-position":"center center","background-size":"auto","background-attachment":"scroll","background-type":"","background-media":"","overlay-type":"","overlay-color":"","overlay-opacity":"","overlay-gradient":""},"tablet":{"background-color":"var(--ast-global-color-5)","background-image":"","background-repeat":"repeat","background-position":"center center","background-size":"auto","background-attachment":"scroll","background-type":"","background-media":"","overlay-type":"","overlay-color":"","overlay-opacity":"","overlay-gradient":""},"mobile":{"background-color":"var(--ast-global-color-5)","background-image":"","background-repeat":"repeat","background-position":"center center","background-size":"auto","background-attachment":"scroll","background-type":"","background-media":"","overlay-type":"","overlay-color":"","overlay-opacity":"","overlay-gradient":""}},"footnotes":""},"categories":[38,26],"tags":[],"class_list":["post-10314","post","type-post","status-publish","format-standard","has-post-thumbnail","hentry","category-excelencia-musical","category-noticies-es"],"yoast_head":"<!-- This site is optimized with the Yoast SEO plugin v27.2 - https:\/\/yoast.com\/product\/yoast-seo-wordpress\/ -->\n<title>Luis Tabuenca Fern\u00e1ndez gana el XLIII Premio Reina Sof\u00eda de Composici\u00f3n Musical - Fundaci\u00f3 de M\u00fasica Ferrer-Salat<\/title>\n<meta name=\"description\" content=\"El jurado, integrado por la nueva directora art\u00edstica de la Fundaci\u00f3 Ferrer de M\u00fasica, Raquel Garc\u00eda Tom\u00e1s; el ganador de la edici\u00f3n anterior, Josep Planells Schiaffino; y los tambi\u00e9n compositores Jos\u00e9 Rio-Pareja, Outi Tarkiainen y Vasco Mendon\u00e7a como presidente, ha decidido distinguir la obra R\u00e9manence, de Luis Tabuenca Fern\u00e1ndez, con el XLIII Premio Reina Sof\u00eda de Composici\u00f3n Musical.\" \/>\n<meta name=\"robots\" content=\"index, follow, max-snippet:-1, max-image-preview:large, max-video-preview:-1\" \/>\n<link rel=\"canonical\" href=\"https:\/\/fundacioferrermusica.org\/es\/luis-tabuenca-fernandez\/\" \/>\n<meta property=\"og:locale\" content=\"es_ES\" \/>\n<meta property=\"og:type\" content=\"article\" \/>\n<meta property=\"og:title\" content=\"Luis Tabuenca Fern\u00e1ndez gana el XLIII Premio Reina Sof\u00eda de Composici\u00f3n Musical - Fundaci\u00f3 de M\u00fasica Ferrer-Salat\" \/>\n<meta property=\"og:description\" content=\"El jurado, integrado por la nueva directora art\u00edstica de la Fundaci\u00f3 Ferrer de M\u00fasica, Raquel Garc\u00eda Tom\u00e1s; el ganador de la edici\u00f3n anterior, Josep Planells Schiaffino; y los tambi\u00e9n compositores Jos\u00e9 Rio-Pareja, Outi Tarkiainen y Vasco Mendon\u00e7a como presidente, ha decidido distinguir la obra R\u00e9manence, de Luis Tabuenca Fern\u00e1ndez, con el XLIII Premio Reina Sof\u00eda de Composici\u00f3n Musical.\" \/>\n<meta property=\"og:url\" content=\"https:\/\/fundacioferrermusica.org\/es\/luis-tabuenca-fernandez\/\" \/>\n<meta property=\"og:site_name\" content=\"Fundaci\u00f3 de M\u00fasica Ferrer-Salat\" \/>\n<meta property=\"article:published_time\" content=\"2026-02-28T17:05:49+00:00\" \/>\n<meta property=\"article:modified_time\" content=\"2026-02-28T17:07:05+00:00\" \/>\n<meta property=\"og:image\" content=\"https:\/\/fundacioferrermusica.org\/wp-content\/uploads\/2026\/02\/Foto-portada-web-1.png\" \/>\n\t<meta property=\"og:image:width\" content=\"500\" \/>\n\t<meta property=\"og:image:height\" content=\"526\" \/>\n\t<meta property=\"og:image:type\" content=\"image\/png\" \/>\n<meta name=\"author\" content=\"fundacions ferrer\" \/>\n<meta name=\"twitter:card\" content=\"summary_large_image\" \/>\n<meta name=\"twitter:label1\" content=\"Escrito por\" \/>\n\t<meta name=\"twitter:data1\" content=\"fundacions ferrer\" \/>\n\t<meta name=\"twitter:label2\" content=\"Tiempo de lectura\" \/>\n\t<meta name=\"twitter:data2\" content=\"5 minutos\" \/>\n<script type=\"application\/ld+json\" class=\"yoast-schema-graph\">{\"@context\":\"https:\/\/schema.org\",\"@graph\":[{\"@type\":\"Article\",\"@id\":\"https:\/\/fundacioferrermusica.org\/es\/luis-tabuenca-fernandez\/#article\",\"isPartOf\":{\"@id\":\"https:\/\/fundacioferrermusica.org\/es\/luis-tabuenca-fernandez\/\"},\"author\":{\"name\":\"fundacions ferrer\",\"@id\":\"https:\/\/fundacioferrermusica.org\/#\/schema\/person\/1a47f90b7dd69b6280722b334dc8aaa4\"},\"headline\":\"Luis Tabuenca Fern\u00e1ndez gana el XLIII Premio Reina Sof\u00eda de Composici\u00f3n Musical\",\"datePublished\":\"2026-02-28T17:05:49+00:00\",\"dateModified\":\"2026-02-28T17:07:05+00:00\",\"mainEntityOfPage\":{\"@id\":\"https:\/\/fundacioferrermusica.org\/es\/luis-tabuenca-fernandez\/\"},\"wordCount\":611,\"publisher\":{\"@id\":\"https:\/\/fundacioferrermusica.org\/#organization\"},\"image\":{\"@id\":\"https:\/\/fundacioferrermusica.org\/es\/luis-tabuenca-fernandez\/#primaryimage\"},\"thumbnailUrl\":\"https:\/\/fundacioferrermusica.org\/wp-content\/uploads\/2026\/02\/Foto-portada-web-1.png\",\"articleSection\":[\"Excelencia musical\",\"Noticias\"],\"inLanguage\":\"es\"},{\"@type\":\"WebPage\",\"@id\":\"https:\/\/fundacioferrermusica.org\/es\/luis-tabuenca-fernandez\/\",\"url\":\"https:\/\/fundacioferrermusica.org\/es\/luis-tabuenca-fernandez\/\",\"name\":\"Luis Tabuenca Fern\u00e1ndez gana el XLIII Premio Reina Sof\u00eda de Composici\u00f3n Musical - Fundaci\u00f3 de M\u00fasica Ferrer-Salat\",\"isPartOf\":{\"@id\":\"https:\/\/fundacioferrermusica.org\/#website\"},\"primaryImageOfPage\":{\"@id\":\"https:\/\/fundacioferrermusica.org\/es\/luis-tabuenca-fernandez\/#primaryimage\"},\"image\":{\"@id\":\"https:\/\/fundacioferrermusica.org\/es\/luis-tabuenca-fernandez\/#primaryimage\"},\"thumbnailUrl\":\"https:\/\/fundacioferrermusica.org\/wp-content\/uploads\/2026\/02\/Foto-portada-web-1.png\",\"datePublished\":\"2026-02-28T17:05:49+00:00\",\"dateModified\":\"2026-02-28T17:07:05+00:00\",\"description\":\"El jurado, integrado por la nueva directora art\u00edstica de la Fundaci\u00f3 Ferrer de M\u00fasica, Raquel Garc\u00eda Tom\u00e1s; el ganador de la edici\u00f3n anterior, Josep Planells Schiaffino; y los tambi\u00e9n compositores Jos\u00e9 Rio-Pareja, Outi Tarkiainen y Vasco Mendon\u00e7a como presidente, ha decidido distinguir la obra R\u00e9manence, de Luis Tabuenca Fern\u00e1ndez, con el XLIII Premio Reina Sof\u00eda de Composici\u00f3n Musical.\",\"breadcrumb\":{\"@id\":\"https:\/\/fundacioferrermusica.org\/es\/luis-tabuenca-fernandez\/#breadcrumb\"},\"inLanguage\":\"es\",\"potentialAction\":[{\"@type\":\"ReadAction\",\"target\":[\"https:\/\/fundacioferrermusica.org\/es\/luis-tabuenca-fernandez\/\"]}]},{\"@type\":\"ImageObject\",\"inLanguage\":\"es\",\"@id\":\"https:\/\/fundacioferrermusica.org\/es\/luis-tabuenca-fernandez\/#primaryimage\",\"url\":\"https:\/\/fundacioferrermusica.org\/wp-content\/uploads\/2026\/02\/Foto-portada-web-1.png\",\"contentUrl\":\"https:\/\/fundacioferrermusica.org\/wp-content\/uploads\/2026\/02\/Foto-portada-web-1.png\",\"width\":500,\"height\":526},{\"@type\":\"BreadcrumbList\",\"@id\":\"https:\/\/fundacioferrermusica.org\/es\/luis-tabuenca-fernandez\/#breadcrumb\",\"itemListElement\":[{\"@type\":\"ListItem\",\"position\":1,\"name\":\"Inici\",\"item\":\"https:\/\/fundacioferrermusica.org\/\"},{\"@type\":\"ListItem\",\"position\":2,\"name\":\"Luis Tabuenca Fern\u00e1ndez gana el XLIII Premio Reina Sof\u00eda de Composici\u00f3n Musical\"}]},{\"@type\":\"WebSite\",\"@id\":\"https:\/\/fundacioferrermusica.org\/#website\",\"url\":\"https:\/\/fundacioferrermusica.org\/\",\"name\":\"Fundaci\u00f3 de M\u00fasica Ferrer-Salat\",\"description\":\"40 anys generant oportunitats a trav\u00e9s de la m\u00fasica\",\"publisher\":{\"@id\":\"https:\/\/fundacioferrermusica.org\/#organization\"},\"potentialAction\":[{\"@type\":\"SearchAction\",\"target\":{\"@type\":\"EntryPoint\",\"urlTemplate\":\"https:\/\/fundacioferrermusica.org\/?s={search_term_string}\"},\"query-input\":{\"@type\":\"PropertyValueSpecification\",\"valueRequired\":true,\"valueName\":\"search_term_string\"}}],\"inLanguage\":\"es\"},{\"@type\":\"Organization\",\"@id\":\"https:\/\/fundacioferrermusica.org\/#organization\",\"name\":\"Fundaci\u00f3 de M\u00fasica Ferrer-Salat\",\"url\":\"https:\/\/fundacioferrermusica.org\/\",\"logo\":{\"@type\":\"ImageObject\",\"inLanguage\":\"es\",\"@id\":\"https:\/\/fundacioferrermusica.org\/#\/schema\/logo\/image\/\",\"url\":\"https:\/\/fundacioferrermusica.org\/wp-content\/uploads\/2022\/06\/cropped-FundacioMusicaFerrerSalat.png\",\"contentUrl\":\"https:\/\/fundacioferrermusica.org\/wp-content\/uploads\/2022\/06\/cropped-FundacioMusicaFerrerSalat.png\",\"width\":160,\"height\":53,\"caption\":\"Fundaci\u00f3 de M\u00fasica Ferrer-Salat\"},\"image\":{\"@id\":\"https:\/\/fundacioferrermusica.org\/#\/schema\/logo\/image\/\"}},{\"@type\":\"Person\",\"@id\":\"https:\/\/fundacioferrermusica.org\/#\/schema\/person\/1a47f90b7dd69b6280722b334dc8aaa4\",\"name\":\"fundacions ferrer\",\"image\":{\"@type\":\"ImageObject\",\"inLanguage\":\"es\",\"@id\":\"https:\/\/secure.gravatar.com\/avatar\/f45112a06cf0712b691961a6b47b71052b08d7b8f73c884aed3bef26c4770826?s=96&d=mm&r=g\",\"url\":\"https:\/\/secure.gravatar.com\/avatar\/f45112a06cf0712b691961a6b47b71052b08d7b8f73c884aed3bef26c4770826?s=96&d=mm&r=g\",\"contentUrl\":\"https:\/\/secure.gravatar.com\/avatar\/f45112a06cf0712b691961a6b47b71052b08d7b8f73c884aed3bef26c4770826?s=96&d=mm&r=g\",\"caption\":\"fundacions ferrer\"},\"url\":\"https:\/\/fundacioferrermusica.org\/es\/author\/socialmedia\/\"}]}<\/script>\n<!-- \/ Yoast SEO plugin. -->","yoast_head_json":{"title":"Luis Tabuenca Fern\u00e1ndez gana el XLIII Premio Reina Sof\u00eda de Composici\u00f3n Musical - Fundaci\u00f3 de M\u00fasica Ferrer-Salat","description":"El jurado, integrado por la nueva directora art\u00edstica de la Fundaci\u00f3 Ferrer de M\u00fasica, Raquel Garc\u00eda Tom\u00e1s; el ganador de la edici\u00f3n anterior, Josep Planells Schiaffino; y los tambi\u00e9n compositores Jos\u00e9 Rio-Pareja, Outi Tarkiainen y Vasco Mendon\u00e7a como presidente, ha decidido distinguir la obra R\u00e9manence, de Luis Tabuenca Fern\u00e1ndez, con el XLIII Premio Reina Sof\u00eda de Composici\u00f3n Musical.","robots":{"index":"index","follow":"follow","max-snippet":"max-snippet:-1","max-image-preview":"max-image-preview:large","max-video-preview":"max-video-preview:-1"},"canonical":"https:\/\/fundacioferrermusica.org\/es\/luis-tabuenca-fernandez\/","og_locale":"es_ES","og_type":"article","og_title":"Luis Tabuenca Fern\u00e1ndez gana el XLIII Premio Reina Sof\u00eda de Composici\u00f3n Musical - Fundaci\u00f3 de M\u00fasica Ferrer-Salat","og_description":"El jurado, integrado por la nueva directora art\u00edstica de la Fundaci\u00f3 Ferrer de M\u00fasica, Raquel Garc\u00eda Tom\u00e1s; el ganador de la edici\u00f3n anterior, Josep Planells Schiaffino; y los tambi\u00e9n compositores Jos\u00e9 Rio-Pareja, Outi Tarkiainen y Vasco Mendon\u00e7a como presidente, ha decidido distinguir la obra R\u00e9manence, de Luis Tabuenca Fern\u00e1ndez, con el XLIII Premio Reina Sof\u00eda de Composici\u00f3n Musical.","og_url":"https:\/\/fundacioferrermusica.org\/es\/luis-tabuenca-fernandez\/","og_site_name":"Fundaci\u00f3 de M\u00fasica Ferrer-Salat","article_published_time":"2026-02-28T17:05:49+00:00","article_modified_time":"2026-02-28T17:07:05+00:00","og_image":[{"width":500,"height":526,"url":"https:\/\/fundacioferrermusica.org\/wp-content\/uploads\/2026\/02\/Foto-portada-web-1.png","type":"image\/png"}],"author":"fundacions ferrer","twitter_card":"summary_large_image","twitter_misc":{"Escrito por":"fundacions ferrer","Tiempo de lectura":"5 minutos"},"schema":{"@context":"https:\/\/schema.org","@graph":[{"@type":"Article","@id":"https:\/\/fundacioferrermusica.org\/es\/luis-tabuenca-fernandez\/#article","isPartOf":{"@id":"https:\/\/fundacioferrermusica.org\/es\/luis-tabuenca-fernandez\/"},"author":{"name":"fundacions ferrer","@id":"https:\/\/fundacioferrermusica.org\/#\/schema\/person\/1a47f90b7dd69b6280722b334dc8aaa4"},"headline":"Luis Tabuenca Fern\u00e1ndez gana el XLIII Premio Reina Sof\u00eda de Composici\u00f3n Musical","datePublished":"2026-02-28T17:05:49+00:00","dateModified":"2026-02-28T17:07:05+00:00","mainEntityOfPage":{"@id":"https:\/\/fundacioferrermusica.org\/es\/luis-tabuenca-fernandez\/"},"wordCount":611,"publisher":{"@id":"https:\/\/fundacioferrermusica.org\/#organization"},"image":{"@id":"https:\/\/fundacioferrermusica.org\/es\/luis-tabuenca-fernandez\/#primaryimage"},"thumbnailUrl":"https:\/\/fundacioferrermusica.org\/wp-content\/uploads\/2026\/02\/Foto-portada-web-1.png","articleSection":["Excelencia musical","Noticias"],"inLanguage":"es"},{"@type":"WebPage","@id":"https:\/\/fundacioferrermusica.org\/es\/luis-tabuenca-fernandez\/","url":"https:\/\/fundacioferrermusica.org\/es\/luis-tabuenca-fernandez\/","name":"Luis Tabuenca Fern\u00e1ndez gana el XLIII Premio Reina Sof\u00eda de Composici\u00f3n Musical - Fundaci\u00f3 de M\u00fasica Ferrer-Salat","isPartOf":{"@id":"https:\/\/fundacioferrermusica.org\/#website"},"primaryImageOfPage":{"@id":"https:\/\/fundacioferrermusica.org\/es\/luis-tabuenca-fernandez\/#primaryimage"},"image":{"@id":"https:\/\/fundacioferrermusica.org\/es\/luis-tabuenca-fernandez\/#primaryimage"},"thumbnailUrl":"https:\/\/fundacioferrermusica.org\/wp-content\/uploads\/2026\/02\/Foto-portada-web-1.png","datePublished":"2026-02-28T17:05:49+00:00","dateModified":"2026-02-28T17:07:05+00:00","description":"El jurado, integrado por la nueva directora art\u00edstica de la Fundaci\u00f3 Ferrer de M\u00fasica, Raquel Garc\u00eda Tom\u00e1s; el ganador de la edici\u00f3n anterior, Josep Planells Schiaffino; y los tambi\u00e9n compositores Jos\u00e9 Rio-Pareja, Outi Tarkiainen y Vasco Mendon\u00e7a como presidente, ha decidido distinguir la obra R\u00e9manence, de Luis Tabuenca Fern\u00e1ndez, con el XLIII Premio Reina Sof\u00eda de Composici\u00f3n Musical.","breadcrumb":{"@id":"https:\/\/fundacioferrermusica.org\/es\/luis-tabuenca-fernandez\/#breadcrumb"},"inLanguage":"es","potentialAction":[{"@type":"ReadAction","target":["https:\/\/fundacioferrermusica.org\/es\/luis-tabuenca-fernandez\/"]}]},{"@type":"ImageObject","inLanguage":"es","@id":"https:\/\/fundacioferrermusica.org\/es\/luis-tabuenca-fernandez\/#primaryimage","url":"https:\/\/fundacioferrermusica.org\/wp-content\/uploads\/2026\/02\/Foto-portada-web-1.png","contentUrl":"https:\/\/fundacioferrermusica.org\/wp-content\/uploads\/2026\/02\/Foto-portada-web-1.png","width":500,"height":526},{"@type":"BreadcrumbList","@id":"https:\/\/fundacioferrermusica.org\/es\/luis-tabuenca-fernandez\/#breadcrumb","itemListElement":[{"@type":"ListItem","position":1,"name":"Inici","item":"https:\/\/fundacioferrermusica.org\/"},{"@type":"ListItem","position":2,"name":"Luis Tabuenca Fern\u00e1ndez gana el XLIII Premio Reina Sof\u00eda de Composici\u00f3n Musical"}]},{"@type":"WebSite","@id":"https:\/\/fundacioferrermusica.org\/#website","url":"https:\/\/fundacioferrermusica.org\/","name":"Fundaci\u00f3 de M\u00fasica Ferrer-Salat","description":"40 anys generant oportunitats a trav\u00e9s de la m\u00fasica","publisher":{"@id":"https:\/\/fundacioferrermusica.org\/#organization"},"potentialAction":[{"@type":"SearchAction","target":{"@type":"EntryPoint","urlTemplate":"https:\/\/fundacioferrermusica.org\/?s={search_term_string}"},"query-input":{"@type":"PropertyValueSpecification","valueRequired":true,"valueName":"search_term_string"}}],"inLanguage":"es"},{"@type":"Organization","@id":"https:\/\/fundacioferrermusica.org\/#organization","name":"Fundaci\u00f3 de M\u00fasica Ferrer-Salat","url":"https:\/\/fundacioferrermusica.org\/","logo":{"@type":"ImageObject","inLanguage":"es","@id":"https:\/\/fundacioferrermusica.org\/#\/schema\/logo\/image\/","url":"https:\/\/fundacioferrermusica.org\/wp-content\/uploads\/2022\/06\/cropped-FundacioMusicaFerrerSalat.png","contentUrl":"https:\/\/fundacioferrermusica.org\/wp-content\/uploads\/2022\/06\/cropped-FundacioMusicaFerrerSalat.png","width":160,"height":53,"caption":"Fundaci\u00f3 de M\u00fasica Ferrer-Salat"},"image":{"@id":"https:\/\/fundacioferrermusica.org\/#\/schema\/logo\/image\/"}},{"@type":"Person","@id":"https:\/\/fundacioferrermusica.org\/#\/schema\/person\/1a47f90b7dd69b6280722b334dc8aaa4","name":"fundacions ferrer","image":{"@type":"ImageObject","inLanguage":"es","@id":"https:\/\/secure.gravatar.com\/avatar\/f45112a06cf0712b691961a6b47b71052b08d7b8f73c884aed3bef26c4770826?s=96&d=mm&r=g","url":"https:\/\/secure.gravatar.com\/avatar\/f45112a06cf0712b691961a6b47b71052b08d7b8f73c884aed3bef26c4770826?s=96&d=mm&r=g","contentUrl":"https:\/\/secure.gravatar.com\/avatar\/f45112a06cf0712b691961a6b47b71052b08d7b8f73c884aed3bef26c4770826?s=96&d=mm&r=g","caption":"fundacions ferrer"},"url":"https:\/\/fundacioferrermusica.org\/es\/author\/socialmedia\/"}]}},"_links":{"self":[{"href":"https:\/\/fundacioferrermusica.org\/es\/wp-json\/wp\/v2\/posts\/10314","targetHints":{"allow":["GET"]}}],"collection":[{"href":"https:\/\/fundacioferrermusica.org\/es\/wp-json\/wp\/v2\/posts"}],"about":[{"href":"https:\/\/fundacioferrermusica.org\/es\/wp-json\/wp\/v2\/types\/post"}],"author":[{"embeddable":true,"href":"https:\/\/fundacioferrermusica.org\/es\/wp-json\/wp\/v2\/users\/5"}],"replies":[{"embeddable":true,"href":"https:\/\/fundacioferrermusica.org\/es\/wp-json\/wp\/v2\/comments?post=10314"}],"version-history":[{"count":18,"href":"https:\/\/fundacioferrermusica.org\/es\/wp-json\/wp\/v2\/posts\/10314\/revisions"}],"predecessor-version":[{"id":10371,"href":"https:\/\/fundacioferrermusica.org\/es\/wp-json\/wp\/v2\/posts\/10314\/revisions\/10371"}],"wp:featuredmedia":[{"embeddable":true,"href":"https:\/\/fundacioferrermusica.org\/es\/wp-json\/wp\/v2\/media\/10334"}],"wp:attachment":[{"href":"https:\/\/fundacioferrermusica.org\/es\/wp-json\/wp\/v2\/media?parent=10314"}],"wp:term":[{"taxonomy":"category","embeddable":true,"href":"https:\/\/fundacioferrermusica.org\/es\/wp-json\/wp\/v2\/categories?post=10314"},{"taxonomy":"post_tag","embeddable":true,"href":"https:\/\/fundacioferrermusica.org\/es\/wp-json\/wp\/v2\/tags?post=10314"}],"curies":[{"name":"wp","href":"https:\/\/api.w.org\/{rel}","templated":true}]}}