{"id":8785,"date":"2025-02-24T11:20:08","date_gmt":"2025-02-24T11:20:08","guid":{"rendered":"https:\/\/fundaciomusicaferrersalat.awspreferrer.com\/?p=8785"},"modified":"2025-02-24T16:09:28","modified_gmt":"2025-02-24T16:09:28","slug":"josep-planells-schiaffino-guanya-el-xlii-premi-reina-sofia-de-composicio-musical","status":"publish","type":"post","link":"https:\/\/fundacioferrermusica.org\/en\/josep-planells-schiaffino-guanya-el-xlii-premi-reina-sofia-de-composicio-musical\/","title":{"rendered":"Josep Planells Schiaffino Wins the XLII Reina Sof\u00eda Prize for Musical Composition"},"content":{"rendered":"\t\t<div data-elementor-type=\"wp-post\" data-elementor-id=\"8785\" class=\"elementor elementor-8785 elementor-8768\" data-elementor-post-type=\"post\">\n\t\t\t\t\t\t<section class=\"elementor-section elementor-top-section elementor-element elementor-element-6999563 elementor-section-full_width top-title elementor-section-height-default elementor-section-height-default\" data-id=\"6999563\" data-element_type=\"section\" data-e-type=\"section\">\n\t\t\t\t\t\t<div class=\"elementor-container elementor-column-gap-default\">\n\t\t\t\t\t<div class=\"elementor-column elementor-col-100 elementor-top-column elementor-element elementor-element-b778990\" data-id=\"b778990\" data-element_type=\"column\" data-e-type=\"column\">\n\t\t\t<div class=\"elementor-widget-wrap elementor-element-populated\">\n\t\t\t\t\t\t<div class=\"elementor-element elementor-element-5f43cab elementor-widget elementor-widget-heading\" data-id=\"5f43cab\" data-element_type=\"widget\" data-e-type=\"widget\" data-widget_type=\"heading.default\">\n\t\t\t\t<div class=\"elementor-widget-container\">\n\t\t\t\t\t<h1 class=\"elementor-heading-title elementor-size-default\">Josep Planells Schiaffino Wins the XLII Reina Sof\u00eda Prize for Musical Composition<\/h1>\t\t\t\t<\/div>\n\t\t\t\t<\/div>\n\t\t\t\t\t<\/div>\n\t\t<\/div>\n\t\t\t\t\t<\/div>\n\t\t<\/section>\n\t\t\t\t<section class=\"elementor-section elementor-top-section elementor-element elementor-element-53bf974 elementor-section-full_width elementor-section-height-default elementor-section-height-default\" data-id=\"53bf974\" data-element_type=\"section\" data-e-type=\"section\">\n\t\t\t\t\t\t<div class=\"elementor-container elementor-column-gap-default\">\n\t\t\t\t\t<div class=\"elementor-column elementor-col-50 elementor-top-column elementor-element elementor-element-d2d2b77\" data-id=\"d2d2b77\" data-element_type=\"column\" data-e-type=\"column\">\n\t\t\t<div class=\"elementor-widget-wrap elementor-element-populated\">\n\t\t\t\t\t\t<div class=\"elementor-element elementor-element-2d94be3 elementor-widget elementor-widget-image\" data-id=\"2d94be3\" data-element_type=\"widget\" data-e-type=\"widget\" data-widget_type=\"image.default\">\n\t\t\t\t<div class=\"elementor-widget-container\">\n\t\t\t\t\t\t\t\t\t\t\t\t\t\t\t<img fetchpriority=\"high\" decoding=\"async\" width=\"1024\" height=\"683\" src=\"https:\/\/fundacioferrermusica.org\/wp-content\/uploads\/2025\/02\/ESD_2872-1-1024x683.jpg\" class=\"attachment-large size-large wp-image-8774\" alt=\"\" srcset=\"https:\/\/fundacioferrermusica.org\/wp-content\/uploads\/2025\/02\/ESD_2872-1-1024x683.jpg 1024w, https:\/\/fundacioferrermusica.org\/wp-content\/uploads\/2025\/02\/ESD_2872-1-300x200.jpg 300w, https:\/\/fundacioferrermusica.org\/wp-content\/uploads\/2025\/02\/ESD_2872-1-768x512.jpg 768w, https:\/\/fundacioferrermusica.org\/wp-content\/uploads\/2025\/02\/ESD_2872-1-1536x1024.jpg 1536w, https:\/\/fundacioferrermusica.org\/wp-content\/uploads\/2025\/02\/ESD_2872-1-2048x1365.jpg 2048w\" sizes=\"(max-width: 1024px) 100vw, 1024px\" \/>\t\t\t\t\t\t\t\t\t\t\t\t\t\t\t<\/div>\n\t\t\t\t<\/div>\n\t\t\t\t\t<\/div>\n\t\t<\/div>\n\t\t\t\t<div class=\"elementor-column elementor-col-50 elementor-top-column elementor-element elementor-element-a98c464\" data-id=\"a98c464\" data-element_type=\"column\" data-e-type=\"column\">\n\t\t\t<div class=\"elementor-widget-wrap elementor-element-populated\">\n\t\t\t\t\t\t<div class=\"elementor-element elementor-element-5abb12b elementor-widget elementor-widget-heading\" data-id=\"5abb12b\" data-element_type=\"widget\" data-e-type=\"widget\" data-widget_type=\"heading.default\">\n\t\t\t\t<div class=\"elementor-widget-container\">\n\t\t\t\t\t<h2 class=\"elementor-heading-title elementor-size-default\">The jury of the XLII Reina Sof\u00eda Prize for Musical Composition, composed of Mario Carro, Raquel Garc\u00eda-Tom\u00e1s, Fabi\u00e0 Santcovsky, and Jes\u00fas Rueda, and chaired by Philippe Manoury, has awarded this edition\u2019s prize to Metalepsis by Josep Planells Schiaffino. The decision was made after two days of deliberation, during which nearly 80 submitted scores were analyzed.<\/h2>\t\t\t\t<\/div>\n\t\t\t\t<\/div>\n\t\t\t\t<div class=\"elementor-element elementor-element-f5a53bc elementor-widget elementor-widget-text-editor\" data-id=\"f5a53bc\" data-element_type=\"widget\" data-e-type=\"widget\" data-widget_type=\"text-editor.default\">\n\t\t\t\t<div class=\"elementor-widget-container\">\n\t\t\t\t\t\t\t\t\t<p><span style=\"font-style: inherit; font-weight: inherit; background-color: var(--ast-global-color-5); text-align: var(--bs-body-text-align);\">Organized annually since 1982 by the Ferrer-Salat Music Foundation, the Reina Sof\u00eda Prize for Musical Composition aims to promote the creation of symphonic music and ensure the viability of composers&#8217; work by encouraging their pieces to be performed and heard. With great international prestige, it is the best-endowed prize in its category in Europe, with an award of \u20ac100,000.<\/span><\/p><p data-start=\"849\" data-end=\"1172\">The premiere of Metalepsis will take place on Friday, October 17, 2025, at the Teatro Monumental in Madrid. The Spanish Radio and Television Symphony Orchestra will perform the piece for the first time, in the presence of Her Majesty Queen Sof\u00eda and the president of the Ferrer-Salat Music Foundation, Sergi Ferrer-Salat.<\/p><p data-start=\"1174\" data-end=\"1532\">Additionally, the piece will become part of the repertoire of the Spanish National Youth Orchestra (JONDE), which will perform it during its 2025-2026 tour. As part of the prize, the composer will also be designated as an artist of the Xarxa de M\u00fasiques a Catalunya (JMCAT), which includes a commission for two chamber music pieces for different ensembles.<\/p><p data-start=\"1534\" data-end=\"1567\">About Josep Planells Schiaffino<\/p><p data-start=\"1569\" data-end=\"2184\">A composer and conductor, Josep Planells Schiaffino (Valencia, 1988) began his training at the \u201cJoaqu\u00edn Rodrigo\u201d Conservatory of Music in Valencia, where he obtained a Higher Degree in Clarinet under the guidance of Jos\u00e9 Cerver\u00f3. In 2010, he moved to Berlin to study composition at the Hochschule f\u00fcr Musik \u201cHanns Eisler,\u201d completing his master\u2019s degree in 2016. Simultaneously, he furthered his orchestral conducting studies with Fred Buttkewitz in Berlin, Peter E\u00f6tv\u00f6s in Munich and Budapest, Peter Rundel in Porto, and Matthias Pintscher and Heinz Holliger at the Conducting Fellowship of the Lucerne Festival.<\/p><p data-start=\"2186\" data-end=\"2588\">In 2023, he earned his doctorate at the University of Cambridge with the support of a Vice-Chancellor\u2019s Award and a Pigott Doctoral Studentship. His career has been recognized with numerous awards, and he has received commissions from prestigious institutions such as the Spanish National Orchestra, WDR Sinfonieorchester K\u00f6ln, Deutsche Radio Philharmonie Saarbr\u00fccken, and the Beethoven-Haus in Bonn.<\/p><p data-start=\"2590\" data-end=\"3285\">Recently, he completed his residency as a composer with the Youth Orchestra of the Generalitat Valenciana, with whom he has recorded a monographic CD set to be released in 2025. As a conductor, he has worked with the Basel Sinfonietta, Bayerisches Landesjugendorchester, the Balearic Islands Symphony Orchestra, the Valencia Orchestra, the Bilbao Orkestra Sinfonikoa, the Lucerne Festival Academy Orchestra, and the Ensemble Modern. His upcoming projects include a commission from the ENSEMS Festival for pianist Juan P\u00e9rez Florist\u00e1n, his debut with the Real Filharmon\u00eda de Galicia and Fundaci\u00f3 \u00d2pera Catalunya, as well as a new invitation from the Spanish National Orchestra and Choir (OCNE).<\/p>\t\t\t\t\t\t\t\t<\/div>\n\t\t\t\t<\/div>\n\t\t\t\t<div class=\"elementor-element elementor-element-a9154b7 elementor-widget elementor-widget-spacer\" data-id=\"a9154b7\" data-element_type=\"widget\" data-e-type=\"widget\" data-widget_type=\"spacer.default\">\n\t\t\t\t<div class=\"elementor-widget-container\">\n\t\t\t\t\t\t\t<div class=\"elementor-spacer\">\n\t\t\t<div class=\"elementor-spacer-inner\"><\/div>\n\t\t<\/div>\n\t\t\t\t\t\t<\/div>\n\t\t\t\t<\/div>\n\t\t\t\t\t<\/div>\n\t\t<\/div>\n\t\t\t\t\t<\/div>\n\t\t<\/section>\n\t\t\t\t<section class=\"elementor-section elementor-top-section elementor-element elementor-element-86a4ed8 elementor-section-full_width elementor-section-height-default elementor-section-height-default\" data-id=\"86a4ed8\" data-element_type=\"section\" data-e-type=\"section\">\n\t\t\t\t\t\t<div class=\"elementor-container elementor-column-gap-default\">\n\t\t\t\t\t<div class=\"elementor-column elementor-col-100 elementor-top-column elementor-element elementor-element-9981440\" data-id=\"9981440\" data-element_type=\"column\" data-e-type=\"column\">\n\t\t\t<div class=\"elementor-widget-wrap elementor-element-populated\">\n\t\t\t\t\t\t<div class=\"elementor-element elementor-element-0364fa3 elementor-widget elementor-widget-heading\" data-id=\"0364fa3\" data-element_type=\"widget\" data-e-type=\"widget\" data-widget_type=\"heading.default\">\n\t\t\t\t<div class=\"elementor-widget-container\">\n\t\t\t\t\t<h2 class=\"elementor-heading-title elementor-size-default\">ARTICLES RELACIONATS<\/h2>\t\t\t\t<\/div>\n\t\t\t\t<\/div>\n\t\t\t\t<div class=\"elementor-element elementor-element-0874f72 uael-equal__height-yes animated-slow random-color-trigger elementor-invisible elementor-widget elementor-widget-uael-posts\" data-id=\"0874f72\" data-element_type=\"widget\" data-e-type=\"widget\" data-settings=\"{&quot;_animation&quot;:&quot;fadeInUp&quot;,&quot;classic_slides_to_show&quot;:4,&quot;classic_slides_to_show_tablet&quot;:2,&quot;classic_slides_to_show_mobile&quot;:1}\" data-widget_type=\"uael-posts.classic\">\n\t\t\t\t<div class=\"elementor-widget-container\">\n\t\t\t\t\t\t\t<div class=\"uael-post__header\">\n\t\t\t\t\t<\/div>\n\t\t<div class=\"uael-post__body\">\n\t\t\t\n\t\t\n\t\t<div class=\"uael-blog-terms-position-above_content uael-post-image-top uael-post-grid uael-posts\" data-query-type=\"custom\" data-structure=\"normal\" data-layout=\"\" data-page=\"8785\" data-skin=\"classic\" data-filter-default=\"\" data-offset-top=\"30\" >\n\n\t\t\t\t\t\t\t<div class=\"uael-post-grid__inner uael-post__columns-4 uael-post__columns-tablet-2 uael-post__columns-mobile-1\">\n\t\t\t\n<div class=\"uael-post-wrapper   musical-excellency news \">\n\t<div class=\"uael-post__bg-wrap uael-bg-wrap-disabled \">\n\n\t\t\t\t\n\t\t<div class=\"uael-post__inner-wrap uael-inner-wrap-disabled\">\n\n\t\t\t\t<div class=\"uael-post__thumbnail\">\n\t\t\t\n\t\t\t<a href=\"https:\/\/fundacioferrermusica.org\/en\/parlem-amb-un-dels-cinc-duos-guanyadors-de-lied-the-future-2026\/\" target=\"_self\" title=\"We speak with one of the five winning duos of Lied the Future 2026\"><img decoding=\"async\" width=\"500\" height=\"526\" src=\"https:\/\/fundacioferrermusica.org\/wp-content\/uploads\/2026\/04\/Lied-the-Future-Bruno-Meichsner-i-George-Needham-portada.png\" class=\"attachment-full size-full wp-image-10634\" alt=\"\" srcset=\"https:\/\/fundacioferrermusica.org\/wp-content\/uploads\/2026\/04\/Lied-the-Future-Bruno-Meichsner-i-George-Needham-portada.png 500w, https:\/\/fundacioferrermusica.org\/wp-content\/uploads\/2026\/04\/Lied-the-Future-Bruno-Meichsner-i-George-Needham-portada-285x300.png 285w\" sizes=\"(max-width: 500px) 100vw, 500px\" \/><\/a>\n\t\t\t\t\t<\/div>\n\t\t\n\t\t\t\n\t\t\t<div class=\"uael-post__content-wrap uael-content-wrap-disabled\">\n\t\t\t\t\t\t\t<div class=\"uael-post__terms-wrap\"><span class=\"uael-post__terms\"><span class=\"uael-listing__terms-link\">Musical excellency<\/span><\/span><\/div>\n\t\t\t\t\n\t\t<div class=\"uael-post__excerpt\">\n\t\t\tWe speak with one of the ...\t\t<\/div>\n\n\t\t\t\t\t<\/div>\n\t\t\t\n\t\t<\/div>\n\t\t\n\t<\/div>\n\n<\/div>\n\n<div class=\"uael-post-wrapper   musical-excellency news \">\n\t<div class=\"uael-post__bg-wrap uael-bg-wrap-disabled \">\n\n\t\t\t\t\n\t\t<div class=\"uael-post__inner-wrap uael-inner-wrap-disabled\">\n\n\t\t\t\t<div class=\"uael-post__thumbnail\">\n\t\t\t\n\t\t\t<a href=\"https:\/\/fundacioferrermusica.org\/en\/students-from-the-primary-and-secondary-music-programme-take-part-in-liceu-familiar\/\" target=\"_self\" title=\"Students from the Primary and Secondary Music Programme take part in Liceu Familiar\"><img decoding=\"async\" width=\"500\" height=\"526\" src=\"https:\/\/fundacioferrermusica.org\/wp-content\/uploads\/2026\/03\/Liceu-Familiar-portada.png\" class=\"attachment-full size-full wp-image-10580\" alt=\"\" srcset=\"https:\/\/fundacioferrermusica.org\/wp-content\/uploads\/2026\/03\/Liceu-Familiar-portada.png 500w, https:\/\/fundacioferrermusica.org\/wp-content\/uploads\/2026\/03\/Liceu-Familiar-portada-285x300.png 285w\" sizes=\"(max-width: 500px) 100vw, 500px\" \/><\/a>\n\t\t\t\t\t<\/div>\n\t\t\n\t\t\t\n\t\t\t<div class=\"uael-post__content-wrap uael-content-wrap-disabled\">\n\t\t\t\t\t\t\t<div class=\"uael-post__terms-wrap\"><span class=\"uael-post__terms\"><span class=\"uael-listing__terms-link\">Musical excellency<\/span><\/span><\/div>\n\t\t\t\t\n\t\t<div class=\"uael-post__excerpt\">\n\t\t\tStudents from the Primary and Secondary ...\t\t<\/div>\n\n\t\t\t\t\t<\/div>\n\t\t\t\n\t\t<\/div>\n\t\t\n\t<\/div>\n\n<\/div>\n\n<div class=\"uael-post-wrapper   musical-excellency news \">\n\t<div class=\"uael-post__bg-wrap uael-bg-wrap-disabled \">\n\n\t\t\t\t\n\t\t<div class=\"uael-post__inner-wrap uael-inner-wrap-disabled\">\n\n\t\t\t\t<div class=\"uael-post__thumbnail\">\n\t\t\t\n\t\t\t<a href=\"https:\/\/fundacioferrermusica.org\/en\/impulsem-el-talent-emergent-amb-el-premi-extraordinari-del-concurs-tenor-vinas-2026\/\" target=\"_self\" title=\"We promote emerging talent through the Extraordinary Prize of the Tenor Vi\u00f1as Contest 2026\"><img loading=\"lazy\" decoding=\"async\" width=\"500\" height=\"526\" src=\"https:\/\/fundacioferrermusica.org\/wp-content\/uploads\/2026\/03\/Portada-web-Tenor-Vinas.png\" class=\"attachment-full size-full wp-image-10520\" alt=\"\" srcset=\"https:\/\/fundacioferrermusica.org\/wp-content\/uploads\/2026\/03\/Portada-web-Tenor-Vinas.png 500w, https:\/\/fundacioferrermusica.org\/wp-content\/uploads\/2026\/03\/Portada-web-Tenor-Vinas-285x300.png 285w\" sizes=\"(max-width: 500px) 100vw, 500px\" \/><\/a>\n\t\t\t\t\t<\/div>\n\t\t\n\t\t\t\n\t\t\t<div class=\"uael-post__content-wrap uael-content-wrap-disabled\">\n\t\t\t\t\t\t\t<div class=\"uael-post__terms-wrap\"><span class=\"uael-post__terms\"><span class=\"uael-listing__terms-link\">Musical excellency<\/span><\/span><\/div>\n\t\t\t\t\n\t\t<div class=\"uael-post__excerpt\">\n\t\t\tWe promote emerging talent through the ...\t\t<\/div>\n\n\t\t\t\t\t<\/div>\n\t\t\t\n\t\t<\/div>\n\t\t\n\t<\/div>\n\n<\/div>\n\n<div class=\"uael-post-wrapper   musical-excellency news \">\n\t<div class=\"uael-post__bg-wrap uael-bg-wrap-disabled \">\n\n\t\t\t\t\n\t\t<div class=\"uael-post__inner-wrap uael-inner-wrap-disabled\">\n\n\t\t\t\t<div class=\"uael-post__thumbnail\">\n\t\t\t\n\t\t\t<a href=\"https:\/\/fundacioferrermusica.org\/en\/lied-the-future-presents-its-programme-at-the-schubertiada\/\" target=\"_self\" title=\"Lied the Future presents its programme at the Schubert\u00edada\"><img loading=\"lazy\" decoding=\"async\" width=\"500\" height=\"526\" src=\"https:\/\/fundacioferrermusica.org\/wp-content\/uploads\/2026\/03\/Portada-web-Schubertiada.png\" class=\"attachment-full size-full wp-image-10547\" alt=\"\" srcset=\"https:\/\/fundacioferrermusica.org\/wp-content\/uploads\/2026\/03\/Portada-web-Schubertiada.png 500w, https:\/\/fundacioferrermusica.org\/wp-content\/uploads\/2026\/03\/Portada-web-Schubertiada-285x300.png 285w\" sizes=\"(max-width: 500px) 100vw, 500px\" \/><\/a>\n\t\t\t\t\t<\/div>\n\t\t\n\t\t\t\n\t\t\t<div class=\"uael-post__content-wrap uael-content-wrap-disabled\">\n\t\t\t\t\t\t\t<div class=\"uael-post__terms-wrap\"><span class=\"uael-post__terms\"><span class=\"uael-listing__terms-link\">Musical excellency<\/span><\/span><\/div>\n\t\t\t\t\n\t\t<div class=\"uael-post__excerpt\">\n\t\t\tLied the Future presents its programme ...\t\t<\/div>\n\n\t\t\t\t\t<\/div>\n\t\t\t\n\t\t<\/div>\n\t\t\n\t<\/div>\n\n<\/div>\n\t\t\t\t<\/div>\n\t\t\t\t\t\t\n\t\t<\/div>\n\n\t\t\t\t\t\t<\/div>\n\t\t<div class=\"uael-post__footer\">\n\t\t\t\t\t<\/div>\n\t\t\t\t\t\t<\/div>\n\t\t\t\t<\/div>\n\t\t\t\t\t<\/div>\n\t\t<\/div>\n\t\t\t\t\t<\/div>\n\t\t<\/section>\n\t\t\t\t<\/div>\n\t\t","protected":false},"excerpt":{"rendered":"<p>Josep Planells Schiaffino Wins the XLII Reina Sof\u00eda Prize for Musical Composition The jury of the XLII Reina Sof\u00eda Prize for Musical Composition, composed of Mario Carro, Raquel Garc\u00eda-Tom\u00e1s, Fabi\u00e0 Santcovsky, and Jes\u00fas Rueda, and chaired by Philippe Manoury, has awarded this edition\u2019s prize to Metalepsis by Josep Planells Schiaffino. The decision was made after [&hellip;]<\/p>\n","protected":false},"author":5,"featured_media":8770,"comment_status":"closed","ping_status":"closed","sticky":false,"template":"","format":"standard","meta":{"site-sidebar-layout":"default","site-content-layout":"","ast-site-content-layout":"default","site-content-style":"default","site-sidebar-style":"default","ast-global-header-display":"","ast-banner-title-visibility":"","ast-main-header-display":"","ast-hfb-above-header-display":"","ast-hfb-below-header-display":"","ast-hfb-mobile-header-display":"","site-post-title":"","ast-breadcrumbs-content":"","ast-featured-img":"","footer-sml-layout":"","ast-disable-related-posts":"","theme-transparent-header-meta":"default","adv-header-id-meta":"","stick-header-meta":"default","header-above-stick-meta":"","header-main-stick-meta":"","header-below-stick-meta":"","astra-migrate-meta-layouts":"set","ast-page-background-enabled":"default","ast-page-background-meta":{"desktop":{"background-color":"var(--ast-global-color-4)","background-image":"","background-repeat":"repeat","background-position":"center center","background-size":"auto","background-attachment":"scroll","background-type":"","background-media":"","overlay-type":"","overlay-color":"","overlay-opacity":"","overlay-gradient":""},"tablet":{"background-color":"","background-image":"","background-repeat":"repeat","background-position":"center center","background-size":"auto","background-attachment":"scroll","background-type":"","background-media":"","overlay-type":"","overlay-color":"","overlay-opacity":"","overlay-gradient":""},"mobile":{"background-color":"","background-image":"","background-repeat":"repeat","background-position":"center center","background-size":"auto","background-attachment":"scroll","background-type":"","background-media":"","overlay-type":"","overlay-color":"","overlay-opacity":"","overlay-gradient":""}},"ast-content-background-meta":{"desktop":{"background-color":"var(--ast-global-color-5)","background-image":"","background-repeat":"repeat","background-position":"center center","background-size":"auto","background-attachment":"scroll","background-type":"","background-media":"","overlay-type":"","overlay-color":"","overlay-opacity":"","overlay-gradient":""},"tablet":{"background-color":"var(--ast-global-color-5)","background-image":"","background-repeat":"repeat","background-position":"center center","background-size":"auto","background-attachment":"scroll","background-type":"","background-media":"","overlay-type":"","overlay-color":"","overlay-opacity":"","overlay-gradient":""},"mobile":{"background-color":"var(--ast-global-color-5)","background-image":"","background-repeat":"repeat","background-position":"center center","background-size":"auto","background-attachment":"scroll","background-type":"","background-media":"","overlay-type":"","overlay-color":"","overlay-opacity":"","overlay-gradient":""}},"footnotes":""},"categories":[39,25,37],"tags":[],"class_list":["post-8785","post","type-post","status-publish","format-standard","has-post-thumbnail","hentry","category-musical-excellency","category-noticies-en","category-reina-sofia-award"],"yoast_head":"<!-- This site is optimized with the Yoast SEO plugin v27.2 - https:\/\/yoast.com\/product\/yoast-seo-wordpress\/ -->\n<title>Josep Planells Schiaffino guanya el XLII Premi Reina Sofia de Composici\u00f3 Musical<\/title>\n<meta name=\"description\" content=\"Organized annually since 1982 by the Ferrer-Salat Music Foundation, the Reina Sof\u00eda Prize for Musical Composition aims to promote the creation of symphonic music and ensure the viability of composers&#039; work by encouraging their pieces to be performed and heard. With great international prestige, it is the best-endowed prize in its category in Europe, with an award of \u20ac100,000.\" \/>\n<meta name=\"robots\" content=\"index, follow, max-snippet:-1, max-image-preview:large, max-video-preview:-1\" \/>\n<link rel=\"canonical\" href=\"https:\/\/fundacioferrermusica.org\/en\/josep-planells-schiaffino-guanya-el-xlii-premi-reina-sofia-de-composicio-musical\/\" \/>\n<meta property=\"og:locale\" content=\"en_US\" \/>\n<meta property=\"og:type\" content=\"article\" \/>\n<meta property=\"og:title\" content=\"Josep Planells Schiaffino guanya el XLII Premi Reina Sofia de Composici\u00f3 Musical\" \/>\n<meta property=\"og:description\" content=\"Organized annually since 1982 by the Ferrer-Salat Music Foundation, the Reina Sof\u00eda Prize for Musical Composition aims to promote the creation of symphonic music and ensure the viability of composers&#039; work by encouraging their pieces to be performed and heard. With great international prestige, it is the best-endowed prize in its category in Europe, with an award of \u20ac100,000.\" \/>\n<meta property=\"og:url\" content=\"https:\/\/fundacioferrermusica.org\/en\/josep-planells-schiaffino-guanya-el-xlii-premi-reina-sofia-de-composicio-musical\/\" \/>\n<meta property=\"og:site_name\" content=\"Fundaci\u00f3 de M\u00fasica Ferrer-Salat\" \/>\n<meta property=\"article:published_time\" content=\"2025-02-24T11:20:08+00:00\" \/>\n<meta property=\"article:modified_time\" content=\"2025-02-24T16:09:28+00:00\" \/>\n<meta property=\"og:image\" content=\"https:\/\/fundacioferrermusica.org\/wp-content\/uploads\/2025\/02\/ESD_2872-scaled-e1740399718513.jpg\" \/>\n\t<meta property=\"og:image:width\" content=\"2560\" \/>\n\t<meta property=\"og:image:height\" content=\"1707\" \/>\n\t<meta property=\"og:image:type\" content=\"image\/jpeg\" \/>\n<meta name=\"author\" content=\"fundacions ferrer\" \/>\n<meta name=\"twitter:card\" content=\"summary_large_image\" \/>\n<meta name=\"twitter:label1\" content=\"Written by\" \/>\n\t<meta name=\"twitter:data1\" content=\"fundacions ferrer\" \/>\n\t<meta name=\"twitter:label2\" content=\"Est. reading time\" \/>\n\t<meta name=\"twitter:data2\" content=\"5 minutes\" \/>\n<script type=\"application\/ld+json\" class=\"yoast-schema-graph\">{\"@context\":\"https:\/\/schema.org\",\"@graph\":[{\"@type\":\"Article\",\"@id\":\"https:\/\/fundacioferrermusica.org\/en\/josep-planells-schiaffino-guanya-el-xlii-premi-reina-sofia-de-composicio-musical\/#article\",\"isPartOf\":{\"@id\":\"https:\/\/fundacioferrermusica.org\/en\/josep-planells-schiaffino-guanya-el-xlii-premi-reina-sofia-de-composicio-musical\/\"},\"author\":{\"name\":\"fundacions ferrer\",\"@id\":\"https:\/\/fundacioferrermusica.org\/#\/schema\/person\/1a47f90b7dd69b6280722b334dc8aaa4\"},\"headline\":\"Josep Planells Schiaffino Wins the XLII Reina Sof\u00eda Prize for Musical Composition\",\"datePublished\":\"2025-02-24T11:20:08+00:00\",\"dateModified\":\"2025-02-24T16:09:28+00:00\",\"mainEntityOfPage\":{\"@id\":\"https:\/\/fundacioferrermusica.org\/en\/josep-planells-schiaffino-guanya-el-xlii-premi-reina-sofia-de-composicio-musical\/\"},\"wordCount\":615,\"publisher\":{\"@id\":\"https:\/\/fundacioferrermusica.org\/#organization\"},\"image\":{\"@id\":\"https:\/\/fundacioferrermusica.org\/en\/josep-planells-schiaffino-guanya-el-xlii-premi-reina-sofia-de-composicio-musical\/#primaryimage\"},\"thumbnailUrl\":\"https:\/\/fundacioferrermusica.org\/wp-content\/uploads\/2025\/02\/ESD_2872-scaled-e1740399718513.jpg\",\"articleSection\":[\"Musical excellency\",\"News\",\"Reina Sofia Award\"],\"inLanguage\":\"en-US\"},{\"@type\":\"WebPage\",\"@id\":\"https:\/\/fundacioferrermusica.org\/en\/josep-planells-schiaffino-guanya-el-xlii-premi-reina-sofia-de-composicio-musical\/\",\"url\":\"https:\/\/fundacioferrermusica.org\/en\/josep-planells-schiaffino-guanya-el-xlii-premi-reina-sofia-de-composicio-musical\/\",\"name\":\"Josep Planells Schiaffino guanya el XLII Premi Reina Sofia de Composici\u00f3 Musical\",\"isPartOf\":{\"@id\":\"https:\/\/fundacioferrermusica.org\/#website\"},\"primaryImageOfPage\":{\"@id\":\"https:\/\/fundacioferrermusica.org\/en\/josep-planells-schiaffino-guanya-el-xlii-premi-reina-sofia-de-composicio-musical\/#primaryimage\"},\"image\":{\"@id\":\"https:\/\/fundacioferrermusica.org\/en\/josep-planells-schiaffino-guanya-el-xlii-premi-reina-sofia-de-composicio-musical\/#primaryimage\"},\"thumbnailUrl\":\"https:\/\/fundacioferrermusica.org\/wp-content\/uploads\/2025\/02\/ESD_2872-scaled-e1740399718513.jpg\",\"datePublished\":\"2025-02-24T11:20:08+00:00\",\"dateModified\":\"2025-02-24T16:09:28+00:00\",\"description\":\"Organized annually since 1982 by the Ferrer-Salat Music Foundation, the Reina Sof\u00eda Prize for Musical Composition aims to promote the creation of symphonic music and ensure the viability of composers' work by encouraging their pieces to be performed and heard. With great international prestige, it is the best-endowed prize in its category in Europe, with an award of \u20ac100,000.\",\"breadcrumb\":{\"@id\":\"https:\/\/fundacioferrermusica.org\/en\/josep-planells-schiaffino-guanya-el-xlii-premi-reina-sofia-de-composicio-musical\/#breadcrumb\"},\"inLanguage\":\"en-US\",\"potentialAction\":[{\"@type\":\"ReadAction\",\"target\":[\"https:\/\/fundacioferrermusica.org\/en\/josep-planells-schiaffino-guanya-el-xlii-premi-reina-sofia-de-composicio-musical\/\"]}]},{\"@type\":\"ImageObject\",\"inLanguage\":\"en-US\",\"@id\":\"https:\/\/fundacioferrermusica.org\/en\/josep-planells-schiaffino-guanya-el-xlii-premi-reina-sofia-de-composicio-musical\/#primaryimage\",\"url\":\"https:\/\/fundacioferrermusica.org\/wp-content\/uploads\/2025\/02\/ESD_2872-scaled-e1740399718513.jpg\",\"contentUrl\":\"https:\/\/fundacioferrermusica.org\/wp-content\/uploads\/2025\/02\/ESD_2872-scaled-e1740399718513.jpg\",\"width\":2560,\"height\":1707},{\"@type\":\"BreadcrumbList\",\"@id\":\"https:\/\/fundacioferrermusica.org\/en\/josep-planells-schiaffino-guanya-el-xlii-premi-reina-sofia-de-composicio-musical\/#breadcrumb\",\"itemListElement\":[{\"@type\":\"ListItem\",\"position\":1,\"name\":\"Inici\",\"item\":\"https:\/\/fundacioferrermusica.org\/\"},{\"@type\":\"ListItem\",\"position\":2,\"name\":\"Josep Planells Schiaffino Wins the XLII Reina Sof\u00eda Prize for Musical Composition\"}]},{\"@type\":\"WebSite\",\"@id\":\"https:\/\/fundacioferrermusica.org\/#website\",\"url\":\"https:\/\/fundacioferrermusica.org\/\",\"name\":\"Fundaci\u00f3 de M\u00fasica Ferrer-Salat\",\"description\":\"40 anys generant oportunitats a trav\u00e9s de la m\u00fasica\",\"publisher\":{\"@id\":\"https:\/\/fundacioferrermusica.org\/#organization\"},\"potentialAction\":[{\"@type\":\"SearchAction\",\"target\":{\"@type\":\"EntryPoint\",\"urlTemplate\":\"https:\/\/fundacioferrermusica.org\/?s={search_term_string}\"},\"query-input\":{\"@type\":\"PropertyValueSpecification\",\"valueRequired\":true,\"valueName\":\"search_term_string\"}}],\"inLanguage\":\"en-US\"},{\"@type\":\"Organization\",\"@id\":\"https:\/\/fundacioferrermusica.org\/#organization\",\"name\":\"Fundaci\u00f3 de M\u00fasica Ferrer-Salat\",\"url\":\"https:\/\/fundacioferrermusica.org\/\",\"logo\":{\"@type\":\"ImageObject\",\"inLanguage\":\"en-US\",\"@id\":\"https:\/\/fundacioferrermusica.org\/#\/schema\/logo\/image\/\",\"url\":\"https:\/\/fundacioferrermusica.org\/wp-content\/uploads\/2022\/06\/cropped-FundacioMusicaFerrerSalat.png\",\"contentUrl\":\"https:\/\/fundacioferrermusica.org\/wp-content\/uploads\/2022\/06\/cropped-FundacioMusicaFerrerSalat.png\",\"width\":160,\"height\":53,\"caption\":\"Fundaci\u00f3 de M\u00fasica Ferrer-Salat\"},\"image\":{\"@id\":\"https:\/\/fundacioferrermusica.org\/#\/schema\/logo\/image\/\"}},{\"@type\":\"Person\",\"@id\":\"https:\/\/fundacioferrermusica.org\/#\/schema\/person\/1a47f90b7dd69b6280722b334dc8aaa4\",\"name\":\"fundacions ferrer\",\"image\":{\"@type\":\"ImageObject\",\"inLanguage\":\"en-US\",\"@id\":\"https:\/\/secure.gravatar.com\/avatar\/f45112a06cf0712b691961a6b47b71052b08d7b8f73c884aed3bef26c4770826?s=96&d=mm&r=g\",\"url\":\"https:\/\/secure.gravatar.com\/avatar\/f45112a06cf0712b691961a6b47b71052b08d7b8f73c884aed3bef26c4770826?s=96&d=mm&r=g\",\"contentUrl\":\"https:\/\/secure.gravatar.com\/avatar\/f45112a06cf0712b691961a6b47b71052b08d7b8f73c884aed3bef26c4770826?s=96&d=mm&r=g\",\"caption\":\"fundacions ferrer\"},\"url\":\"https:\/\/fundacioferrermusica.org\/en\/author\/socialmedia\/\"}]}<\/script>\n<!-- \/ Yoast SEO plugin. -->","yoast_head_json":{"title":"Josep Planells Schiaffino guanya el XLII Premi Reina Sofia de Composici\u00f3 Musical","description":"Organized annually since 1982 by the Ferrer-Salat Music Foundation, the Reina Sof\u00eda Prize for Musical Composition aims to promote the creation of symphonic music and ensure the viability of composers' work by encouraging their pieces to be performed and heard. With great international prestige, it is the best-endowed prize in its category in Europe, with an award of \u20ac100,000.","robots":{"index":"index","follow":"follow","max-snippet":"max-snippet:-1","max-image-preview":"max-image-preview:large","max-video-preview":"max-video-preview:-1"},"canonical":"https:\/\/fundacioferrermusica.org\/en\/josep-planells-schiaffino-guanya-el-xlii-premi-reina-sofia-de-composicio-musical\/","og_locale":"en_US","og_type":"article","og_title":"Josep Planells Schiaffino guanya el XLII Premi Reina Sofia de Composici\u00f3 Musical","og_description":"Organized annually since 1982 by the Ferrer-Salat Music Foundation, the Reina Sof\u00eda Prize for Musical Composition aims to promote the creation of symphonic music and ensure the viability of composers' work by encouraging their pieces to be performed and heard. With great international prestige, it is the best-endowed prize in its category in Europe, with an award of \u20ac100,000.","og_url":"https:\/\/fundacioferrermusica.org\/en\/josep-planells-schiaffino-guanya-el-xlii-premi-reina-sofia-de-composicio-musical\/","og_site_name":"Fundaci\u00f3 de M\u00fasica Ferrer-Salat","article_published_time":"2025-02-24T11:20:08+00:00","article_modified_time":"2025-02-24T16:09:28+00:00","og_image":[{"width":2560,"height":1707,"url":"https:\/\/fundacioferrermusica.org\/wp-content\/uploads\/2025\/02\/ESD_2872-scaled-e1740399718513.jpg","type":"image\/jpeg"}],"author":"fundacions ferrer","twitter_card":"summary_large_image","twitter_misc":{"Written by":"fundacions ferrer","Est. reading time":"5 minutes"},"schema":{"@context":"https:\/\/schema.org","@graph":[{"@type":"Article","@id":"https:\/\/fundacioferrermusica.org\/en\/josep-planells-schiaffino-guanya-el-xlii-premi-reina-sofia-de-composicio-musical\/#article","isPartOf":{"@id":"https:\/\/fundacioferrermusica.org\/en\/josep-planells-schiaffino-guanya-el-xlii-premi-reina-sofia-de-composicio-musical\/"},"author":{"name":"fundacions ferrer","@id":"https:\/\/fundacioferrermusica.org\/#\/schema\/person\/1a47f90b7dd69b6280722b334dc8aaa4"},"headline":"Josep Planells Schiaffino Wins the XLII Reina Sof\u00eda Prize for Musical Composition","datePublished":"2025-02-24T11:20:08+00:00","dateModified":"2025-02-24T16:09:28+00:00","mainEntityOfPage":{"@id":"https:\/\/fundacioferrermusica.org\/en\/josep-planells-schiaffino-guanya-el-xlii-premi-reina-sofia-de-composicio-musical\/"},"wordCount":615,"publisher":{"@id":"https:\/\/fundacioferrermusica.org\/#organization"},"image":{"@id":"https:\/\/fundacioferrermusica.org\/en\/josep-planells-schiaffino-guanya-el-xlii-premi-reina-sofia-de-composicio-musical\/#primaryimage"},"thumbnailUrl":"https:\/\/fundacioferrermusica.org\/wp-content\/uploads\/2025\/02\/ESD_2872-scaled-e1740399718513.jpg","articleSection":["Musical excellency","News","Reina Sofia Award"],"inLanguage":"en-US"},{"@type":"WebPage","@id":"https:\/\/fundacioferrermusica.org\/en\/josep-planells-schiaffino-guanya-el-xlii-premi-reina-sofia-de-composicio-musical\/","url":"https:\/\/fundacioferrermusica.org\/en\/josep-planells-schiaffino-guanya-el-xlii-premi-reina-sofia-de-composicio-musical\/","name":"Josep Planells Schiaffino guanya el XLII Premi Reina Sofia de Composici\u00f3 Musical","isPartOf":{"@id":"https:\/\/fundacioferrermusica.org\/#website"},"primaryImageOfPage":{"@id":"https:\/\/fundacioferrermusica.org\/en\/josep-planells-schiaffino-guanya-el-xlii-premi-reina-sofia-de-composicio-musical\/#primaryimage"},"image":{"@id":"https:\/\/fundacioferrermusica.org\/en\/josep-planells-schiaffino-guanya-el-xlii-premi-reina-sofia-de-composicio-musical\/#primaryimage"},"thumbnailUrl":"https:\/\/fundacioferrermusica.org\/wp-content\/uploads\/2025\/02\/ESD_2872-scaled-e1740399718513.jpg","datePublished":"2025-02-24T11:20:08+00:00","dateModified":"2025-02-24T16:09:28+00:00","description":"Organized annually since 1982 by the Ferrer-Salat Music Foundation, the Reina Sof\u00eda Prize for Musical Composition aims to promote the creation of symphonic music and ensure the viability of composers' work by encouraging their pieces to be performed and heard. With great international prestige, it is the best-endowed prize in its category in Europe, with an award of \u20ac100,000.","breadcrumb":{"@id":"https:\/\/fundacioferrermusica.org\/en\/josep-planells-schiaffino-guanya-el-xlii-premi-reina-sofia-de-composicio-musical\/#breadcrumb"},"inLanguage":"en-US","potentialAction":[{"@type":"ReadAction","target":["https:\/\/fundacioferrermusica.org\/en\/josep-planells-schiaffino-guanya-el-xlii-premi-reina-sofia-de-composicio-musical\/"]}]},{"@type":"ImageObject","inLanguage":"en-US","@id":"https:\/\/fundacioferrermusica.org\/en\/josep-planells-schiaffino-guanya-el-xlii-premi-reina-sofia-de-composicio-musical\/#primaryimage","url":"https:\/\/fundacioferrermusica.org\/wp-content\/uploads\/2025\/02\/ESD_2872-scaled-e1740399718513.jpg","contentUrl":"https:\/\/fundacioferrermusica.org\/wp-content\/uploads\/2025\/02\/ESD_2872-scaled-e1740399718513.jpg","width":2560,"height":1707},{"@type":"BreadcrumbList","@id":"https:\/\/fundacioferrermusica.org\/en\/josep-planells-schiaffino-guanya-el-xlii-premi-reina-sofia-de-composicio-musical\/#breadcrumb","itemListElement":[{"@type":"ListItem","position":1,"name":"Inici","item":"https:\/\/fundacioferrermusica.org\/"},{"@type":"ListItem","position":2,"name":"Josep Planells Schiaffino Wins the XLII Reina Sof\u00eda Prize for Musical Composition"}]},{"@type":"WebSite","@id":"https:\/\/fundacioferrermusica.org\/#website","url":"https:\/\/fundacioferrermusica.org\/","name":"Fundaci\u00f3 de M\u00fasica Ferrer-Salat","description":"40 anys generant oportunitats a trav\u00e9s de la m\u00fasica","publisher":{"@id":"https:\/\/fundacioferrermusica.org\/#organization"},"potentialAction":[{"@type":"SearchAction","target":{"@type":"EntryPoint","urlTemplate":"https:\/\/fundacioferrermusica.org\/?s={search_term_string}"},"query-input":{"@type":"PropertyValueSpecification","valueRequired":true,"valueName":"search_term_string"}}],"inLanguage":"en-US"},{"@type":"Organization","@id":"https:\/\/fundacioferrermusica.org\/#organization","name":"Fundaci\u00f3 de M\u00fasica Ferrer-Salat","url":"https:\/\/fundacioferrermusica.org\/","logo":{"@type":"ImageObject","inLanguage":"en-US","@id":"https:\/\/fundacioferrermusica.org\/#\/schema\/logo\/image\/","url":"https:\/\/fundacioferrermusica.org\/wp-content\/uploads\/2022\/06\/cropped-FundacioMusicaFerrerSalat.png","contentUrl":"https:\/\/fundacioferrermusica.org\/wp-content\/uploads\/2022\/06\/cropped-FundacioMusicaFerrerSalat.png","width":160,"height":53,"caption":"Fundaci\u00f3 de M\u00fasica Ferrer-Salat"},"image":{"@id":"https:\/\/fundacioferrermusica.org\/#\/schema\/logo\/image\/"}},{"@type":"Person","@id":"https:\/\/fundacioferrermusica.org\/#\/schema\/person\/1a47f90b7dd69b6280722b334dc8aaa4","name":"fundacions ferrer","image":{"@type":"ImageObject","inLanguage":"en-US","@id":"https:\/\/secure.gravatar.com\/avatar\/f45112a06cf0712b691961a6b47b71052b08d7b8f73c884aed3bef26c4770826?s=96&d=mm&r=g","url":"https:\/\/secure.gravatar.com\/avatar\/f45112a06cf0712b691961a6b47b71052b08d7b8f73c884aed3bef26c4770826?s=96&d=mm&r=g","contentUrl":"https:\/\/secure.gravatar.com\/avatar\/f45112a06cf0712b691961a6b47b71052b08d7b8f73c884aed3bef26c4770826?s=96&d=mm&r=g","caption":"fundacions ferrer"},"url":"https:\/\/fundacioferrermusica.org\/en\/author\/socialmedia\/"}]}},"_links":{"self":[{"href":"https:\/\/fundacioferrermusica.org\/en\/wp-json\/wp\/v2\/posts\/8785","targetHints":{"allow":["GET"]}}],"collection":[{"href":"https:\/\/fundacioferrermusica.org\/en\/wp-json\/wp\/v2\/posts"}],"about":[{"href":"https:\/\/fundacioferrermusica.org\/en\/wp-json\/wp\/v2\/types\/post"}],"author":[{"embeddable":true,"href":"https:\/\/fundacioferrermusica.org\/en\/wp-json\/wp\/v2\/users\/5"}],"replies":[{"embeddable":true,"href":"https:\/\/fundacioferrermusica.org\/en\/wp-json\/wp\/v2\/comments?post=8785"}],"version-history":[{"count":5,"href":"https:\/\/fundacioferrermusica.org\/en\/wp-json\/wp\/v2\/posts\/8785\/revisions"}],"predecessor-version":[{"id":8791,"href":"https:\/\/fundacioferrermusica.org\/en\/wp-json\/wp\/v2\/posts\/8785\/revisions\/8791"}],"wp:featuredmedia":[{"embeddable":true,"href":"https:\/\/fundacioferrermusica.org\/en\/wp-json\/wp\/v2\/media\/8770"}],"wp:attachment":[{"href":"https:\/\/fundacioferrermusica.org\/en\/wp-json\/wp\/v2\/media?parent=8785"}],"wp:term":[{"taxonomy":"category","embeddable":true,"href":"https:\/\/fundacioferrermusica.org\/en\/wp-json\/wp\/v2\/categories?post=8785"},{"taxonomy":"post_tag","embeddable":true,"href":"https:\/\/fundacioferrermusica.org\/en\/wp-json\/wp\/v2\/tags?post=8785"}],"curies":[{"name":"wp","href":"https:\/\/api.w.org\/{rel}","templated":true}]}}