{"id":6307,"date":"2023-02-23T10:00:11","date_gmt":"2023-02-23T10:00:11","guid":{"rendered":"https:\/\/fundaciomusicaferrersalat.awspreferrer.com\/oberta-convocatoria-2023-2024-de-les-beques-ferrer-salat-conservatori-liceu-a-lexcellencia-musical\/"},"modified":"2023-02-23T14:40:35","modified_gmt":"2023-02-23T14:40:35","slug":"oberta-convocatoria-2023-2024-de-les-beques-ferrer-salat-conservatori-liceu-a-lexcellencia-musical","status":"publish","type":"post","link":"https:\/\/fundacioferrermusica.org\/en\/oberta-convocatoria-2023-2024-de-les-beques-ferrer-salat-conservatori-liceu-a-lexcellencia-musical\/","title":{"rendered":"Call open for the 2023-2024 Ferrer-Salat\/Liceu Conservatory Scholarships for musical excellence"},"content":{"rendered":"\t\t<div data-elementor-type=\"wp-post\" data-elementor-id=\"6307\" class=\"elementor elementor-6307 elementor-6285\" data-elementor-post-type=\"post\">\n\t\t\t\t\t\t<section class=\"elementor-section elementor-top-section elementor-element elementor-element-6999563 elementor-section-full_width top-title elementor-section-height-default elementor-section-height-default\" data-id=\"6999563\" data-element_type=\"section\" data-e-type=\"section\">\n\t\t\t\t\t\t<div class=\"elementor-container elementor-column-gap-default\">\n\t\t\t\t\t<div class=\"elementor-column elementor-col-100 elementor-top-column elementor-element elementor-element-b778990\" data-id=\"b778990\" data-element_type=\"column\" data-e-type=\"column\">\n\t\t\t<div class=\"elementor-widget-wrap elementor-element-populated\">\n\t\t\t\t\t\t<div class=\"elementor-element elementor-element-5f43cab elementor-widget elementor-widget-heading\" data-id=\"5f43cab\" data-element_type=\"widget\" data-e-type=\"widget\" data-widget_type=\"heading.default\">\n\t\t\t\t<div class=\"elementor-widget-container\">\n\t\t\t\t\t<h1 class=\"elementor-heading-title elementor-size-default\">Call open for the 2023-2024 Ferrer-Salat\/Liceu Conservatory Scholarships for musical excellence <\/h1>\t\t\t\t<\/div>\n\t\t\t\t<\/div>\n\t\t\t\t\t<\/div>\n\t\t<\/div>\n\t\t\t\t\t<\/div>\n\t\t<\/section>\n\t\t\t\t<section class=\"elementor-section elementor-top-section elementor-element elementor-element-53bf974 elementor-section-full_width elementor-section-height-default elementor-section-height-default\" data-id=\"53bf974\" data-element_type=\"section\" data-e-type=\"section\">\n\t\t\t\t\t\t<div class=\"elementor-container elementor-column-gap-default\">\n\t\t\t\t\t<div class=\"elementor-column elementor-col-50 elementor-top-column elementor-element elementor-element-d2d2b77\" data-id=\"d2d2b77\" data-element_type=\"column\" data-e-type=\"column\">\n\t\t\t<div class=\"elementor-widget-wrap elementor-element-populated\">\n\t\t\t\t\t\t<div class=\"elementor-element elementor-element-ff31460 elementor-widget elementor-widget-image\" data-id=\"ff31460\" data-element_type=\"widget\" data-e-type=\"widget\" data-widget_type=\"image.default\">\n\t\t\t\t<div class=\"elementor-widget-container\">\n\t\t\t\t\t\t\t\t\t\t\t\t\t\t\t<img fetchpriority=\"high\" decoding=\"async\" width=\"802\" height=\"846\" src=\"https:\/\/fundacioferrermusica.org\/wp-content\/uploads\/2023\/02\/becasFFS-Liceu-2023G.jpg\" class=\"attachment-full size-full wp-image-6322\" alt=\"\" srcset=\"https:\/\/fundacioferrermusica.org\/wp-content\/uploads\/2023\/02\/becasFFS-Liceu-2023G.jpg 802w, https:\/\/fundacioferrermusica.org\/wp-content\/uploads\/2023\/02\/becasFFS-Liceu-2023G-284x300.jpg 284w, https:\/\/fundacioferrermusica.org\/wp-content\/uploads\/2023\/02\/becasFFS-Liceu-2023G-768x810.jpg 768w\" sizes=\"(max-width: 802px) 100vw, 802px\" \/>\t\t\t\t\t\t\t\t\t\t\t\t\t\t\t<\/div>\n\t\t\t\t<\/div>\n\t\t\t\t\t<\/div>\n\t\t<\/div>\n\t\t\t\t<div class=\"elementor-column elementor-col-50 elementor-top-column elementor-element elementor-element-a98c464\" data-id=\"a98c464\" data-element_type=\"column\" data-e-type=\"column\">\n\t\t\t<div class=\"elementor-widget-wrap elementor-element-populated\">\n\t\t\t\t\t\t<div class=\"elementor-element elementor-element-5abb12b elementor-widget elementor-widget-heading\" data-id=\"5abb12b\" data-element_type=\"widget\" data-e-type=\"widget\" data-widget_type=\"heading.default\">\n\t\t\t\t<div class=\"elementor-widget-container\">\n\t\t\t\t\t<h2 class=\"elementor-heading-title elementor-size-default\">The call is open for the XIV edition of the Ferrer-Salat\/Liceu Conservatory Scholarships, promoted by the Ferrer-Salat Music Foundation in collaboration with the Liceu Conservatory.<\/h2>\t\t\t\t<\/div>\n\t\t\t\t<\/div>\n\t\t\t\t<section class=\"elementor-section elementor-inner-section elementor-element elementor-element-5e915ea elementor-section-boxed elementor-section-height-default elementor-section-height-default\" data-id=\"5e915ea\" data-element_type=\"section\" data-e-type=\"section\">\n\t\t\t\t\t\t<div class=\"elementor-container elementor-column-gap-default\">\n\t\t\t\t\t<div class=\"elementor-column elementor-col-50 elementor-inner-column elementor-element elementor-element-75c53db\" data-id=\"75c53db\" data-element_type=\"column\" data-e-type=\"column\">\n\t\t\t<div class=\"elementor-widget-wrap elementor-element-populated\">\n\t\t\t\t\t\t<div class=\"elementor-element elementor-element-f129f27 elementor-widget elementor-widget-image\" data-id=\"f129f27\" data-element_type=\"widget\" data-e-type=\"widget\" data-widget_type=\"image.default\">\n\t\t\t\t<div class=\"elementor-widget-container\">\n\t\t\t\t\t\t\t\t\t\t\t\t\t\t\t<img decoding=\"async\" width=\"113\" height=\"176\" src=\"https:\/\/fundacioferrermusica.org\/wp-content\/uploads\/2022\/03\/Arrow-right.png\" class=\"attachment-full size-full wp-image-1585\" alt=\"\" \/>\t\t\t\t\t\t\t\t\t\t\t\t\t\t\t<\/div>\n\t\t\t\t<\/div>\n\t\t\t\t\t<\/div>\n\t\t<\/div>\n\t\t\t\t<div class=\"elementor-column elementor-col-50 elementor-inner-column elementor-element elementor-element-0770e0b\" data-id=\"0770e0b\" data-element_type=\"column\" data-e-type=\"column\">\n\t\t\t<div class=\"elementor-widget-wrap elementor-element-populated\">\n\t\t\t\t\t\t<div class=\"elementor-element elementor-element-f07ffa6 elementor-widget elementor-widget-text-editor\" data-id=\"f07ffa6\" data-element_type=\"widget\" data-e-type=\"widget\" data-widget_type=\"text-editor.default\">\n\t\t\t\t<div class=\"elementor-widget-container\">\n\t\t\t\t\t\t\t\t\t<p>The purpose of these scholarships is to promote the talent of young musicians and to highlight the degree of effort and commitment that reaching this level of studies entails. Thanks to the Ferrer-Salat scholarships, students are provided with the opportunity to develop their musical and interpretative skills in a top institution such as the Centre for Higher Education of the Liceu Conservatory, where expert and recognized professors offer a high-level training in a diverse, dynamic, and empowering environment. Scholarship holders will be able to pursue higher education in the fields of Performance (Classical and Contemporary Music, Jazz and Modern Music, Flamenco Guitar), Pedagogy or Composition, in addition to having an extensive program of masterclasses with prestigious and internationally renowned guest professors at their disposal.<\/p><p>In this call for applications, <strong>15 scholarships will be granted to complete the four-year Higher Music Studies<\/strong>, at the beginning of the 2023-2024 academic year. The selected students will have the opportunity to complete the higher education program with the support of the scholarship, provided that their artistic development meets the musical excellence criteria established by the Liceu Conservatory, year after year.<\/p><p>In addition to these four-year scholarships, <strong>20 one-year excellence scholarships <\/strong>are also available to the rest of the students and will be awarded to those who show significant progress and an improvement compared to previous years.<\/p><p><strong>The application deadline for the four-year scholarships is March 20, 2023<\/strong>. Students who wish to apply will find more information, the program&#8217;s scholarships, and the application form on the Liceu Conservatory\u2019s website or by clicking on the following links:<\/p>\t\t\t\t\t\t\t\t<\/div>\n\t\t\t\t<\/div>\n\t\t\t\t<div class=\"elementor-element elementor-element-7f1c9f4 elementor-widget elementor-widget-text-editor\" data-id=\"7f1c9f4\" data-element_type=\"widget\" data-e-type=\"widget\" data-widget_type=\"text-editor.default\">\n\t\t\t\t<div class=\"elementor-widget-container\">\n\t\t\t\t\t\t\t\t\t<p>For the <strong>first stage, candidates will have to submit video recordings and other materials<\/strong>. For the second stage, <strong>auditions will be carried out in person between April 24 and 26<\/strong>.<\/p><p>\u00a0<\/p>\t\t\t\t\t\t\t\t<\/div>\n\t\t\t\t<\/div>\n\t\t\t\t\t<\/div>\n\t\t<\/div>\n\t\t\t\t\t<\/div>\n\t\t<\/section>\n\t\t\t\t<div class=\"elementor-element elementor-element-a9154b7 elementor-widget elementor-widget-spacer\" data-id=\"a9154b7\" data-element_type=\"widget\" data-e-type=\"widget\" data-widget_type=\"spacer.default\">\n\t\t\t\t<div class=\"elementor-widget-container\">\n\t\t\t\t\t\t\t<div class=\"elementor-spacer\">\n\t\t\t<div class=\"elementor-spacer-inner\"><\/div>\n\t\t<\/div>\n\t\t\t\t\t\t<\/div>\n\t\t\t\t<\/div>\n\t\t\t\t\t<\/div>\n\t\t<\/div>\n\t\t\t\t\t<\/div>\n\t\t<\/section>\n\t\t\t\t<section class=\"elementor-section elementor-top-section elementor-element elementor-element-86a4ed8 elementor-section-full_width elementor-section-height-default elementor-section-height-default\" data-id=\"86a4ed8\" data-element_type=\"section\" data-e-type=\"section\">\n\t\t\t\t\t\t<div class=\"elementor-container elementor-column-gap-default\">\n\t\t\t\t\t<div class=\"elementor-column elementor-col-100 elementor-top-column elementor-element elementor-element-9981440\" data-id=\"9981440\" data-element_type=\"column\" data-e-type=\"column\">\n\t\t\t<div class=\"elementor-widget-wrap elementor-element-populated\">\n\t\t\t\t\t\t<div class=\"elementor-element elementor-element-0364fa3 elementor-widget elementor-widget-heading\" data-id=\"0364fa3\" data-element_type=\"widget\" data-e-type=\"widget\" data-widget_type=\"heading.default\">\n\t\t\t\t<div class=\"elementor-widget-container\">\n\t\t\t\t\t<h2 class=\"elementor-heading-title elementor-size-default\">RELATED POSTS<\/h2>\t\t\t\t<\/div>\n\t\t\t\t<\/div>\n\t\t\t\t<div class=\"elementor-element elementor-element-0874f72 uael-equal__height-yes animated-slow random-color-trigger elementor-invisible elementor-widget elementor-widget-uael-posts\" data-id=\"0874f72\" data-element_type=\"widget\" data-e-type=\"widget\" data-settings=\"{&quot;_animation&quot;:&quot;fadeInUp&quot;,&quot;classic_slides_to_show&quot;:4,&quot;classic_slides_to_show_tablet&quot;:2,&quot;classic_slides_to_show_mobile&quot;:1}\" data-widget_type=\"uael-posts.classic\">\n\t\t\t\t<div class=\"elementor-widget-container\">\n\t\t\t\t\t\t\t<div class=\"uael-post__header\">\n\t\t\t\t\t<\/div>\n\t\t<div class=\"uael-post__body\">\n\t\t\t\n\t\t\n\t\t<div class=\"uael-blog-terms-position-above_content uael-post-image-top uael-post-grid uael-posts\" data-query-type=\"custom\" data-structure=\"normal\" data-layout=\"\" data-page=\"6307\" data-skin=\"classic\" data-filter-default=\"\" data-offset-top=\"30\" >\n\n\t\t\t\t\t\t\t<div class=\"uael-post-grid__inner uael-post__columns-4 uael-post__columns-tablet-2 uael-post__columns-mobile-1\">\n\t\t\t\n<div class=\"uael-post-wrapper   musical-excellency news \">\n\t<div class=\"uael-post__bg-wrap uael-bg-wrap-disabled \">\n\n\t\t\t\t\n\t\t<div class=\"uael-post__inner-wrap uael-inner-wrap-disabled\">\n\n\t\t\t\t<div class=\"uael-post__thumbnail\">\n\t\t\t\n\t\t\t<a href=\"https:\/\/fundacioferrermusica.org\/en\/parlem-amb-un-dels-cinc-duos-guanyadors-de-lied-the-future-2026\/\" target=\"_self\" title=\"We speak with one of the five winning duos of Lied the Future 2026\"><img decoding=\"async\" width=\"500\" height=\"526\" src=\"https:\/\/fundacioferrermusica.org\/wp-content\/uploads\/2026\/04\/Lied-the-Future-Bruno-Meichsner-i-George-Needham-portada.png\" class=\"attachment-full size-full wp-image-10634\" alt=\"\" srcset=\"https:\/\/fundacioferrermusica.org\/wp-content\/uploads\/2026\/04\/Lied-the-Future-Bruno-Meichsner-i-George-Needham-portada.png 500w, https:\/\/fundacioferrermusica.org\/wp-content\/uploads\/2026\/04\/Lied-the-Future-Bruno-Meichsner-i-George-Needham-portada-285x300.png 285w\" sizes=\"(max-width: 500px) 100vw, 500px\" \/><\/a>\n\t\t\t\t\t<\/div>\n\t\t\n\t\t\t\n\t\t\t<div class=\"uael-post__content-wrap uael-content-wrap-disabled\">\n\t\t\t\t\t\t\t<div class=\"uael-post__terms-wrap\"><span class=\"uael-post__terms\"><span class=\"uael-listing__terms-link\">Musical excellency<\/span><\/span><\/div>\n\t\t\t\t\n\t\t<div class=\"uael-post__excerpt\">\n\t\t\tWe speak with one of the ...\t\t<\/div>\n\n\t\t\t\t\t<\/div>\n\t\t\t\n\t\t<\/div>\n\t\t\n\t<\/div>\n\n<\/div>\n\n<div class=\"uael-post-wrapper   musical-excellency news \">\n\t<div class=\"uael-post__bg-wrap uael-bg-wrap-disabled \">\n\n\t\t\t\t\n\t\t<div class=\"uael-post__inner-wrap uael-inner-wrap-disabled\">\n\n\t\t\t\t<div class=\"uael-post__thumbnail\">\n\t\t\t\n\t\t\t<a href=\"https:\/\/fundacioferrermusica.org\/en\/students-from-the-primary-and-secondary-music-programme-take-part-in-liceu-familiar\/\" target=\"_self\" title=\"Students from the Primary and Secondary Music Programme take part in Liceu Familiar\"><img loading=\"lazy\" decoding=\"async\" width=\"500\" height=\"526\" src=\"https:\/\/fundacioferrermusica.org\/wp-content\/uploads\/2026\/03\/Liceu-Familiar-portada.png\" class=\"attachment-full size-full wp-image-10580\" alt=\"\" srcset=\"https:\/\/fundacioferrermusica.org\/wp-content\/uploads\/2026\/03\/Liceu-Familiar-portada.png 500w, https:\/\/fundacioferrermusica.org\/wp-content\/uploads\/2026\/03\/Liceu-Familiar-portada-285x300.png 285w\" sizes=\"(max-width: 500px) 100vw, 500px\" \/><\/a>\n\t\t\t\t\t<\/div>\n\t\t\n\t\t\t\n\t\t\t<div class=\"uael-post__content-wrap uael-content-wrap-disabled\">\n\t\t\t\t\t\t\t<div class=\"uael-post__terms-wrap\"><span class=\"uael-post__terms\"><span class=\"uael-listing__terms-link\">Musical excellency<\/span><\/span><\/div>\n\t\t\t\t\n\t\t<div class=\"uael-post__excerpt\">\n\t\t\tStudents from the Primary and Secondary ...\t\t<\/div>\n\n\t\t\t\t\t<\/div>\n\t\t\t\n\t\t<\/div>\n\t\t\n\t<\/div>\n\n<\/div>\n\n<div class=\"uael-post-wrapper   musical-excellency news \">\n\t<div class=\"uael-post__bg-wrap uael-bg-wrap-disabled \">\n\n\t\t\t\t\n\t\t<div class=\"uael-post__inner-wrap uael-inner-wrap-disabled\">\n\n\t\t\t\t<div class=\"uael-post__thumbnail\">\n\t\t\t\n\t\t\t<a href=\"https:\/\/fundacioferrermusica.org\/en\/impulsem-el-talent-emergent-amb-el-premi-extraordinari-del-concurs-tenor-vinas-2026\/\" target=\"_self\" title=\"We promote emerging talent through the Extraordinary Prize of the Tenor Vi\u00f1as Contest 2026\"><img loading=\"lazy\" decoding=\"async\" width=\"500\" height=\"526\" src=\"https:\/\/fundacioferrermusica.org\/wp-content\/uploads\/2026\/03\/Portada-web-Tenor-Vinas.png\" class=\"attachment-full size-full wp-image-10520\" alt=\"\" srcset=\"https:\/\/fundacioferrermusica.org\/wp-content\/uploads\/2026\/03\/Portada-web-Tenor-Vinas.png 500w, https:\/\/fundacioferrermusica.org\/wp-content\/uploads\/2026\/03\/Portada-web-Tenor-Vinas-285x300.png 285w\" sizes=\"(max-width: 500px) 100vw, 500px\" \/><\/a>\n\t\t\t\t\t<\/div>\n\t\t\n\t\t\t\n\t\t\t<div class=\"uael-post__content-wrap uael-content-wrap-disabled\">\n\t\t\t\t\t\t\t<div class=\"uael-post__terms-wrap\"><span class=\"uael-post__terms\"><span class=\"uael-listing__terms-link\">Musical excellency<\/span><\/span><\/div>\n\t\t\t\t\n\t\t<div class=\"uael-post__excerpt\">\n\t\t\tWe promote emerging talent through the ...\t\t<\/div>\n\n\t\t\t\t\t<\/div>\n\t\t\t\n\t\t<\/div>\n\t\t\n\t<\/div>\n\n<\/div>\n\n<div class=\"uael-post-wrapper   musical-excellency news \">\n\t<div class=\"uael-post__bg-wrap uael-bg-wrap-disabled \">\n\n\t\t\t\t\n\t\t<div class=\"uael-post__inner-wrap uael-inner-wrap-disabled\">\n\n\t\t\t\t<div class=\"uael-post__thumbnail\">\n\t\t\t\n\t\t\t<a href=\"https:\/\/fundacioferrermusica.org\/en\/lied-the-future-presents-its-programme-at-the-schubertiada\/\" target=\"_self\" title=\"Lied the Future presents its programme at the Schubert\u00edada\"><img loading=\"lazy\" decoding=\"async\" width=\"500\" height=\"526\" src=\"https:\/\/fundacioferrermusica.org\/wp-content\/uploads\/2026\/03\/Portada-web-Schubertiada.png\" class=\"attachment-full size-full wp-image-10547\" alt=\"\" srcset=\"https:\/\/fundacioferrermusica.org\/wp-content\/uploads\/2026\/03\/Portada-web-Schubertiada.png 500w, https:\/\/fundacioferrermusica.org\/wp-content\/uploads\/2026\/03\/Portada-web-Schubertiada-285x300.png 285w\" sizes=\"(max-width: 500px) 100vw, 500px\" \/><\/a>\n\t\t\t\t\t<\/div>\n\t\t\n\t\t\t\n\t\t\t<div class=\"uael-post__content-wrap uael-content-wrap-disabled\">\n\t\t\t\t\t\t\t<div class=\"uael-post__terms-wrap\"><span class=\"uael-post__terms\"><span class=\"uael-listing__terms-link\">Musical excellency<\/span><\/span><\/div>\n\t\t\t\t\n\t\t<div class=\"uael-post__excerpt\">\n\t\t\tLied the Future presents its programme ...\t\t<\/div>\n\n\t\t\t\t\t<\/div>\n\t\t\t\n\t\t<\/div>\n\t\t\n\t<\/div>\n\n<\/div>\n\t\t\t\t<\/div>\n\t\t\t\t\t\t\n\t\t<\/div>\n\n\t\t\t\t\t\t<\/div>\n\t\t<div class=\"uael-post__footer\">\n\t\t\t\t\t<\/div>\n\t\t\t\t\t\t<\/div>\n\t\t\t\t<\/div>\n\t\t\t\t\t<\/div>\n\t\t<\/div>\n\t\t\t\t\t<\/div>\n\t\t<\/section>\n\t\t\t\t<\/div>\n\t\t","protected":false},"excerpt":{"rendered":"<p>Call open for the 2023-2024 Ferrer-Salat\/Liceu Conservatory Scholarships for musical excellence The call is open for the XIV edition of the Ferrer-Salat\/Liceu Conservatory Scholarships, promoted by the Ferrer-Salat Music Foundation in collaboration with the Liceu Conservatory. The purpose of these scholarships is to promote the talent of young musicians and to highlight the degree of [&hellip;]<\/p>\n","protected":false},"author":2,"featured_media":6295,"comment_status":"closed","ping_status":"closed","sticky":false,"template":"","format":"standard","meta":{"site-sidebar-layout":"default","site-content-layout":"","ast-site-content-layout":"default","site-content-style":"default","site-sidebar-style":"default","ast-global-header-display":"","ast-banner-title-visibility":"","ast-main-header-display":"","ast-hfb-above-header-display":"","ast-hfb-below-header-display":"","ast-hfb-mobile-header-display":"","site-post-title":"","ast-breadcrumbs-content":"","ast-featured-img":"","footer-sml-layout":"","ast-disable-related-posts":"","theme-transparent-header-meta":"","adv-header-id-meta":"","stick-header-meta":"","header-above-stick-meta":"","header-main-stick-meta":"","header-below-stick-meta":"","astra-migrate-meta-layouts":"default","ast-page-background-enabled":"default","ast-page-background-meta":{"desktop":{"background-color":"var(--ast-global-color-4)","background-image":"","background-repeat":"repeat","background-position":"center center","background-size":"auto","background-attachment":"scroll","background-type":"","background-media":"","overlay-type":"","overlay-color":"","overlay-opacity":"","overlay-gradient":""},"tablet":{"background-color":"","background-image":"","background-repeat":"repeat","background-position":"center center","background-size":"auto","background-attachment":"scroll","background-type":"","background-media":"","overlay-type":"","overlay-color":"","overlay-opacity":"","overlay-gradient":""},"mobile":{"background-color":"","background-image":"","background-repeat":"repeat","background-position":"center center","background-size":"auto","background-attachment":"scroll","background-type":"","background-media":"","overlay-type":"","overlay-color":"","overlay-opacity":"","overlay-gradient":""}},"ast-content-background-meta":{"desktop":{"background-color":"var(--ast-global-color-5)","background-image":"","background-repeat":"repeat","background-position":"center center","background-size":"auto","background-attachment":"scroll","background-type":"","background-media":"","overlay-type":"","overlay-color":"","overlay-opacity":"","overlay-gradient":""},"tablet":{"background-color":"var(--ast-global-color-5)","background-image":"","background-repeat":"repeat","background-position":"center center","background-size":"auto","background-attachment":"scroll","background-type":"","background-media":"","overlay-type":"","overlay-color":"","overlay-opacity":"","overlay-gradient":""},"mobile":{"background-color":"var(--ast-global-color-5)","background-image":"","background-repeat":"repeat","background-position":"center center","background-size":"auto","background-attachment":"scroll","background-type":"","background-media":"","overlay-type":"","overlay-color":"","overlay-opacity":"","overlay-gradient":""}},"footnotes":""},"categories":[39],"tags":[],"class_list":["post-6307","post","type-post","status-publish","format-standard","has-post-thumbnail","hentry","category-musical-excellency"],"yoast_head":"<!-- This site is optimized with the Yoast SEO plugin v27.2 - https:\/\/yoast.com\/product\/yoast-seo-wordpress\/ -->\n<title>Call open for the 2023-2024 Ferrer-Salat\/Liceu Conservatory Scholarships for musical excellence - Fundaci\u00f3 de M\u00fasica Ferrer-Salat<\/title>\n<meta name=\"robots\" content=\"index, follow, max-snippet:-1, max-image-preview:large, max-video-preview:-1\" \/>\n<link rel=\"canonical\" href=\"https:\/\/fundacioferrermusica.org\/en\/oberta-convocatoria-2023-2024-de-les-beques-ferrer-salat-conservatori-liceu-a-lexcellencia-musical\/\" \/>\n<meta property=\"og:locale\" content=\"en_US\" \/>\n<meta property=\"og:type\" content=\"article\" \/>\n<meta property=\"og:title\" content=\"Call open for the 2023-2024 Ferrer-Salat\/Liceu Conservatory Scholarships for musical excellence - Fundaci\u00f3 de M\u00fasica Ferrer-Salat\" \/>\n<meta property=\"og:description\" content=\"Call open for the 2023-2024 Ferrer-Salat\/Liceu Conservatory Scholarships for musical excellence The call is open for the XIV edition of the Ferrer-Salat\/Liceu Conservatory Scholarships, promoted by the Ferrer-Salat Music Foundation in collaboration with the Liceu Conservatory. The purpose of these scholarships is to promote the talent of young musicians and to highlight the degree of [&hellip;]\" \/>\n<meta property=\"og:url\" content=\"https:\/\/fundacioferrermusica.org\/en\/oberta-convocatoria-2023-2024-de-les-beques-ferrer-salat-conservatori-liceu-a-lexcellencia-musical\/\" \/>\n<meta property=\"og:site_name\" content=\"Fundaci\u00f3 de M\u00fasica Ferrer-Salat\" \/>\n<meta property=\"article:published_time\" content=\"2023-02-23T10:00:11+00:00\" \/>\n<meta property=\"article:modified_time\" content=\"2023-02-23T14:40:35+00:00\" \/>\n<meta property=\"og:image\" content=\"https:\/\/fundacioferrermusica.org\/wp-content\/uploads\/2023\/02\/bequesFFS-Liceu-2023.jpg\" \/>\n\t<meta property=\"og:image:width\" content=\"500\" \/>\n\t<meta property=\"og:image:height\" content=\"525\" \/>\n\t<meta property=\"og:image:type\" content=\"image\/jpeg\" \/>\n<meta name=\"author\" content=\"Silvia\" \/>\n<meta name=\"twitter:card\" content=\"summary_large_image\" \/>\n<meta name=\"twitter:label1\" content=\"Written by\" \/>\n\t<meta name=\"twitter:data1\" content=\"Silvia\" \/>\n\t<meta name=\"twitter:label2\" content=\"Est. reading time\" \/>\n\t<meta name=\"twitter:data2\" content=\"2 minutes\" \/>\n<script type=\"application\/ld+json\" class=\"yoast-schema-graph\">{\"@context\":\"https:\/\/schema.org\",\"@graph\":[{\"@type\":\"Article\",\"@id\":\"https:\/\/fundacioferrermusica.org\/en\/oberta-convocatoria-2023-2024-de-les-beques-ferrer-salat-conservatori-liceu-a-lexcellencia-musical\/#article\",\"isPartOf\":{\"@id\":\"https:\/\/fundacioferrermusica.org\/en\/oberta-convocatoria-2023-2024-de-les-beques-ferrer-salat-conservatori-liceu-a-lexcellencia-musical\/\"},\"author\":{\"name\":\"Silvia\",\"@id\":\"https:\/\/fundacioferrermusica.org\/#\/schema\/person\/1a15ceaaee27c5702264554ef1586fc5\"},\"headline\":\"Call open for the 2023-2024 Ferrer-Salat\/Liceu Conservatory Scholarships for musical excellence\",\"datePublished\":\"2023-02-23T10:00:11+00:00\",\"dateModified\":\"2023-02-23T14:40:35+00:00\",\"mainEntityOfPage\":{\"@id\":\"https:\/\/fundacioferrermusica.org\/en\/oberta-convocatoria-2023-2024-de-les-beques-ferrer-salat-conservatori-liceu-a-lexcellencia-musical\/\"},\"wordCount\":383,\"publisher\":{\"@id\":\"https:\/\/fundacioferrermusica.org\/#organization\"},\"image\":{\"@id\":\"https:\/\/fundacioferrermusica.org\/en\/oberta-convocatoria-2023-2024-de-les-beques-ferrer-salat-conservatori-liceu-a-lexcellencia-musical\/#primaryimage\"},\"thumbnailUrl\":\"https:\/\/fundacioferrermusica.org\/wp-content\/uploads\/2023\/02\/bequesFFS-Liceu-2023.jpg\",\"articleSection\":[\"Musical excellency\"],\"inLanguage\":\"en-US\"},{\"@type\":\"WebPage\",\"@id\":\"https:\/\/fundacioferrermusica.org\/en\/oberta-convocatoria-2023-2024-de-les-beques-ferrer-salat-conservatori-liceu-a-lexcellencia-musical\/\",\"url\":\"https:\/\/fundacioferrermusica.org\/en\/oberta-convocatoria-2023-2024-de-les-beques-ferrer-salat-conservatori-liceu-a-lexcellencia-musical\/\",\"name\":\"Call open for the 2023-2024 Ferrer-Salat\/Liceu Conservatory Scholarships for musical excellence - Fundaci\u00f3 de M\u00fasica Ferrer-Salat\",\"isPartOf\":{\"@id\":\"https:\/\/fundacioferrermusica.org\/#website\"},\"primaryImageOfPage\":{\"@id\":\"https:\/\/fundacioferrermusica.org\/en\/oberta-convocatoria-2023-2024-de-les-beques-ferrer-salat-conservatori-liceu-a-lexcellencia-musical\/#primaryimage\"},\"image\":{\"@id\":\"https:\/\/fundacioferrermusica.org\/en\/oberta-convocatoria-2023-2024-de-les-beques-ferrer-salat-conservatori-liceu-a-lexcellencia-musical\/#primaryimage\"},\"thumbnailUrl\":\"https:\/\/fundacioferrermusica.org\/wp-content\/uploads\/2023\/02\/bequesFFS-Liceu-2023.jpg\",\"datePublished\":\"2023-02-23T10:00:11+00:00\",\"dateModified\":\"2023-02-23T14:40:35+00:00\",\"breadcrumb\":{\"@id\":\"https:\/\/fundacioferrermusica.org\/en\/oberta-convocatoria-2023-2024-de-les-beques-ferrer-salat-conservatori-liceu-a-lexcellencia-musical\/#breadcrumb\"},\"inLanguage\":\"en-US\",\"potentialAction\":[{\"@type\":\"ReadAction\",\"target\":[\"https:\/\/fundacioferrermusica.org\/en\/oberta-convocatoria-2023-2024-de-les-beques-ferrer-salat-conservatori-liceu-a-lexcellencia-musical\/\"]}]},{\"@type\":\"ImageObject\",\"inLanguage\":\"en-US\",\"@id\":\"https:\/\/fundacioferrermusica.org\/en\/oberta-convocatoria-2023-2024-de-les-beques-ferrer-salat-conservatori-liceu-a-lexcellencia-musical\/#primaryimage\",\"url\":\"https:\/\/fundacioferrermusica.org\/wp-content\/uploads\/2023\/02\/bequesFFS-Liceu-2023.jpg\",\"contentUrl\":\"https:\/\/fundacioferrermusica.org\/wp-content\/uploads\/2023\/02\/bequesFFS-Liceu-2023.jpg\",\"width\":500,\"height\":525},{\"@type\":\"BreadcrumbList\",\"@id\":\"https:\/\/fundacioferrermusica.org\/en\/oberta-convocatoria-2023-2024-de-les-beques-ferrer-salat-conservatori-liceu-a-lexcellencia-musical\/#breadcrumb\",\"itemListElement\":[{\"@type\":\"ListItem\",\"position\":1,\"name\":\"Inici\",\"item\":\"https:\/\/fundacioferrermusica.org\/\"},{\"@type\":\"ListItem\",\"position\":2,\"name\":\"Call open for the 2023-2024 Ferrer-Salat\/Liceu Conservatory Scholarships for musical excellence\"}]},{\"@type\":\"WebSite\",\"@id\":\"https:\/\/fundacioferrermusica.org\/#website\",\"url\":\"https:\/\/fundacioferrermusica.org\/\",\"name\":\"Fundaci\u00f3 de M\u00fasica Ferrer-Salat\",\"description\":\"40 anys generant oportunitats a trav\u00e9s de la m\u00fasica\",\"publisher\":{\"@id\":\"https:\/\/fundacioferrermusica.org\/#organization\"},\"potentialAction\":[{\"@type\":\"SearchAction\",\"target\":{\"@type\":\"EntryPoint\",\"urlTemplate\":\"https:\/\/fundacioferrermusica.org\/?s={search_term_string}\"},\"query-input\":{\"@type\":\"PropertyValueSpecification\",\"valueRequired\":true,\"valueName\":\"search_term_string\"}}],\"inLanguage\":\"en-US\"},{\"@type\":\"Organization\",\"@id\":\"https:\/\/fundacioferrermusica.org\/#organization\",\"name\":\"Fundaci\u00f3 de M\u00fasica Ferrer-Salat\",\"url\":\"https:\/\/fundacioferrermusica.org\/\",\"logo\":{\"@type\":\"ImageObject\",\"inLanguage\":\"en-US\",\"@id\":\"https:\/\/fundacioferrermusica.org\/#\/schema\/logo\/image\/\",\"url\":\"https:\/\/fundacioferrermusica.org\/wp-content\/uploads\/2022\/06\/cropped-FundacioMusicaFerrerSalat.png\",\"contentUrl\":\"https:\/\/fundacioferrermusica.org\/wp-content\/uploads\/2022\/06\/cropped-FundacioMusicaFerrerSalat.png\",\"width\":160,\"height\":53,\"caption\":\"Fundaci\u00f3 de M\u00fasica Ferrer-Salat\"},\"image\":{\"@id\":\"https:\/\/fundacioferrermusica.org\/#\/schema\/logo\/image\/\"}},{\"@type\":\"Person\",\"@id\":\"https:\/\/fundacioferrermusica.org\/#\/schema\/person\/1a15ceaaee27c5702264554ef1586fc5\",\"name\":\"Silvia\",\"image\":{\"@type\":\"ImageObject\",\"inLanguage\":\"en-US\",\"@id\":\"https:\/\/secure.gravatar.com\/avatar\/c983b2b5cf3438b42ddec5b84c6fd1dc52a731c5c7aea49cbb82713e6be27ffb?s=96&d=mm&r=g\",\"url\":\"https:\/\/secure.gravatar.com\/avatar\/c983b2b5cf3438b42ddec5b84c6fd1dc52a731c5c7aea49cbb82713e6be27ffb?s=96&d=mm&r=g\",\"contentUrl\":\"https:\/\/secure.gravatar.com\/avatar\/c983b2b5cf3438b42ddec5b84c6fd1dc52a731c5c7aea49cbb82713e6be27ffb?s=96&d=mm&r=g\",\"caption\":\"Silvia\"},\"url\":\"https:\/\/fundacioferrermusica.org\/en\/author\/silvia\/\"}]}<\/script>\n<!-- \/ Yoast SEO plugin. -->","yoast_head_json":{"title":"Call open for the 2023-2024 Ferrer-Salat\/Liceu Conservatory Scholarships for musical excellence - Fundaci\u00f3 de M\u00fasica Ferrer-Salat","robots":{"index":"index","follow":"follow","max-snippet":"max-snippet:-1","max-image-preview":"max-image-preview:large","max-video-preview":"max-video-preview:-1"},"canonical":"https:\/\/fundacioferrermusica.org\/en\/oberta-convocatoria-2023-2024-de-les-beques-ferrer-salat-conservatori-liceu-a-lexcellencia-musical\/","og_locale":"en_US","og_type":"article","og_title":"Call open for the 2023-2024 Ferrer-Salat\/Liceu Conservatory Scholarships for musical excellence - Fundaci\u00f3 de M\u00fasica Ferrer-Salat","og_description":"Call open for the 2023-2024 Ferrer-Salat\/Liceu Conservatory Scholarships for musical excellence The call is open for the XIV edition of the Ferrer-Salat\/Liceu Conservatory Scholarships, promoted by the Ferrer-Salat Music Foundation in collaboration with the Liceu Conservatory. The purpose of these scholarships is to promote the talent of young musicians and to highlight the degree of [&hellip;]","og_url":"https:\/\/fundacioferrermusica.org\/en\/oberta-convocatoria-2023-2024-de-les-beques-ferrer-salat-conservatori-liceu-a-lexcellencia-musical\/","og_site_name":"Fundaci\u00f3 de M\u00fasica Ferrer-Salat","article_published_time":"2023-02-23T10:00:11+00:00","article_modified_time":"2023-02-23T14:40:35+00:00","og_image":[{"width":500,"height":525,"url":"https:\/\/fundacioferrermusica.org\/wp-content\/uploads\/2023\/02\/bequesFFS-Liceu-2023.jpg","type":"image\/jpeg"}],"author":"Silvia","twitter_card":"summary_large_image","twitter_misc":{"Written by":"Silvia","Est. reading time":"2 minutes"},"schema":{"@context":"https:\/\/schema.org","@graph":[{"@type":"Article","@id":"https:\/\/fundacioferrermusica.org\/en\/oberta-convocatoria-2023-2024-de-les-beques-ferrer-salat-conservatori-liceu-a-lexcellencia-musical\/#article","isPartOf":{"@id":"https:\/\/fundacioferrermusica.org\/en\/oberta-convocatoria-2023-2024-de-les-beques-ferrer-salat-conservatori-liceu-a-lexcellencia-musical\/"},"author":{"name":"Silvia","@id":"https:\/\/fundacioferrermusica.org\/#\/schema\/person\/1a15ceaaee27c5702264554ef1586fc5"},"headline":"Call open for the 2023-2024 Ferrer-Salat\/Liceu Conservatory Scholarships for musical excellence","datePublished":"2023-02-23T10:00:11+00:00","dateModified":"2023-02-23T14:40:35+00:00","mainEntityOfPage":{"@id":"https:\/\/fundacioferrermusica.org\/en\/oberta-convocatoria-2023-2024-de-les-beques-ferrer-salat-conservatori-liceu-a-lexcellencia-musical\/"},"wordCount":383,"publisher":{"@id":"https:\/\/fundacioferrermusica.org\/#organization"},"image":{"@id":"https:\/\/fundacioferrermusica.org\/en\/oberta-convocatoria-2023-2024-de-les-beques-ferrer-salat-conservatori-liceu-a-lexcellencia-musical\/#primaryimage"},"thumbnailUrl":"https:\/\/fundacioferrermusica.org\/wp-content\/uploads\/2023\/02\/bequesFFS-Liceu-2023.jpg","articleSection":["Musical excellency"],"inLanguage":"en-US"},{"@type":"WebPage","@id":"https:\/\/fundacioferrermusica.org\/en\/oberta-convocatoria-2023-2024-de-les-beques-ferrer-salat-conservatori-liceu-a-lexcellencia-musical\/","url":"https:\/\/fundacioferrermusica.org\/en\/oberta-convocatoria-2023-2024-de-les-beques-ferrer-salat-conservatori-liceu-a-lexcellencia-musical\/","name":"Call open for the 2023-2024 Ferrer-Salat\/Liceu Conservatory Scholarships for musical excellence - Fundaci\u00f3 de M\u00fasica Ferrer-Salat","isPartOf":{"@id":"https:\/\/fundacioferrermusica.org\/#website"},"primaryImageOfPage":{"@id":"https:\/\/fundacioferrermusica.org\/en\/oberta-convocatoria-2023-2024-de-les-beques-ferrer-salat-conservatori-liceu-a-lexcellencia-musical\/#primaryimage"},"image":{"@id":"https:\/\/fundacioferrermusica.org\/en\/oberta-convocatoria-2023-2024-de-les-beques-ferrer-salat-conservatori-liceu-a-lexcellencia-musical\/#primaryimage"},"thumbnailUrl":"https:\/\/fundacioferrermusica.org\/wp-content\/uploads\/2023\/02\/bequesFFS-Liceu-2023.jpg","datePublished":"2023-02-23T10:00:11+00:00","dateModified":"2023-02-23T14:40:35+00:00","breadcrumb":{"@id":"https:\/\/fundacioferrermusica.org\/en\/oberta-convocatoria-2023-2024-de-les-beques-ferrer-salat-conservatori-liceu-a-lexcellencia-musical\/#breadcrumb"},"inLanguage":"en-US","potentialAction":[{"@type":"ReadAction","target":["https:\/\/fundacioferrermusica.org\/en\/oberta-convocatoria-2023-2024-de-les-beques-ferrer-salat-conservatori-liceu-a-lexcellencia-musical\/"]}]},{"@type":"ImageObject","inLanguage":"en-US","@id":"https:\/\/fundacioferrermusica.org\/en\/oberta-convocatoria-2023-2024-de-les-beques-ferrer-salat-conservatori-liceu-a-lexcellencia-musical\/#primaryimage","url":"https:\/\/fundacioferrermusica.org\/wp-content\/uploads\/2023\/02\/bequesFFS-Liceu-2023.jpg","contentUrl":"https:\/\/fundacioferrermusica.org\/wp-content\/uploads\/2023\/02\/bequesFFS-Liceu-2023.jpg","width":500,"height":525},{"@type":"BreadcrumbList","@id":"https:\/\/fundacioferrermusica.org\/en\/oberta-convocatoria-2023-2024-de-les-beques-ferrer-salat-conservatori-liceu-a-lexcellencia-musical\/#breadcrumb","itemListElement":[{"@type":"ListItem","position":1,"name":"Inici","item":"https:\/\/fundacioferrermusica.org\/"},{"@type":"ListItem","position":2,"name":"Call open for the 2023-2024 Ferrer-Salat\/Liceu Conservatory Scholarships for musical excellence"}]},{"@type":"WebSite","@id":"https:\/\/fundacioferrermusica.org\/#website","url":"https:\/\/fundacioferrermusica.org\/","name":"Fundaci\u00f3 de M\u00fasica Ferrer-Salat","description":"40 anys generant oportunitats a trav\u00e9s de la m\u00fasica","publisher":{"@id":"https:\/\/fundacioferrermusica.org\/#organization"},"potentialAction":[{"@type":"SearchAction","target":{"@type":"EntryPoint","urlTemplate":"https:\/\/fundacioferrermusica.org\/?s={search_term_string}"},"query-input":{"@type":"PropertyValueSpecification","valueRequired":true,"valueName":"search_term_string"}}],"inLanguage":"en-US"},{"@type":"Organization","@id":"https:\/\/fundacioferrermusica.org\/#organization","name":"Fundaci\u00f3 de M\u00fasica Ferrer-Salat","url":"https:\/\/fundacioferrermusica.org\/","logo":{"@type":"ImageObject","inLanguage":"en-US","@id":"https:\/\/fundacioferrermusica.org\/#\/schema\/logo\/image\/","url":"https:\/\/fundacioferrermusica.org\/wp-content\/uploads\/2022\/06\/cropped-FundacioMusicaFerrerSalat.png","contentUrl":"https:\/\/fundacioferrermusica.org\/wp-content\/uploads\/2022\/06\/cropped-FundacioMusicaFerrerSalat.png","width":160,"height":53,"caption":"Fundaci\u00f3 de M\u00fasica Ferrer-Salat"},"image":{"@id":"https:\/\/fundacioferrermusica.org\/#\/schema\/logo\/image\/"}},{"@type":"Person","@id":"https:\/\/fundacioferrermusica.org\/#\/schema\/person\/1a15ceaaee27c5702264554ef1586fc5","name":"Silvia","image":{"@type":"ImageObject","inLanguage":"en-US","@id":"https:\/\/secure.gravatar.com\/avatar\/c983b2b5cf3438b42ddec5b84c6fd1dc52a731c5c7aea49cbb82713e6be27ffb?s=96&d=mm&r=g","url":"https:\/\/secure.gravatar.com\/avatar\/c983b2b5cf3438b42ddec5b84c6fd1dc52a731c5c7aea49cbb82713e6be27ffb?s=96&d=mm&r=g","contentUrl":"https:\/\/secure.gravatar.com\/avatar\/c983b2b5cf3438b42ddec5b84c6fd1dc52a731c5c7aea49cbb82713e6be27ffb?s=96&d=mm&r=g","caption":"Silvia"},"url":"https:\/\/fundacioferrermusica.org\/en\/author\/silvia\/"}]}},"_links":{"self":[{"href":"https:\/\/fundacioferrermusica.org\/en\/wp-json\/wp\/v2\/posts\/6307","targetHints":{"allow":["GET"]}}],"collection":[{"href":"https:\/\/fundacioferrermusica.org\/en\/wp-json\/wp\/v2\/posts"}],"about":[{"href":"https:\/\/fundacioferrermusica.org\/en\/wp-json\/wp\/v2\/types\/post"}],"author":[{"embeddable":true,"href":"https:\/\/fundacioferrermusica.org\/en\/wp-json\/wp\/v2\/users\/2"}],"replies":[{"embeddable":true,"href":"https:\/\/fundacioferrermusica.org\/en\/wp-json\/wp\/v2\/comments?post=6307"}],"version-history":[{"count":12,"href":"https:\/\/fundacioferrermusica.org\/en\/wp-json\/wp\/v2\/posts\/6307\/revisions"}],"predecessor-version":[{"id":6363,"href":"https:\/\/fundacioferrermusica.org\/en\/wp-json\/wp\/v2\/posts\/6307\/revisions\/6363"}],"wp:featuredmedia":[{"embeddable":true,"href":"https:\/\/fundacioferrermusica.org\/en\/wp-json\/wp\/v2\/media\/6295"}],"wp:attachment":[{"href":"https:\/\/fundacioferrermusica.org\/en\/wp-json\/wp\/v2\/media?parent=6307"}],"wp:term":[{"taxonomy":"category","embeddable":true,"href":"https:\/\/fundacioferrermusica.org\/en\/wp-json\/wp\/v2\/categories?post=6307"},{"taxonomy":"post_tag","embeddable":true,"href":"https:\/\/fundacioferrermusica.org\/en\/wp-json\/wp\/v2\/tags?post=6307"}],"curies":[{"name":"wp","href":"https:\/\/api.w.org\/{rel}","templated":true}]}}