{"id":3084,"date":"2021-12-03T10:55:00","date_gmt":"2021-12-03T10:55:00","guid":{"rendered":"https:\/\/fundaciomusicaferrersalat.awspreferrer.com\/gran-acord-entre-la-fundacio-el-conservatori-del-liceu-i-el-gran-teatre-del-liceu\/"},"modified":"2023-02-21T17:38:16","modified_gmt":"2023-02-21T17:38:16","slug":"major-agreement-between-foundation-liceu-conservatory-gran-teatre-liceu","status":"publish","type":"post","link":"https:\/\/fundacioferrermusica.org\/en\/major-agreement-between-foundation-liceu-conservatory-gran-teatre-liceu\/","title":{"rendered":"Major agreement between The Foundation, the Liceu Conservatory and the Gran Teatre del Liceu"},"content":{"rendered":"\t\t<div data-elementor-type=\"wp-post\" data-elementor-id=\"3084\" class=\"elementor elementor-3084 elementor-202\" data-elementor-post-type=\"post\">\n\t\t\t\t\t\t<section class=\"elementor-section elementor-top-section elementor-element elementor-element-6999563 elementor-section-full_width top-title elementor-section-height-default elementor-section-height-default\" data-id=\"6999563\" data-element_type=\"section\" data-e-type=\"section\">\n\t\t\t\t\t\t<div class=\"elementor-container elementor-column-gap-default\">\n\t\t\t\t\t<div class=\"elementor-column elementor-col-100 elementor-top-column elementor-element elementor-element-b778990\" data-id=\"b778990\" data-element_type=\"column\" data-e-type=\"column\">\n\t\t\t<div class=\"elementor-widget-wrap elementor-element-populated\">\n\t\t\t\t\t\t<div class=\"elementor-element elementor-element-5f43cab elementor-widget elementor-widget-heading\" data-id=\"5f43cab\" data-element_type=\"widget\" data-e-type=\"widget\" data-widget_type=\"heading.default\">\n\t\t\t\t<div class=\"elementor-widget-container\">\n\t\t\t\t\t<h1 class=\"elementor-heading-title elementor-size-default\">Major agreement between The Foundation, the Liceu Conservatory and the Gran Teatre del Liceu <\/h1>\t\t\t\t<\/div>\n\t\t\t\t<\/div>\n\t\t\t\t\t<\/div>\n\t\t<\/div>\n\t\t\t\t\t<\/div>\n\t\t<\/section>\n\t\t\t\t<section class=\"elementor-section elementor-top-section elementor-element elementor-element-53bf974 elementor-section-full_width elementor-section-height-default elementor-section-height-default\" data-id=\"53bf974\" data-element_type=\"section\" data-e-type=\"section\">\n\t\t\t\t\t\t<div class=\"elementor-container elementor-column-gap-default\">\n\t\t\t\t\t<div class=\"elementor-column elementor-col-50 elementor-top-column elementor-element elementor-element-d2d2b77\" data-id=\"d2d2b77\" data-element_type=\"column\" data-e-type=\"column\">\n\t\t\t<div class=\"elementor-widget-wrap elementor-element-populated\">\n\t\t\t\t\t\t<div class=\"elementor-element elementor-element-ff31460 elementor-widget elementor-widget-image\" data-id=\"ff31460\" data-element_type=\"widget\" data-e-type=\"widget\" data-widget_type=\"image.default\">\n\t\t\t\t<div class=\"elementor-widget-container\">\n\t\t\t\t\t\t\t\t\t\t\t\t\t\t\t<img fetchpriority=\"high\" decoding=\"async\" width=\"500\" height=\"525\" src=\"https:\/\/fundacioferrermusica.org\/wp-content\/uploads\/2021\/12\/3.1.jpg\" class=\"attachment-full size-full wp-image-1680\" alt=\"\" srcset=\"https:\/\/fundacioferrermusica.org\/wp-content\/uploads\/2021\/12\/3.1.jpg 500w, https:\/\/fundacioferrermusica.org\/wp-content\/uploads\/2021\/12\/3.1-286x300.jpg 286w\" sizes=\"(max-width: 500px) 100vw, 500px\" \/>\t\t\t\t\t\t\t\t\t\t\t\t\t\t\t<\/div>\n\t\t\t\t<\/div>\n\t\t\t\t\t<\/div>\n\t\t<\/div>\n\t\t\t\t<div class=\"elementor-column elementor-col-50 elementor-top-column elementor-element elementor-element-a98c464\" data-id=\"a98c464\" data-element_type=\"column\" data-e-type=\"column\">\n\t\t\t<div class=\"elementor-widget-wrap elementor-element-populated\">\n\t\t\t\t\t\t<div class=\"elementor-element elementor-element-578d727 elementor-widget elementor-widget-heading\" data-id=\"578d727\" data-element_type=\"widget\" data-e-type=\"widget\" data-widget_type=\"heading.default\">\n\t\t\t\t<div class=\"elementor-widget-container\">\n\t\t\t\t\t<h2 class=\"elementor-heading-title elementor-size-default\">The Ferrer-Salat Music Foundation, the Liceu Conservatory, and the Gran Teatre del Liceu sign a collaboration agreement to promote young talent.\n<\/h2>\t\t\t\t<\/div>\n\t\t\t\t<\/div>\n\t\t\t\t<section class=\"elementor-section elementor-inner-section elementor-element elementor-element-5e915ea elementor-section-boxed elementor-section-height-default elementor-section-height-default\" data-id=\"5e915ea\" data-element_type=\"section\" data-e-type=\"section\">\n\t\t\t\t\t\t<div class=\"elementor-container elementor-column-gap-default\">\n\t\t\t\t\t<div class=\"elementor-column elementor-col-50 elementor-inner-column elementor-element elementor-element-75c53db\" data-id=\"75c53db\" data-element_type=\"column\" data-e-type=\"column\">\n\t\t\t<div class=\"elementor-widget-wrap elementor-element-populated\">\n\t\t\t\t\t\t<div class=\"elementor-element elementor-element-f129f27 elementor-widget elementor-widget-image\" data-id=\"f129f27\" data-element_type=\"widget\" data-e-type=\"widget\" data-widget_type=\"image.default\">\n\t\t\t\t<div class=\"elementor-widget-container\">\n\t\t\t\t\t\t\t\t\t\t\t\t\t\t\t<img decoding=\"async\" width=\"113\" height=\"176\" src=\"https:\/\/fundacioferrermusica.org\/wp-content\/uploads\/2022\/03\/Arrow-right.png\" class=\"attachment-full size-full wp-image-1585\" alt=\"\" \/>\t\t\t\t\t\t\t\t\t\t\t\t\t\t\t<\/div>\n\t\t\t\t<\/div>\n\t\t\t\t\t<\/div>\n\t\t<\/div>\n\t\t\t\t<div class=\"elementor-column elementor-col-50 elementor-inner-column elementor-element elementor-element-0770e0b\" data-id=\"0770e0b\" data-element_type=\"column\" data-e-type=\"column\">\n\t\t\t<div class=\"elementor-widget-wrap elementor-element-populated\">\n\t\t\t\t\t\t<div class=\"elementor-element elementor-element-f07ffa6 elementor-widget elementor-widget-text-editor\" data-id=\"f07ffa6\" data-element_type=\"widget\" data-e-type=\"widget\" data-widget_type=\"text-editor.default\">\n\t\t\t\t<div class=\"elementor-widget-container\">\n\t\t\t\t\t\t\t\t\t<div class=\"et_pb_module et_pb_text et_pb_text_1 et_pb_text_align_left et_pb_bg_layout_light\"><div class=\"et_pb_text_inner\"><p>On November 22, the Ferrer-Salat Music Foundation, the Liceu Conservatory and the Gran Teatre del Liceu signed a collaboration agreement to reaffirm their commitment to the country&#8217;s musical talent. This agreement testifies to a desire of creating a framework of opportunities for the Liceu Conservatory\u2019s young artists and musicians, and of making them star in productions of the Gran Teatre del Liceu\u2019s 2021-22 season, such as <em>Trencanous-Jazz, El monstre al laberint, La cuina de Rossini and (Oh!)pera<\/em>.<\/p><p>The goal is to make the professionalization and employability of Conservatory students in the world of music easier, standing by their side when they take their first steps and dignifying their value as emerging talents. Therefore, the agreement has an educational value and is extremely important on an artistic level: by starring in the productions of the Gran Teatre del Liceu, the students of the Conservatory will have the opportunity to learn and grow in a completely professional environment that enhances their talent, thus contributing to the musical excellence that both the Conservatory and the Gran Teatre del Liceu have always brought to our culture.<\/p><p>The project is part of the LiceuApr\u00e8n program, which aims to bring the educational benefits of music and the arts to children and young people. To achieve this goal, LiceuApr\u00e8n works in three separate areas: creating and producing shows for children and young people, launching a training program, and partnering with several institutions while consistently pursuing social inclusion, training, research, and innovation goals.<\/p><\/div><\/div>\t\t\t\t\t\t\t\t<\/div>\n\t\t\t\t<\/div>\n\t\t\t\t\t<\/div>\n\t\t<\/div>\n\t\t\t\t\t<\/div>\n\t\t<\/section>\n\t\t\t\t\t<\/div>\n\t\t<\/div>\n\t\t\t\t\t<\/div>\n\t\t<\/section>\n\t\t\t\t<section class=\"elementor-section elementor-top-section elementor-element elementor-element-10224f1 elementor-section-full_width elementor-section-height-default elementor-section-height-default\" data-id=\"10224f1\" data-element_type=\"section\" data-e-type=\"section\">\n\t\t\t\t\t\t<div class=\"elementor-container elementor-column-gap-default\">\n\t\t\t\t\t<div class=\"elementor-column elementor-col-100 elementor-top-column elementor-element elementor-element-26bb6e0\" data-id=\"26bb6e0\" data-element_type=\"column\" data-e-type=\"column\">\n\t\t\t<div class=\"elementor-widget-wrap elementor-element-populated\">\n\t\t\t\t\t\t<div class=\"elementor-element elementor-element-8324516 elementor-widget elementor-widget-heading\" data-id=\"8324516\" data-element_type=\"widget\" data-e-type=\"widget\" data-widget_type=\"heading.default\">\n\t\t\t\t<div class=\"elementor-widget-container\">\n\t\t\t\t\t<h2 class=\"elementor-heading-title elementor-size-default\">RELATED POSTS<\/h2>\t\t\t\t<\/div>\n\t\t\t\t<\/div>\n\t\t\t\t<div class=\"elementor-element elementor-element-01cd994 uael-equal__height-yes animated-slow random-color-trigger elementor-invisible elementor-widget elementor-widget-uael-posts\" data-id=\"01cd994\" data-element_type=\"widget\" data-e-type=\"widget\" data-settings=\"{&quot;_animation&quot;:&quot;fadeInUp&quot;,&quot;classic_slides_to_show&quot;:4,&quot;classic_slides_to_show_tablet&quot;:2,&quot;classic_slides_to_show_mobile&quot;:1}\" data-widget_type=\"uael-posts.classic\">\n\t\t\t\t<div class=\"elementor-widget-container\">\n\t\t\t\t\t\t\t<div class=\"uael-post__header\">\n\t\t\t\t\t<\/div>\n\t\t<div class=\"uael-post__body\">\n\t\t\t\n\t\t\n\t\t<div class=\"uael-blog-terms-position-above_content uael-post-image-top uael-post-grid uael-posts\" data-query-type=\"custom\" data-structure=\"normal\" data-layout=\"\" data-page=\"3084\" data-skin=\"classic\" data-filter-default=\"\" data-offset-top=\"30\" >\n\n\t\t\t\t\t\t\t<div class=\"uael-post-grid__inner uael-post__columns-4 uael-post__columns-tablet-2 uael-post__columns-mobile-1\">\n\t\t\t\n<div class=\"uael-post-wrapper   musical-excellency news \">\n\t<div class=\"uael-post__bg-wrap uael-bg-wrap-disabled \">\n\n\t\t\t\t\n\t\t<div class=\"uael-post__inner-wrap uael-inner-wrap-disabled\">\n\n\t\t\t\t<div class=\"uael-post__thumbnail\">\n\t\t\t\n\t\t\t<a href=\"https:\/\/fundacioferrermusica.org\/en\/parlem-amb-un-dels-cinc-duos-guanyadors-de-lied-the-future-2026\/\" target=\"_self\" title=\"We speak with one of the five winning duos of Lied the Future 2026\"><img decoding=\"async\" width=\"500\" height=\"526\" src=\"https:\/\/fundacioferrermusica.org\/wp-content\/uploads\/2026\/04\/Lied-the-Future-Bruno-Meichsner-i-George-Needham-portada.png\" class=\"attachment-full size-full wp-image-10634\" alt=\"\" srcset=\"https:\/\/fundacioferrermusica.org\/wp-content\/uploads\/2026\/04\/Lied-the-Future-Bruno-Meichsner-i-George-Needham-portada.png 500w, https:\/\/fundacioferrermusica.org\/wp-content\/uploads\/2026\/04\/Lied-the-Future-Bruno-Meichsner-i-George-Needham-portada-285x300.png 285w\" sizes=\"(max-width: 500px) 100vw, 500px\" \/><\/a>\n\t\t\t\t\t<\/div>\n\t\t\n\t\t\t\n\t\t\t<div class=\"uael-post__content-wrap uael-content-wrap-disabled\">\n\t\t\t\t\t\t\t<div class=\"uael-post__terms-wrap\"><span class=\"uael-post__terms\"><span class=\"uael-listing__terms-link\">Musical excellency<\/span><\/span><\/div>\n\t\t\t\t\n\t\t<div class=\"uael-post__excerpt\">\n\t\t\tWe speak with one of the ...\t\t<\/div>\n\n\t\t\t\t\t<\/div>\n\t\t\t\n\t\t<\/div>\n\t\t\n\t<\/div>\n\n<\/div>\n\n<div class=\"uael-post-wrapper   musical-excellency news \">\n\t<div class=\"uael-post__bg-wrap uael-bg-wrap-disabled \">\n\n\t\t\t\t\n\t\t<div class=\"uael-post__inner-wrap uael-inner-wrap-disabled\">\n\n\t\t\t\t<div class=\"uael-post__thumbnail\">\n\t\t\t\n\t\t\t<a href=\"https:\/\/fundacioferrermusica.org\/en\/students-from-the-primary-and-secondary-music-programme-take-part-in-liceu-familiar\/\" target=\"_self\" title=\"Students from the Primary and Secondary Music Programme take part in Liceu Familiar\"><img loading=\"lazy\" decoding=\"async\" width=\"500\" height=\"526\" src=\"https:\/\/fundacioferrermusica.org\/wp-content\/uploads\/2026\/03\/Liceu-Familiar-portada.png\" class=\"attachment-full size-full wp-image-10580\" alt=\"\" srcset=\"https:\/\/fundacioferrermusica.org\/wp-content\/uploads\/2026\/03\/Liceu-Familiar-portada.png 500w, https:\/\/fundacioferrermusica.org\/wp-content\/uploads\/2026\/03\/Liceu-Familiar-portada-285x300.png 285w\" sizes=\"(max-width: 500px) 100vw, 500px\" \/><\/a>\n\t\t\t\t\t<\/div>\n\t\t\n\t\t\t\n\t\t\t<div class=\"uael-post__content-wrap uael-content-wrap-disabled\">\n\t\t\t\t\t\t\t<div class=\"uael-post__terms-wrap\"><span class=\"uael-post__terms\"><span class=\"uael-listing__terms-link\">Musical excellency<\/span><\/span><\/div>\n\t\t\t\t\n\t\t<div class=\"uael-post__excerpt\">\n\t\t\tStudents from the Primary and Secondary ...\t\t<\/div>\n\n\t\t\t\t\t<\/div>\n\t\t\t\n\t\t<\/div>\n\t\t\n\t<\/div>\n\n<\/div>\n\n<div class=\"uael-post-wrapper   musical-excellency news \">\n\t<div class=\"uael-post__bg-wrap uael-bg-wrap-disabled \">\n\n\t\t\t\t\n\t\t<div class=\"uael-post__inner-wrap uael-inner-wrap-disabled\">\n\n\t\t\t\t<div class=\"uael-post__thumbnail\">\n\t\t\t\n\t\t\t<a href=\"https:\/\/fundacioferrermusica.org\/en\/impulsem-el-talent-emergent-amb-el-premi-extraordinari-del-concurs-tenor-vinas-2026\/\" target=\"_self\" title=\"We promote emerging talent through the Extraordinary Prize of the Tenor Vi\u00f1as Contest 2026\"><img loading=\"lazy\" decoding=\"async\" width=\"500\" height=\"526\" src=\"https:\/\/fundacioferrermusica.org\/wp-content\/uploads\/2026\/03\/Portada-web-Tenor-Vinas.png\" class=\"attachment-full size-full wp-image-10520\" alt=\"\" srcset=\"https:\/\/fundacioferrermusica.org\/wp-content\/uploads\/2026\/03\/Portada-web-Tenor-Vinas.png 500w, https:\/\/fundacioferrermusica.org\/wp-content\/uploads\/2026\/03\/Portada-web-Tenor-Vinas-285x300.png 285w\" sizes=\"(max-width: 500px) 100vw, 500px\" \/><\/a>\n\t\t\t\t\t<\/div>\n\t\t\n\t\t\t\n\t\t\t<div class=\"uael-post__content-wrap uael-content-wrap-disabled\">\n\t\t\t\t\t\t\t<div class=\"uael-post__terms-wrap\"><span class=\"uael-post__terms\"><span class=\"uael-listing__terms-link\">Musical excellency<\/span><\/span><\/div>\n\t\t\t\t\n\t\t<div class=\"uael-post__excerpt\">\n\t\t\tWe promote emerging talent through the ...\t\t<\/div>\n\n\t\t\t\t\t<\/div>\n\t\t\t\n\t\t<\/div>\n\t\t\n\t<\/div>\n\n<\/div>\n\n<div class=\"uael-post-wrapper   musical-excellency news \">\n\t<div class=\"uael-post__bg-wrap uael-bg-wrap-disabled \">\n\n\t\t\t\t\n\t\t<div class=\"uael-post__inner-wrap uael-inner-wrap-disabled\">\n\n\t\t\t\t<div class=\"uael-post__thumbnail\">\n\t\t\t\n\t\t\t<a href=\"https:\/\/fundacioferrermusica.org\/en\/lied-the-future-presents-its-programme-at-the-schubertiada\/\" target=\"_self\" title=\"Lied the Future presents its programme at the Schubert\u00edada\"><img loading=\"lazy\" decoding=\"async\" width=\"500\" height=\"526\" src=\"https:\/\/fundacioferrermusica.org\/wp-content\/uploads\/2026\/03\/Portada-web-Schubertiada.png\" class=\"attachment-full size-full wp-image-10547\" alt=\"\" srcset=\"https:\/\/fundacioferrermusica.org\/wp-content\/uploads\/2026\/03\/Portada-web-Schubertiada.png 500w, https:\/\/fundacioferrermusica.org\/wp-content\/uploads\/2026\/03\/Portada-web-Schubertiada-285x300.png 285w\" sizes=\"(max-width: 500px) 100vw, 500px\" \/><\/a>\n\t\t\t\t\t<\/div>\n\t\t\n\t\t\t\n\t\t\t<div class=\"uael-post__content-wrap uael-content-wrap-disabled\">\n\t\t\t\t\t\t\t<div class=\"uael-post__terms-wrap\"><span class=\"uael-post__terms\"><span class=\"uael-listing__terms-link\">Musical excellency<\/span><\/span><\/div>\n\t\t\t\t\n\t\t<div class=\"uael-post__excerpt\">\n\t\t\tLied the Future presents its programme ...\t\t<\/div>\n\n\t\t\t\t\t<\/div>\n\t\t\t\n\t\t<\/div>\n\t\t\n\t<\/div>\n\n<\/div>\n\t\t\t\t<\/div>\n\t\t\t\t\t\t\n\t\t<\/div>\n\n\t\t\t\t\t\t<\/div>\n\t\t<div class=\"uael-post__footer\">\n\t\t\t\t\t<\/div>\n\t\t\t\t\t\t<\/div>\n\t\t\t\t<\/div>\n\t\t\t\t\t<\/div>\n\t\t<\/div>\n\t\t\t\t\t<\/div>\n\t\t<\/section>\n\t\t\t\t<\/div>\n\t\t","protected":false},"excerpt":{"rendered":"<p>Major agreement between The Foundation, the Liceu Conservatory and the Gran Teatre del Liceu The Ferrer-Salat Music Foundation, the Liceu Conservatory, and the Gran Teatre del Liceu sign a collaboration agreement to promote young talent. On November 22, the Ferrer-Salat Music Foundation, the Liceu Conservatory and the Gran Teatre del Liceu signed a collaboration agreement [&hellip;]<\/p>\n","protected":false},"author":2,"featured_media":1680,"comment_status":"closed","ping_status":"closed","sticky":false,"template":"","format":"standard","meta":{"site-sidebar-layout":"default","site-content-layout":"","ast-site-content-layout":"default","site-content-style":"default","site-sidebar-style":"default","ast-global-header-display":"","ast-banner-title-visibility":"","ast-main-header-display":"","ast-hfb-above-header-display":"","ast-hfb-below-header-display":"","ast-hfb-mobile-header-display":"","site-post-title":"","ast-breadcrumbs-content":"","ast-featured-img":"","footer-sml-layout":"","ast-disable-related-posts":"","theme-transparent-header-meta":"","adv-header-id-meta":"","stick-header-meta":"","header-above-stick-meta":"","header-main-stick-meta":"","header-below-stick-meta":"","astra-migrate-meta-layouts":"default","ast-page-background-enabled":"default","ast-page-background-meta":{"desktop":{"background-color":"var(--ast-global-color-4)","background-image":"","background-repeat":"repeat","background-position":"center center","background-size":"auto","background-attachment":"scroll","background-type":"","background-media":"","overlay-type":"","overlay-color":"","overlay-opacity":"","overlay-gradient":""},"tablet":{"background-color":"","background-image":"","background-repeat":"repeat","background-position":"center center","background-size":"auto","background-attachment":"scroll","background-type":"","background-media":"","overlay-type":"","overlay-color":"","overlay-opacity":"","overlay-gradient":""},"mobile":{"background-color":"","background-image":"","background-repeat":"repeat","background-position":"center center","background-size":"auto","background-attachment":"scroll","background-type":"","background-media":"","overlay-type":"","overlay-color":"","overlay-opacity":"","overlay-gradient":""}},"ast-content-background-meta":{"desktop":{"background-color":"var(--ast-global-color-5)","background-image":"","background-repeat":"repeat","background-position":"center center","background-size":"auto","background-attachment":"scroll","background-type":"","background-media":"","overlay-type":"","overlay-color":"","overlay-opacity":"","overlay-gradient":""},"tablet":{"background-color":"var(--ast-global-color-5)","background-image":"","background-repeat":"repeat","background-position":"center center","background-size":"auto","background-attachment":"scroll","background-type":"","background-media":"","overlay-type":"","overlay-color":"","overlay-opacity":"","overlay-gradient":""},"mobile":{"background-color":"var(--ast-global-color-5)","background-image":"","background-repeat":"repeat","background-position":"center center","background-size":"auto","background-attachment":"scroll","background-type":"","background-media":"","overlay-type":"","overlay-color":"","overlay-opacity":"","overlay-gradient":""}},"footnotes":""},"categories":[41],"tags":[],"class_list":["post-3084","post","type-post","status-publish","format-standard","has-post-thumbnail","hentry","category-excellency"],"yoast_head":"<!-- This site is optimized with the Yoast SEO plugin v27.2 - https:\/\/yoast.com\/product\/yoast-seo-wordpress\/ -->\n<title>Major agreement between The Foundation, the Liceu Conservatory and the Gran Teatre del Liceu - Fundaci\u00f3 de M\u00fasica Ferrer-Salat<\/title>\n<meta name=\"robots\" content=\"index, follow, max-snippet:-1, max-image-preview:large, max-video-preview:-1\" \/>\n<link rel=\"canonical\" href=\"https:\/\/fundacioferrermusica.org\/en\/major-agreement-between-foundation-liceu-conservatory-gran-teatre-liceu\/\" \/>\n<meta property=\"og:locale\" content=\"en_US\" \/>\n<meta property=\"og:type\" content=\"article\" \/>\n<meta property=\"og:title\" content=\"Major agreement between The Foundation, the Liceu Conservatory and the Gran Teatre del Liceu - Fundaci\u00f3 de M\u00fasica Ferrer-Salat\" \/>\n<meta property=\"og:description\" content=\"Major agreement between The Foundation, the Liceu Conservatory and the Gran Teatre del Liceu The Ferrer-Salat Music Foundation, the Liceu Conservatory, and the Gran Teatre del Liceu sign a collaboration agreement to promote young talent. On November 22, the Ferrer-Salat Music Foundation, the Liceu Conservatory and the Gran Teatre del Liceu signed a collaboration agreement [&hellip;]\" \/>\n<meta property=\"og:url\" content=\"https:\/\/fundacioferrermusica.org\/en\/major-agreement-between-foundation-liceu-conservatory-gran-teatre-liceu\/\" \/>\n<meta property=\"og:site_name\" content=\"Fundaci\u00f3 de M\u00fasica Ferrer-Salat\" \/>\n<meta property=\"article:published_time\" content=\"2021-12-03T10:55:00+00:00\" \/>\n<meta property=\"article:modified_time\" content=\"2023-02-21T17:38:16+00:00\" \/>\n<meta property=\"og:image\" content=\"https:\/\/fundacioferrermusica.org\/wp-content\/uploads\/2021\/12\/3.1.jpg\" \/>\n\t<meta property=\"og:image:width\" content=\"500\" \/>\n\t<meta property=\"og:image:height\" content=\"525\" \/>\n\t<meta property=\"og:image:type\" content=\"image\/jpeg\" \/>\n<meta name=\"author\" content=\"Silvia\" \/>\n<meta name=\"twitter:card\" content=\"summary_large_image\" \/>\n<meta name=\"twitter:label1\" content=\"Written by\" \/>\n\t<meta name=\"twitter:data1\" content=\"Silvia\" \/>\n\t<meta name=\"twitter:label2\" content=\"Est. reading time\" \/>\n\t<meta name=\"twitter:data2\" content=\"2 minutes\" \/>\n<script type=\"application\/ld+json\" class=\"yoast-schema-graph\">{\"@context\":\"https:\/\/schema.org\",\"@graph\":[{\"@type\":\"Article\",\"@id\":\"https:\/\/fundacioferrermusica.org\/en\/major-agreement-between-foundation-liceu-conservatory-gran-teatre-liceu\/#article\",\"isPartOf\":{\"@id\":\"https:\/\/fundacioferrermusica.org\/en\/major-agreement-between-foundation-liceu-conservatory-gran-teatre-liceu\/\"},\"author\":{\"name\":\"Silvia\",\"@id\":\"https:\/\/fundacioferrermusica.org\/#\/schema\/person\/1a15ceaaee27c5702264554ef1586fc5\"},\"headline\":\"Major agreement between The Foundation, the Liceu Conservatory and the Gran Teatre del Liceu\",\"datePublished\":\"2021-12-03T10:55:00+00:00\",\"dateModified\":\"2023-02-21T17:38:16+00:00\",\"mainEntityOfPage\":{\"@id\":\"https:\/\/fundacioferrermusica.org\/en\/major-agreement-between-foundation-liceu-conservatory-gran-teatre-liceu\/\"},\"wordCount\":330,\"publisher\":{\"@id\":\"https:\/\/fundacioferrermusica.org\/#organization\"},\"image\":{\"@id\":\"https:\/\/fundacioferrermusica.org\/en\/major-agreement-between-foundation-liceu-conservatory-gran-teatre-liceu\/#primaryimage\"},\"thumbnailUrl\":\"https:\/\/fundacioferrermusica.org\/wp-content\/uploads\/2021\/12\/3.1.jpg\",\"articleSection\":[\"Excellency\"],\"inLanguage\":\"en-US\"},{\"@type\":\"WebPage\",\"@id\":\"https:\/\/fundacioferrermusica.org\/en\/major-agreement-between-foundation-liceu-conservatory-gran-teatre-liceu\/\",\"url\":\"https:\/\/fundacioferrermusica.org\/en\/major-agreement-between-foundation-liceu-conservatory-gran-teatre-liceu\/\",\"name\":\"Major agreement between The Foundation, the Liceu Conservatory and the Gran Teatre del Liceu - Fundaci\u00f3 de M\u00fasica Ferrer-Salat\",\"isPartOf\":{\"@id\":\"https:\/\/fundacioferrermusica.org\/#website\"},\"primaryImageOfPage\":{\"@id\":\"https:\/\/fundacioferrermusica.org\/en\/major-agreement-between-foundation-liceu-conservatory-gran-teatre-liceu\/#primaryimage\"},\"image\":{\"@id\":\"https:\/\/fundacioferrermusica.org\/en\/major-agreement-between-foundation-liceu-conservatory-gran-teatre-liceu\/#primaryimage\"},\"thumbnailUrl\":\"https:\/\/fundacioferrermusica.org\/wp-content\/uploads\/2021\/12\/3.1.jpg\",\"datePublished\":\"2021-12-03T10:55:00+00:00\",\"dateModified\":\"2023-02-21T17:38:16+00:00\",\"breadcrumb\":{\"@id\":\"https:\/\/fundacioferrermusica.org\/en\/major-agreement-between-foundation-liceu-conservatory-gran-teatre-liceu\/#breadcrumb\"},\"inLanguage\":\"en-US\",\"potentialAction\":[{\"@type\":\"ReadAction\",\"target\":[\"https:\/\/fundacioferrermusica.org\/en\/major-agreement-between-foundation-liceu-conservatory-gran-teatre-liceu\/\"]}]},{\"@type\":\"ImageObject\",\"inLanguage\":\"en-US\",\"@id\":\"https:\/\/fundacioferrermusica.org\/en\/major-agreement-between-foundation-liceu-conservatory-gran-teatre-liceu\/#primaryimage\",\"url\":\"https:\/\/fundacioferrermusica.org\/wp-content\/uploads\/2021\/12\/3.1.jpg\",\"contentUrl\":\"https:\/\/fundacioferrermusica.org\/wp-content\/uploads\/2021\/12\/3.1.jpg\",\"width\":500,\"height\":525,\"caption\":\"Gran acord entre la fundaci\u00f3, el conservatori del Liceu i el gran teatre del Liceu\"},{\"@type\":\"BreadcrumbList\",\"@id\":\"https:\/\/fundacioferrermusica.org\/en\/major-agreement-between-foundation-liceu-conservatory-gran-teatre-liceu\/#breadcrumb\",\"itemListElement\":[{\"@type\":\"ListItem\",\"position\":1,\"name\":\"Inici\",\"item\":\"https:\/\/fundacioferrermusica.org\/\"},{\"@type\":\"ListItem\",\"position\":2,\"name\":\"Major agreement between The Foundation, the Liceu Conservatory and the Gran Teatre del Liceu\"}]},{\"@type\":\"WebSite\",\"@id\":\"https:\/\/fundacioferrermusica.org\/#website\",\"url\":\"https:\/\/fundacioferrermusica.org\/\",\"name\":\"Fundaci\u00f3 de M\u00fasica Ferrer-Salat\",\"description\":\"40 anys generant oportunitats a trav\u00e9s de la m\u00fasica\",\"publisher\":{\"@id\":\"https:\/\/fundacioferrermusica.org\/#organization\"},\"potentialAction\":[{\"@type\":\"SearchAction\",\"target\":{\"@type\":\"EntryPoint\",\"urlTemplate\":\"https:\/\/fundacioferrermusica.org\/?s={search_term_string}\"},\"query-input\":{\"@type\":\"PropertyValueSpecification\",\"valueRequired\":true,\"valueName\":\"search_term_string\"}}],\"inLanguage\":\"en-US\"},{\"@type\":\"Organization\",\"@id\":\"https:\/\/fundacioferrermusica.org\/#organization\",\"name\":\"Fundaci\u00f3 de M\u00fasica Ferrer-Salat\",\"url\":\"https:\/\/fundacioferrermusica.org\/\",\"logo\":{\"@type\":\"ImageObject\",\"inLanguage\":\"en-US\",\"@id\":\"https:\/\/fundacioferrermusica.org\/#\/schema\/logo\/image\/\",\"url\":\"https:\/\/fundacioferrermusica.org\/wp-content\/uploads\/2022\/06\/cropped-FundacioMusicaFerrerSalat.png\",\"contentUrl\":\"https:\/\/fundacioferrermusica.org\/wp-content\/uploads\/2022\/06\/cropped-FundacioMusicaFerrerSalat.png\",\"width\":160,\"height\":53,\"caption\":\"Fundaci\u00f3 de M\u00fasica Ferrer-Salat\"},\"image\":{\"@id\":\"https:\/\/fundacioferrermusica.org\/#\/schema\/logo\/image\/\"}},{\"@type\":\"Person\",\"@id\":\"https:\/\/fundacioferrermusica.org\/#\/schema\/person\/1a15ceaaee27c5702264554ef1586fc5\",\"name\":\"Silvia\",\"image\":{\"@type\":\"ImageObject\",\"inLanguage\":\"en-US\",\"@id\":\"https:\/\/secure.gravatar.com\/avatar\/c983b2b5cf3438b42ddec5b84c6fd1dc52a731c5c7aea49cbb82713e6be27ffb?s=96&d=mm&r=g\",\"url\":\"https:\/\/secure.gravatar.com\/avatar\/c983b2b5cf3438b42ddec5b84c6fd1dc52a731c5c7aea49cbb82713e6be27ffb?s=96&d=mm&r=g\",\"contentUrl\":\"https:\/\/secure.gravatar.com\/avatar\/c983b2b5cf3438b42ddec5b84c6fd1dc52a731c5c7aea49cbb82713e6be27ffb?s=96&d=mm&r=g\",\"caption\":\"Silvia\"},\"url\":\"https:\/\/fundacioferrermusica.org\/en\/author\/silvia\/\"}]}<\/script>\n<!-- \/ Yoast SEO plugin. -->","yoast_head_json":{"title":"Major agreement between The Foundation, the Liceu Conservatory and the Gran Teatre del Liceu - Fundaci\u00f3 de M\u00fasica Ferrer-Salat","robots":{"index":"index","follow":"follow","max-snippet":"max-snippet:-1","max-image-preview":"max-image-preview:large","max-video-preview":"max-video-preview:-1"},"canonical":"https:\/\/fundacioferrermusica.org\/en\/major-agreement-between-foundation-liceu-conservatory-gran-teatre-liceu\/","og_locale":"en_US","og_type":"article","og_title":"Major agreement between The Foundation, the Liceu Conservatory and the Gran Teatre del Liceu - Fundaci\u00f3 de M\u00fasica Ferrer-Salat","og_description":"Major agreement between The Foundation, the Liceu Conservatory and the Gran Teatre del Liceu The Ferrer-Salat Music Foundation, the Liceu Conservatory, and the Gran Teatre del Liceu sign a collaboration agreement to promote young talent. On November 22, the Ferrer-Salat Music Foundation, the Liceu Conservatory and the Gran Teatre del Liceu signed a collaboration agreement [&hellip;]","og_url":"https:\/\/fundacioferrermusica.org\/en\/major-agreement-between-foundation-liceu-conservatory-gran-teatre-liceu\/","og_site_name":"Fundaci\u00f3 de M\u00fasica Ferrer-Salat","article_published_time":"2021-12-03T10:55:00+00:00","article_modified_time":"2023-02-21T17:38:16+00:00","og_image":[{"width":500,"height":525,"url":"https:\/\/fundacioferrermusica.org\/wp-content\/uploads\/2021\/12\/3.1.jpg","type":"image\/jpeg"}],"author":"Silvia","twitter_card":"summary_large_image","twitter_misc":{"Written by":"Silvia","Est. reading time":"2 minutes"},"schema":{"@context":"https:\/\/schema.org","@graph":[{"@type":"Article","@id":"https:\/\/fundacioferrermusica.org\/en\/major-agreement-between-foundation-liceu-conservatory-gran-teatre-liceu\/#article","isPartOf":{"@id":"https:\/\/fundacioferrermusica.org\/en\/major-agreement-between-foundation-liceu-conservatory-gran-teatre-liceu\/"},"author":{"name":"Silvia","@id":"https:\/\/fundacioferrermusica.org\/#\/schema\/person\/1a15ceaaee27c5702264554ef1586fc5"},"headline":"Major agreement between The Foundation, the Liceu Conservatory and the Gran Teatre del Liceu","datePublished":"2021-12-03T10:55:00+00:00","dateModified":"2023-02-21T17:38:16+00:00","mainEntityOfPage":{"@id":"https:\/\/fundacioferrermusica.org\/en\/major-agreement-between-foundation-liceu-conservatory-gran-teatre-liceu\/"},"wordCount":330,"publisher":{"@id":"https:\/\/fundacioferrermusica.org\/#organization"},"image":{"@id":"https:\/\/fundacioferrermusica.org\/en\/major-agreement-between-foundation-liceu-conservatory-gran-teatre-liceu\/#primaryimage"},"thumbnailUrl":"https:\/\/fundacioferrermusica.org\/wp-content\/uploads\/2021\/12\/3.1.jpg","articleSection":["Excellency"],"inLanguage":"en-US"},{"@type":"WebPage","@id":"https:\/\/fundacioferrermusica.org\/en\/major-agreement-between-foundation-liceu-conservatory-gran-teatre-liceu\/","url":"https:\/\/fundacioferrermusica.org\/en\/major-agreement-between-foundation-liceu-conservatory-gran-teatre-liceu\/","name":"Major agreement between The Foundation, the Liceu Conservatory and the Gran Teatre del Liceu - Fundaci\u00f3 de M\u00fasica Ferrer-Salat","isPartOf":{"@id":"https:\/\/fundacioferrermusica.org\/#website"},"primaryImageOfPage":{"@id":"https:\/\/fundacioferrermusica.org\/en\/major-agreement-between-foundation-liceu-conservatory-gran-teatre-liceu\/#primaryimage"},"image":{"@id":"https:\/\/fundacioferrermusica.org\/en\/major-agreement-between-foundation-liceu-conservatory-gran-teatre-liceu\/#primaryimage"},"thumbnailUrl":"https:\/\/fundacioferrermusica.org\/wp-content\/uploads\/2021\/12\/3.1.jpg","datePublished":"2021-12-03T10:55:00+00:00","dateModified":"2023-02-21T17:38:16+00:00","breadcrumb":{"@id":"https:\/\/fundacioferrermusica.org\/en\/major-agreement-between-foundation-liceu-conservatory-gran-teatre-liceu\/#breadcrumb"},"inLanguage":"en-US","potentialAction":[{"@type":"ReadAction","target":["https:\/\/fundacioferrermusica.org\/en\/major-agreement-between-foundation-liceu-conservatory-gran-teatre-liceu\/"]}]},{"@type":"ImageObject","inLanguage":"en-US","@id":"https:\/\/fundacioferrermusica.org\/en\/major-agreement-between-foundation-liceu-conservatory-gran-teatre-liceu\/#primaryimage","url":"https:\/\/fundacioferrermusica.org\/wp-content\/uploads\/2021\/12\/3.1.jpg","contentUrl":"https:\/\/fundacioferrermusica.org\/wp-content\/uploads\/2021\/12\/3.1.jpg","width":500,"height":525,"caption":"Gran acord entre la fundaci\u00f3, el conservatori del Liceu i el gran teatre del Liceu"},{"@type":"BreadcrumbList","@id":"https:\/\/fundacioferrermusica.org\/en\/major-agreement-between-foundation-liceu-conservatory-gran-teatre-liceu\/#breadcrumb","itemListElement":[{"@type":"ListItem","position":1,"name":"Inici","item":"https:\/\/fundacioferrermusica.org\/"},{"@type":"ListItem","position":2,"name":"Major agreement between The Foundation, the Liceu Conservatory and the Gran Teatre del Liceu"}]},{"@type":"WebSite","@id":"https:\/\/fundacioferrermusica.org\/#website","url":"https:\/\/fundacioferrermusica.org\/","name":"Fundaci\u00f3 de M\u00fasica Ferrer-Salat","description":"40 anys generant oportunitats a trav\u00e9s de la m\u00fasica","publisher":{"@id":"https:\/\/fundacioferrermusica.org\/#organization"},"potentialAction":[{"@type":"SearchAction","target":{"@type":"EntryPoint","urlTemplate":"https:\/\/fundacioferrermusica.org\/?s={search_term_string}"},"query-input":{"@type":"PropertyValueSpecification","valueRequired":true,"valueName":"search_term_string"}}],"inLanguage":"en-US"},{"@type":"Organization","@id":"https:\/\/fundacioferrermusica.org\/#organization","name":"Fundaci\u00f3 de M\u00fasica Ferrer-Salat","url":"https:\/\/fundacioferrermusica.org\/","logo":{"@type":"ImageObject","inLanguage":"en-US","@id":"https:\/\/fundacioferrermusica.org\/#\/schema\/logo\/image\/","url":"https:\/\/fundacioferrermusica.org\/wp-content\/uploads\/2022\/06\/cropped-FundacioMusicaFerrerSalat.png","contentUrl":"https:\/\/fundacioferrermusica.org\/wp-content\/uploads\/2022\/06\/cropped-FundacioMusicaFerrerSalat.png","width":160,"height":53,"caption":"Fundaci\u00f3 de M\u00fasica Ferrer-Salat"},"image":{"@id":"https:\/\/fundacioferrermusica.org\/#\/schema\/logo\/image\/"}},{"@type":"Person","@id":"https:\/\/fundacioferrermusica.org\/#\/schema\/person\/1a15ceaaee27c5702264554ef1586fc5","name":"Silvia","image":{"@type":"ImageObject","inLanguage":"en-US","@id":"https:\/\/secure.gravatar.com\/avatar\/c983b2b5cf3438b42ddec5b84c6fd1dc52a731c5c7aea49cbb82713e6be27ffb?s=96&d=mm&r=g","url":"https:\/\/secure.gravatar.com\/avatar\/c983b2b5cf3438b42ddec5b84c6fd1dc52a731c5c7aea49cbb82713e6be27ffb?s=96&d=mm&r=g","contentUrl":"https:\/\/secure.gravatar.com\/avatar\/c983b2b5cf3438b42ddec5b84c6fd1dc52a731c5c7aea49cbb82713e6be27ffb?s=96&d=mm&r=g","caption":"Silvia"},"url":"https:\/\/fundacioferrermusica.org\/en\/author\/silvia\/"}]}},"_links":{"self":[{"href":"https:\/\/fundacioferrermusica.org\/en\/wp-json\/wp\/v2\/posts\/3084","targetHints":{"allow":["GET"]}}],"collection":[{"href":"https:\/\/fundacioferrermusica.org\/en\/wp-json\/wp\/v2\/posts"}],"about":[{"href":"https:\/\/fundacioferrermusica.org\/en\/wp-json\/wp\/v2\/types\/post"}],"author":[{"embeddable":true,"href":"https:\/\/fundacioferrermusica.org\/en\/wp-json\/wp\/v2\/users\/2"}],"replies":[{"embeddable":true,"href":"https:\/\/fundacioferrermusica.org\/en\/wp-json\/wp\/v2\/comments?post=3084"}],"version-history":[{"count":24,"href":"https:\/\/fundacioferrermusica.org\/en\/wp-json\/wp\/v2\/posts\/3084\/revisions"}],"predecessor-version":[{"id":5717,"href":"https:\/\/fundacioferrermusica.org\/en\/wp-json\/wp\/v2\/posts\/3084\/revisions\/5717"}],"wp:featuredmedia":[{"embeddable":true,"href":"https:\/\/fundacioferrermusica.org\/en\/wp-json\/wp\/v2\/media\/1680"}],"wp:attachment":[{"href":"https:\/\/fundacioferrermusica.org\/en\/wp-json\/wp\/v2\/media?parent=3084"}],"wp:term":[{"taxonomy":"category","embeddable":true,"href":"https:\/\/fundacioferrermusica.org\/en\/wp-json\/wp\/v2\/categories?post=3084"},{"taxonomy":"post_tag","embeddable":true,"href":"https:\/\/fundacioferrermusica.org\/en\/wp-json\/wp\/v2\/tags?post=3084"}],"curies":[{"name":"wp","href":"https:\/\/api.w.org\/{rel}","templated":true}]}}